{"id":1002,"date":"2019-07-26T14:34:09","date_gmt":"2019-07-26T14:34:09","guid":{"rendered":"http:\/\/gemeindebuechereikastl.de\/?p=1002"},"modified":"2019-07-29T15:30:26","modified_gmt":"2019-07-29T15:30:26","slug":"die-fleissigsten-leser-im-antolin-programm-ausgezeichnet","status":"publish","type":"post","link":"https:\/\/gemeindebuechereikastl.de\/?p=1002","title":{"rendered":"Die flei\u00dfigsten Leser im Antolin Programm ausgezeichnet"},"content":{"rendered":"<h2 style=\"text-align: center;\"><span style=\"color: #ff6600;\">Donnerstag, 25. Juli ~ Im Rahmen der Schulentlassfeier wurden die flei\u00dfigsten Leser ausgezeichnet<\/span><\/h2>\n<p><img loading=\"lazy\" decoding=\"async\" class=\"aligncenter wp-image-1003 size-large\" src=\"https:\/\/gemeindebuechereikastl.de\/wp-content\/uploads\/2019\/07\/Kastler-Vielleser-1024x804.jpg\" alt=\"\" width=\"750\" height=\"589\" srcset=\"https:\/\/gemeindebuechereikastl.de\/wp-content\/uploads\/2019\/07\/Kastler-Vielleser-1024x804.jpg 1024w, https:\/\/gemeindebuechereikastl.de\/wp-content\/uploads\/2019\/07\/Kastler-Vielleser-300x236.jpg 300w, https:\/\/gemeindebuechereikastl.de\/wp-content\/uploads\/2019\/07\/Kastler-Vielleser-768x603.jpg 768w\" sizes=\"auto, (max-width: 750px) 100vw, 750px\" \/><\/p>\n<p>Viele flei\u00dfige Leser gab es bei der Schulabschlussfeier der Seyfried-Schweppermann-Schule Kastl die\u00a0 ausgezeichnet wurden. Seit vielen Jahren nutzt die Seyfried-Schweppermann-Schule Kastl das Leseprogramm &#8222;Antolin&#8220;, Unterst\u00fctzt von der Gemeindeb\u00fccherei Kastl wo reichlich B\u00fccher des Antolin Programmes f\u00fcr die Kinder vorhanden sind.<\/p>\n<p>Mit Hilfe des Leseprogramms &#8222;Antolin&#8220; konnten die Sch\u00fclerinnen und Sch\u00fcler der Seyfried-Schweppermann-Schule ihr Leseverst\u00e4ndnis sowie den Lesefluss ausbauen. So funktioniert Antolin: Die Kinder besorgen sich B\u00fccher aus der Gemeindeb\u00fccherei Kastl, lesen diese B\u00fccher, beantworteten Fragen dazu und bekamen daf\u00fcr Punkte.<\/p>\n<p>Bei der Preisverleihung erhielten die drei Sch\u00fcler\/innen \u00a0mit den meisten Punkten aus jeder Jahrgangsstufe eine Urkunde. Als Anerkennung f\u00fcr den gro\u00dfen Leseflei\u00df erhielten die flei\u00dfigsten Leser\/in jeder Jahrgangsstufe von der Gemeindeb\u00fccherei Kastl zus\u00e4tzlich\u00a0 ein Buch f\u00fcr die\/den beste\/n und f\u00fcr die beiden 2. und 3. Platzierten jeweils einen Gutschein f\u00fcr eine Jahreskarte in der Kastler Gemeindeb\u00fccherei von der stellvertretende B\u00fcchereileiterin Kathrin Fuchs \u00fcberreicht.<\/p>\n<p><strong>Die Besten Leser bei &#8222;Antolin&#8220;:<br \/>\n1. Jahrgangsstufe: 1. Marie Graml \u00a0\/ 2. Jakob Wiesner \/ 3. Laura Hierreth<br \/>\n2. Jahrgangsstufe: 1. Franz Elia \/ 2. Marie Ibler \/\u00a03. Geitner Simon<br \/>\n3. Jahrgangsstufe: 1. Leopold Cario \/ 2. Simon Krieger \/ 3. Julian Sies<br \/>\n4. Jahrgangsstufe: 1. Maira Lutter \/ 2. Michael Lautenschl\u00e4ger \/ 3. Lea Kremser<\/strong><\/p>\n","protected":false},"excerpt":{"rendered":"<p>Donnerstag, 25. Juli ~ Im Rahmen der Schulentlassfeier wurden die flei\u00dfigsten Leser ausgezeichnet Viele flei\u00dfige Leser gab es bei der Schulabschlussfeier der Seyfried-Schweppermann-Schule Kastl die\u00a0 ausgezeichnet wurden. Seit vielen Jahren nutzt die Seyfried-Schweppermann-Schule Kastl das Leseprogramm &#8222;Antolin&#8220;, Unterst\u00fctzt von der Gemeindeb\u00fccherei Kastl wo reichlich B\u00fccher des Antolin Programmes f\u00fcr die Kinder vorhanden sind. Mit Hilfe &hellip; <\/p>\n<p><a class=\"more-link btn\" href=\"https:\/\/gemeindebuechereikastl.de\/?p=1002\">Weiterlesen<\/a><\/p>\n","protected":false},"author":1,"featured_media":0,"comment_status":"closed","ping_status":"closed","sticky":false,"template":"","format":"standard","meta":{"footnotes":""},"categories":[5],"tags":[119,118],"class_list":["post-1002","post","type-post","status-publish","format-standard","hentry","category-news","tag-antolin","tag-lesen","item-wrap"],"_links":{"self":[{"href":"https:\/\/gemeindebuechereikastl.de\/index.php?rest_route=\/wp\/v2\/posts\/1002","targetHints":{"allow":["GET"]}}],"collection":[{"href":"https:\/\/gemeindebuechereikastl.de\/index.php?rest_route=\/wp\/v2\/posts"}],"about":[{"href":"https:\/\/gemeindebuechereikastl.de\/index.php?rest_route=\/wp\/v2\/types\/post"}],"author":[{"embeddable":true,"href":"https:\/\/gemeindebuechereikastl.de\/index.php?rest_route=\/wp\/v2\/users\/1"}],"replies":[{"embeddable":true,"href":"https:\/\/gemeindebuechereikastl.de\/index.php?rest_route=%2Fwp%2Fv2%2Fcomments&post=1002"}],"version-history":[{"count":6,"href":"https:\/\/gemeindebuechereikastl.de\/index.php?rest_route=\/wp\/v2\/posts\/1002\/revisions"}],"predecessor-version":[{"id":1011,"href":"https:\/\/gemeindebuechereikastl.de\/index.php?rest_route=\/wp\/v2\/posts\/1002\/revisions\/1011"}],"wp:attachment":[{"href":"https:\/\/gemeindebuechereikastl.de\/index.php?rest_route=%2Fwp%2Fv2%2Fmedia&parent=1002"}],"wp:term":[{"taxonomy":"category","embeddable":true,"href":"https:\/\/gemeindebuechereikastl.de\/index.php?rest_route=%2Fwp%2Fv2%2Fcategories&post=1002"},{"taxonomy":"post_tag","embeddable":true,"href":"https:\/\/gemeindebuechereikastl.de\/index.php?rest_route=%2Fwp%2Fv2%2Ftags&post=1002"}],"curies":[{"name":"wp","href":"https:\/\/api.w.org\/{rel}","templated":true}]}}