{"id":1066,"date":"2019-10-05T16:27:24","date_gmt":"2019-10-05T16:27:24","guid":{"rendered":"http:\/\/gemeindebuechereikastl.de\/?p=1066"},"modified":"2019-11-03T16:06:02","modified_gmt":"2019-11-03T16:06:02","slug":"tag-der-offenen-tuer-am-sonntag-27-okotber","status":"publish","type":"post","link":"https:\/\/gemeindebuechereikastl.de\/?p=1066","title":{"rendered":"Viele Besucher im Kastler B\u00fccher-Himmel und beim Kasperltheater am Tag der offenen T\u00fcr"},"content":{"rendered":"<h2 style=\"text-align: center;\"><span style=\"color: #ff6600;\">Sonntag, 27. Oktober\u00a0 &#8211; Tag der offenen T\u00fcr mit vielen\u00a0 neuen B\u00fcchern und Medien und begeisterten Kindern beim Kasperltheater <\/span><\/h2>\n<p><img loading=\"lazy\" decoding=\"async\" class=\"alignnone size-large wp-image-1087\" src=\"https:\/\/gemeindebuechereikastl.de\/wp-content\/uploads\/2019\/10\/interessiere-Besucher-1024x576.jpg\" alt=\"\" width=\"750\" height=\"422\" srcset=\"https:\/\/gemeindebuechereikastl.de\/wp-content\/uploads\/2019\/10\/interessiere-Besucher-1024x576.jpg 1024w, https:\/\/gemeindebuechereikastl.de\/wp-content\/uploads\/2019\/10\/interessiere-Besucher-300x169.jpg 300w, https:\/\/gemeindebuechereikastl.de\/wp-content\/uploads\/2019\/10\/interessiere-Besucher-768x432.jpg 768w\" sizes=\"auto, (max-width: 750px) 100vw, 750px\" \/><\/p>\n<p>Das Team der Gemeindeb\u00fccherei hatte zur Vorstellung von \u00fcber 350 neunen B\u00fcchern und Medien in den \u201eKastler B\u00fccher-Himmel\u201c eingeladen. Neben den vielen neuen und aktuellen B\u00fcchern gab es f\u00fcr die Kinder auch noch ein Kasperltheater zu sehen. <img loading=\"lazy\" decoding=\"async\" class=\"wp-image-1089 alignright\" src=\"https:\/\/gemeindebuechereikastl.de\/wp-content\/uploads\/2019\/10\/20191027_134302-1024x768.jpg\" alt=\"\" width=\"451\" height=\"338\" srcset=\"https:\/\/gemeindebuechereikastl.de\/wp-content\/uploads\/2019\/10\/20191027_134302-1024x768.jpg 1024w, https:\/\/gemeindebuechereikastl.de\/wp-content\/uploads\/2019\/10\/20191027_134302-300x225.jpg 300w, https:\/\/gemeindebuechereikastl.de\/wp-content\/uploads\/2019\/10\/20191027_134302-768x576.jpg 768w\" sizes=\"auto, (max-width: 451px) 100vw, 451px\" \/>Der Aufforderung in den Kastler B\u00fccher-Himmel zu kommen, nahmen sehr viele Buchliebhaber war so dass die B\u00fccherei den ganzen Nachmittag \u00fcber sehr gut frequentiert war. Auch B\u00fcrgermeister Stefan Braun und seine Stellvertreter lie\u00dfen es sich nicht nehmen an diesen Nachmittag in der B\u00fccherei vorbeizuschauen.<\/p>\n<p>Bei herrlichem Herbstwetter stand die T\u00fcr der Gemeindeb\u00fccherei Kastl ganz weit offen. Drinnen ging es laut und fr\u00f6hlich zu beim Erkunden der vielen neuen B\u00fccher und nat\u00fcrlich auch als es im Obergescho\u00df der B\u00fccherei hie\u00df \u201eVorsicht Krokodil entlaufen.\u201c.<\/p>\n<h2 style=\"text-align: center;\"><span style=\"color: #ff6600;\">Gro\u00dfer Andrang auch bei &#8222;Vorsicht Krokodil entlaufen&#8220; mit dem Raitenbucher\u00a0Kasperltheater<\/span><\/h2>\n<p><img loading=\"lazy\" decoding=\"async\" class=\"alignnone size-large wp-image-1088\" src=\"https:\/\/gemeindebuechereikastl.de\/wp-content\/uploads\/2019\/10\/Kasperltheater-1-1024x768.jpg\" alt=\"\" width=\"750\" height=\"563\" srcset=\"https:\/\/gemeindebuechereikastl.de\/wp-content\/uploads\/2019\/10\/Kasperltheater-1-1024x768.jpg 1024w, https:\/\/gemeindebuechereikastl.de\/wp-content\/uploads\/2019\/10\/Kasperltheater-1-300x225.jpg 300w, https:\/\/gemeindebuechereikastl.de\/wp-content\/uploads\/2019\/10\/Kasperltheater-1-768x576.jpg 768w\" sizes=\"auto, (max-width: 750px) 100vw, 750px\" \/><\/p>\n<p>Neben den Bereich der B\u00fccher gibt es in der Kastler B\u00fccherei auch die Rubrik der Nichtbuchmedien. Auch hier pr\u00e4sentierte das Kastler B\u00fcchereiteam ihren Leserinnen und Lesern wieder viel Neues. So wurden f\u00fcr <img loading=\"lazy\" decoding=\"async\" class=\" wp-image-1090 alignleft\" src=\"https:\/\/gemeindebuechereikastl.de\/wp-content\/uploads\/2019\/10\/20191027_140159-1024x576.jpg\" alt=\"\" width=\"441\" height=\"248\" srcset=\"https:\/\/gemeindebuechereikastl.de\/wp-content\/uploads\/2019\/10\/20191027_140159-1024x576.jpg 1024w, https:\/\/gemeindebuechereikastl.de\/wp-content\/uploads\/2019\/10\/20191027_140159-300x169.jpg 300w, https:\/\/gemeindebuechereikastl.de\/wp-content\/uploads\/2019\/10\/20191027_140159-768x432.jpg 768w\" sizes=\"auto, (max-width: 441px) 100vw, 441px\" \/>die Kinder und auch f\u00fcr die Erwachsenen wieder neue und aktuelle H\u00f6rspiele auf CD angeschafft. Auch bei den DVDs stehen erneut neue Filme f\u00fcr Kinder und auch aktuelle Spielfilme f\u00fcr Jugendliche und Erwachsene zur Mitnahme bereit. Bei den Brettspielen wurde neben den \u201eSpielen des Jahres 2019\u201c auch weitere neue und interessante Spiele vorgestellt. Auch f\u00fcr Liebhaber von Tonies stellte das Team neue Tonies vor.<\/p>\n<p>Neben den neuen B\u00fcchern und Medien stand f\u00fcr die Kinder nat\u00fcrlich die zwei Auff\u00fchrungen des Raitenbucher Kaspertheaters mit im Vordergrund das im Obergeschoss mit dem ihrem St\u00fcck\u201c Vorsicht <img loading=\"lazy\" decoding=\"async\" class=\" wp-image-1091 alignright\" src=\"https:\/\/gemeindebuechereikastl.de\/wp-content\/uploads\/2019\/10\/20191027_140142-1024x576.jpg\" alt=\"\" width=\"539\" height=\"303\" srcset=\"https:\/\/gemeindebuechereikastl.de\/wp-content\/uploads\/2019\/10\/20191027_140142-1024x576.jpg 1024w, https:\/\/gemeindebuechereikastl.de\/wp-content\/uploads\/2019\/10\/20191027_140142-300x169.jpg 300w, https:\/\/gemeindebuechereikastl.de\/wp-content\/uploads\/2019\/10\/20191027_140142-768x432.jpg 768w\" sizes=\"auto, (max-width: 539px) 100vw, 539px\" \/>Krokodil entlaufen\u2018\u201c die Kinder begeisterte. Ein Krokodil war im Zoo entlaufen, die Gro\u00dfmutter hielt es zun\u00e4chst f\u00fcr einen gro\u00dfen gr\u00fcnen Frosch aber als das Krokodil die Bratkartoffeln von Kasperl verspeiste und auch noch die neue Puppe von Gretel verschlang war es genug. Kasperl und der Polizist heckten ein Plan aus wie man das Krokodil fangen k\u00f6nnte. Mit Seil und Stein bewaffnet und unter der Mithilfe der Kinder gelang es den beiden das Krokodil einzufangen. Zum Schluss zauberten die Kinder gemeinsam das Krokodil wieder weg und die Puppe von Gretel wieder zur\u00fcck.<\/p>\n<h4 style=\"text-align: center;\"><span style=\"color: #ff0000;\"><strong>Alle an diesem Wochenende ausgestellten neunen B\u00fcchern und Medien stehen ab sofort allen interessierten Leserinnen und Lesern zur Ausleihe zur Verf\u00fcgung.<\/strong> <\/span><\/h4>\n<h4 style=\"text-align: center;\"><span style=\"color: #ff0000;\">Hier auf unserer Homepage i<span style=\"color: #ff0000;\">m\u00a0 <strong>ONLINE-KATALOG<\/strong>\u00a0 unter &#8222;Neue Medien&#8220; <\/span>zu entdecken!!<\/span><\/h4>\n","protected":false},"excerpt":{"rendered":"<p>Sonntag, 27. Oktober\u00a0 &#8211; Tag der offenen T\u00fcr mit vielen\u00a0 neuen B\u00fcchern und Medien und begeisterten Kindern beim Kasperltheater Das Team der Gemeindeb\u00fccherei hatte zur Vorstellung von \u00fcber 350 neunen B\u00fcchern und Medien in den \u201eKastler B\u00fccher-Himmel\u201c eingeladen. Neben den vielen neuen und aktuellen B\u00fcchern gab es f\u00fcr die Kinder auch noch ein Kasperltheater zu &hellip; <\/p>\n<p><a class=\"more-link btn\" href=\"https:\/\/gemeindebuechereikastl.de\/?p=1066\">Weiterlesen<\/a><\/p>\n","protected":false},"author":1,"featured_media":1087,"comment_status":"closed","ping_status":"closed","sticky":false,"template":"","format":"standard","meta":{"footnotes":""},"categories":[1],"tags":[127,126,128,85,86,88],"class_list":["post-1066","post","type-post","status-publish","format-standard","has-post-thumbnail","hentry","category-team","tag-kaffee","tag-kasperltheater","tag-kuchen","tag-neue-buecher","tag-neue-medien","tag-tag-der-offenen-tuer","item-wrap"],"_links":{"self":[{"href":"https:\/\/gemeindebuechereikastl.de\/index.php?rest_route=\/wp\/v2\/posts\/1066","targetHints":{"allow":["GET"]}}],"collection":[{"href":"https:\/\/gemeindebuechereikastl.de\/index.php?rest_route=\/wp\/v2\/posts"}],"about":[{"href":"https:\/\/gemeindebuechereikastl.de\/index.php?rest_route=\/wp\/v2\/types\/post"}],"author":[{"embeddable":true,"href":"https:\/\/gemeindebuechereikastl.de\/index.php?rest_route=\/wp\/v2\/users\/1"}],"replies":[{"embeddable":true,"href":"https:\/\/gemeindebuechereikastl.de\/index.php?rest_route=%2Fwp%2Fv2%2Fcomments&post=1066"}],"version-history":[{"count":18,"href":"https:\/\/gemeindebuechereikastl.de\/index.php?rest_route=\/wp\/v2\/posts\/1066\/revisions"}],"predecessor-version":[{"id":1096,"href":"https:\/\/gemeindebuechereikastl.de\/index.php?rest_route=\/wp\/v2\/posts\/1066\/revisions\/1096"}],"wp:featuredmedia":[{"embeddable":true,"href":"https:\/\/gemeindebuechereikastl.de\/index.php?rest_route=\/wp\/v2\/media\/1087"}],"wp:attachment":[{"href":"https:\/\/gemeindebuechereikastl.de\/index.php?rest_route=%2Fwp%2Fv2%2Fmedia&parent=1066"}],"wp:term":[{"taxonomy":"category","embeddable":true,"href":"https:\/\/gemeindebuechereikastl.de\/index.php?rest_route=%2Fwp%2Fv2%2Fcategories&post=1066"},{"taxonomy":"post_tag","embeddable":true,"href":"https:\/\/gemeindebuechereikastl.de\/index.php?rest_route=%2Fwp%2Fv2%2Ftags&post=1066"}],"curies":[{"name":"wp","href":"https:\/\/api.w.org\/{rel}","templated":true}]}}