{"id":1098,"date":"2019-11-09T12:58:22","date_gmt":"2019-11-09T12:58:22","guid":{"rendered":"http:\/\/gemeindebuechereikastl.de\/?p=1098"},"modified":"2019-11-09T13:00:23","modified_gmt":"2019-11-09T13:00:23","slug":"kalender-mit-tollen-kastler-motiven-in-der-buecherei-zu-erwerben","status":"publish","type":"post","link":"https:\/\/gemeindebuechereikastl.de\/?p=1098","title":{"rendered":"Kalender mit tollen Kastler Motiven in der B\u00fccherei zu erwerben"},"content":{"rendered":"<h2 style=\"text-align: center;\"><span style=\"color: #000000; font-family: Calibri;\"><span style=\"color: #ff6600;\">Sonntag, 27. Oktober &#8211; \u00dcbergabe des Kastler Kalenders f\u00fcr den Verkauf in der B\u00fccherei <\/span><\/span><\/h2>\n<p><span style=\"color: #000000; font-family: Calibri;\"><span style=\"color: #000000; font-family: Calibri;\">Im Rahmen des Tags der offenen T\u00fcr in der Gemeindeb\u00fccherei hat der Vorsitzende des Vereins f\u00fcr Tourismus und Gewerbe Andreas Otterbein an B\u00fcchereileiter Georg D\u00fcrr die Kalender f\u00fcr den Verkauf in der B\u00fccherei \u00fcbergebenes. Der Kalender ist ein sogenannter Endloskalender der Zeitlos seinen Besitzer begleitet. Da dieser Kalender ein besonders Geschenk zu Weihnachten sein kann, ist dieser in der Gemeindeb\u00fccherei Kastl zu den \u00d6ffnungszeiten zum <span style=\"color: #ff0000;\"><strong>Preis von 9,50 Euro pro Kalender<\/strong> <\/span>zu erwerben.<img loading=\"lazy\" decoding=\"async\" class=\"wp-image-1099 aligncenter\" src=\"https:\/\/gemeindebuechereikastl.de\/wp-content\/uploads\/2019\/11\/Kastler-Kalender-1024x739.jpg\" alt=\"\" width=\"682\" height=\"492\" srcset=\"https:\/\/gemeindebuechereikastl.de\/wp-content\/uploads\/2019\/11\/Kastler-Kalender-1024x739.jpg 1024w, https:\/\/gemeindebuechereikastl.de\/wp-content\/uploads\/2019\/11\/Kastler-Kalender-300x217.jpg 300w, https:\/\/gemeindebuechereikastl.de\/wp-content\/uploads\/2019\/11\/Kastler-Kalender-768x555.jpg 768w\" sizes=\"auto, (max-width: 682px) 100vw, 682px\" \/><\/span><\/span><\/p>\n<p><span style=\"color: #000000; font-family: Calibri;\">Die Arbeitsgruppe Kunterbunten Kastler Kunst bot um Ostern dieses Jahrs eine Ausstellung mit Werken von K\u00fcnstlern, die in Kastl gemalt haben zum Thema: \u201everliebt in Kastl\u201c an. Diese besondere Ausstellung wurde mit fast 650 Besuchern sehr gut angenommen. B\u00fcrgerinnen und B\u00fcrger aus Kastl haben diese Bilder zu Hause und haben ihre Bilder f\u00fcr diese Ausstellung zu Verf\u00fcgung gestellt. Aufgrund der gro\u00dfen Resonanz haben sich die Verantwortlichen entschlossen einen Kalender mit den sch\u00f6nsten Kastler Motiven zusammenzustellen. Der Kalender zeigt Werke von K\u00fcnstlern, die in Kastl gemalt haben.<\/span><\/p>\n","protected":false},"excerpt":{"rendered":"<p>Sonntag, 27. Oktober &#8211; \u00dcbergabe des Kastler Kalenders f\u00fcr den Verkauf in der B\u00fccherei Im Rahmen des Tags der offenen T\u00fcr in der Gemeindeb\u00fccherei hat der Vorsitzende des Vereins f\u00fcr Tourismus und Gewerbe Andreas Otterbein an B\u00fcchereileiter Georg D\u00fcrr die Kalender f\u00fcr den Verkauf in der B\u00fccherei \u00fcbergebenes. Der Kalender ist ein sogenannter Endloskalender der &hellip; <\/p>\n<p><a class=\"more-link btn\" href=\"https:\/\/gemeindebuechereikastl.de\/?p=1098\">Weiterlesen<\/a><\/p>\n","protected":false},"author":1,"featured_media":0,"comment_status":"closed","ping_status":"closed","sticky":false,"template":"","format":"standard","meta":{"footnotes":""},"categories":[5],"tags":[130,129,131,73],"class_list":["post-1098","post","type-post","status-publish","format-standard","hentry","category-news","tag-geschenk","tag-kalender","tag-kast","tag-kastl","item-wrap"],"_links":{"self":[{"href":"https:\/\/gemeindebuechereikastl.de\/index.php?rest_route=\/wp\/v2\/posts\/1098","targetHints":{"allow":["GET"]}}],"collection":[{"href":"https:\/\/gemeindebuechereikastl.de\/index.php?rest_route=\/wp\/v2\/posts"}],"about":[{"href":"https:\/\/gemeindebuechereikastl.de\/index.php?rest_route=\/wp\/v2\/types\/post"}],"author":[{"embeddable":true,"href":"https:\/\/gemeindebuechereikastl.de\/index.php?rest_route=\/wp\/v2\/users\/1"}],"replies":[{"embeddable":true,"href":"https:\/\/gemeindebuechereikastl.de\/index.php?rest_route=%2Fwp%2Fv2%2Fcomments&post=1098"}],"version-history":[{"count":3,"href":"https:\/\/gemeindebuechereikastl.de\/index.php?rest_route=\/wp\/v2\/posts\/1098\/revisions"}],"predecessor-version":[{"id":1102,"href":"https:\/\/gemeindebuechereikastl.de\/index.php?rest_route=\/wp\/v2\/posts\/1098\/revisions\/1102"}],"wp:attachment":[{"href":"https:\/\/gemeindebuechereikastl.de\/index.php?rest_route=%2Fwp%2Fv2%2Fmedia&parent=1098"}],"wp:term":[{"taxonomy":"category","embeddable":true,"href":"https:\/\/gemeindebuechereikastl.de\/index.php?rest_route=%2Fwp%2Fv2%2Fcategories&post=1098"},{"taxonomy":"post_tag","embeddable":true,"href":"https:\/\/gemeindebuechereikastl.de\/index.php?rest_route=%2Fwp%2Fv2%2Ftags&post=1098"}],"curies":[{"name":"wp","href":"https:\/\/api.w.org\/{rel}","templated":true}]}}