{"id":1103,"date":"2019-11-09T13:14:54","date_gmt":"2019-11-09T13:14:54","guid":{"rendered":"http:\/\/gemeindebuechereikastl.de\/?p=1103"},"modified":"2019-11-16T11:00:42","modified_gmt":"2019-11-16T11:00:42","slug":"das-groesste-vorlesefest-deutschlands-auch-in-der-gemeindebuecherei-kastl","status":"publish","type":"post","link":"https:\/\/gemeindebuechereikastl.de\/?p=1103","title":{"rendered":"Bundesweiter Vorlesetag mit Rektorin Frau Hampel-Sperlich als Lesepatin und einer Detektiv-Geschichte mit Hund und Floh"},"content":{"rendered":"<h2 style=\"text-align: center;\"><span style=\"color: #ff6600;\">Freitag, 15. November, 16.00 Uhr ~ Vorlesenachmittag im Rahmen des Bundesweiten Vorlesetages in der Gemeindeb\u00fccherei\u00a0mit\u00a0 der Rektorin der Seyfried-Schweppermann-Schule Kastl, Frau Hampel-Sperlich\u00a0<\/span><\/h2>\n<p><img loading=\"lazy\" decoding=\"async\" class=\"size-large wp-image-1110 aligncenter\" src=\"https:\/\/gemeindebuechereikastl.de\/wp-content\/uploads\/2019\/11\/Vorlesenachmittag-im-Rahmen-des-bundesweiten-Vorlesetages-1024x683.jpg\" alt=\"\" width=\"750\" height=\"500\" srcset=\"https:\/\/gemeindebuechereikastl.de\/wp-content\/uploads\/2019\/11\/Vorlesenachmittag-im-Rahmen-des-bundesweiten-Vorlesetages-1024x683.jpg 1024w, https:\/\/gemeindebuechereikastl.de\/wp-content\/uploads\/2019\/11\/Vorlesenachmittag-im-Rahmen-des-bundesweiten-Vorlesetages-300x200.jpg 300w, https:\/\/gemeindebuechereikastl.de\/wp-content\/uploads\/2019\/11\/Vorlesenachmittag-im-Rahmen-des-bundesweiten-Vorlesetages-768x512.jpg 768w, https:\/\/gemeindebuechereikastl.de\/wp-content\/uploads\/2019\/11\/Vorlesenachmittag-im-Rahmen-des-bundesweiten-Vorlesetages-1536x1024.jpg 1536w, https:\/\/gemeindebuechereikastl.de\/wp-content\/uploads\/2019\/11\/Vorlesenachmittag-im-Rahmen-des-bundesweiten-Vorlesetages-2048x1365.jpg 2048w\" sizes=\"auto, (max-width: 750px) 100vw, 750px\" \/>Lesen befl\u00fcgelt unsere Fantasie und entf\u00fchrt uns in eine andere Welt. Deshalb ist es ganz wichtig, Kinder fr\u00fchzeitig f\u00fcr das Lesen zu begeistern, zum Beispiel indem man ihnen etwas vorliest. Im Rahmen des bundesweiten Vorlesetages, beteiligte sich das B\u00fcchereiteam mit der Rektorin der Seyfried-<img loading=\"lazy\" decoding=\"async\" class=\" wp-image-1115 alignleft\" src=\"https:\/\/gemeindebuechereikastl.de\/wp-content\/uploads\/2019\/11\/20191115_155342-708x1024.jpg\" alt=\"\" width=\"183\" height=\"265\" srcset=\"https:\/\/gemeindebuechereikastl.de\/wp-content\/uploads\/2019\/11\/20191115_155342-708x1024.jpg 708w, https:\/\/gemeindebuechereikastl.de\/wp-content\/uploads\/2019\/11\/20191115_155342-207x300.jpg 207w, https:\/\/gemeindebuechereikastl.de\/wp-content\/uploads\/2019\/11\/20191115_155342-768x1111.jpg 768w, https:\/\/gemeindebuechereikastl.de\/wp-content\/uploads\/2019\/11\/20191115_155342-1062x1536.jpg 1062w, https:\/\/gemeindebuechereikastl.de\/wp-content\/uploads\/2019\/11\/20191115_155342-1416x2048.jpg 1416w, https:\/\/gemeindebuechereikastl.de\/wp-content\/uploads\/2019\/11\/20191115_155342-scaled.jpg 1770w\" sizes=\"auto, (max-width: 183px) 100vw, 183px\" \/>Schweppermann-Schule in Kastl, Frau Ulrike Hampel-Sperlich als Lese Patin mit einem Vorlesenachmittag am Bundesweiten Vorlesetag, der in ganz Deutschland fast 700.000 Teilnehmenden die vorlesen und zuh\u00f6ren \u00fcber die B\u00fchne ging.<br \/>\nZu diesen Nachmittag hatte sich die Kinder in den R\u00e4umen der <img loading=\"lazy\" decoding=\"async\" class=\"wp-image-1112 alignright\" src=\"https:\/\/gemeindebuechereikastl.de\/wp-content\/uploads\/2019\/11\/schn\u00fcffelnasen-an-bord.jpg\" alt=\"\" width=\"216\" height=\"251\" srcset=\"https:\/\/gemeindebuechereikastl.de\/wp-content\/uploads\/2019\/11\/schn\u00fcffelnasen-an-bord.jpg 431w, https:\/\/gemeindebuechereikastl.de\/wp-content\/uploads\/2019\/11\/schn\u00fcffelnasen-an-bord-259x300.jpg 259w\" sizes=\"auto, (max-width: 216px) 100vw, 216px\" \/>Gemeindeb\u00fccherei Kastl eingefunden, um Frau Hampel-Sperlich zuzuh\u00f6ren. Sie hatte f\u00fcr die Kinder das Buch von Daniel Napp \u201eSchn\u00fcffelnasen an Bord\u201c ausgesucht. Bei den beiden Hauptpersonen in diesem Buch geht es um ein beliebtes \u201eHaustier\u201c einen Hund und als auch um ein eher unbeliebtes Tier, einen Floh.<br \/>\nZu Beginn fragte sie die Kinder nach Namen f\u00fcr Hunde und war gespannt ob der Name des Hundes im Buch vorkam. Den es ging um den Hund Hubertus und um den Floh Pock. Diese beiden so unterschiedlichen Charaktere erm\u00f6glichen einen interessanten Perspektivwechsel, wenn Kinder die Welt durch die Augen eines so kleinen Lebewesens erleben. Hubertus zeigt dagegen, dass man sich nicht damit abfinden muss, wegen einer angeborenen Krankheit \u201eFleischwursitis\u201c zu einem Leben verdammt zu sein, dass man sich nicht ausgesucht hat. Er \u00fcberwindet mit Hilfe seines Freundes sein <img loading=\"lazy\" decoding=\"async\" class=\" wp-image-1118 alignleft\" src=\"https:\/\/gemeindebuechereikastl.de\/wp-content\/uploads\/2019\/11\/20191115_160739-1-1024x673.jpg\" alt=\"\" width=\"452\" height=\"297\" srcset=\"https:\/\/gemeindebuechereikastl.de\/wp-content\/uploads\/2019\/11\/20191115_160739-1-1024x673.jpg 1024w, https:\/\/gemeindebuechereikastl.de\/wp-content\/uploads\/2019\/11\/20191115_160739-1-300x197.jpg 300w, https:\/\/gemeindebuechereikastl.de\/wp-content\/uploads\/2019\/11\/20191115_160739-1-768x505.jpg 768w, https:\/\/gemeindebuechereikastl.de\/wp-content\/uploads\/2019\/11\/20191115_160739-1-1536x1009.jpg 1536w, https:\/\/gemeindebuechereikastl.de\/wp-content\/uploads\/2019\/11\/20191115_160739-1-2048x1346.jpg 2048w\" sizes=\"auto, (max-width: 452px) 100vw, 452px\" \/>Problem und muss seine Tage nicht als \u201eFamilienhund\u201c fristen, sondern wird zum Helden.<\/p>\n<p>Der Hund Hubertus hatte gro\u00dfe Karrierepl\u00e4ne, doch seine Fleischwursitis \u2013 eine unstillbare Gier nach Fleischwurst \u2013 verhindert jeden Beruf, den er beginnt. So landet er im Tierheim, wo er den weitgereisten Floh Pock kennenlernt. Der \u00fcberredet ihn, sich als Detektivduo auf die Jagd nach den beiden Juwelendieben zu machen, die Hubertus als Wachhund davonkommen lie\u00df. Und so rei\u00dfen die beiden neuen Freunde aus dem Tierheim aus und machen sich auf die Suche nach der ersten Spur.<\/p>\n<p style=\"text-align: left;\">Wie es mit den beiden tierischen Hauptpersonen weitergeht k\u00f6nnen die Kinder nachlesen, denn das Buch \u201eSchn\u00fcffelnasen an Bord\u201c und weitere Geschichten mit den beiden Schn\u00fcffelnasen sind in der B\u00fccherei\u00a0zum Entleihen vorhanden.<img loading=\"lazy\" decoding=\"async\" class=\" wp-image-1119 aligncenter\" src=\"https:\/\/gemeindebuechereikastl.de\/wp-content\/uploads\/2019\/11\/Schn\u00fcffelnasen-1024x385.jpg\" alt=\"\" width=\"590\" height=\"222\" srcset=\"https:\/\/gemeindebuechereikastl.de\/wp-content\/uploads\/2019\/11\/Schn\u00fcffelnasen-1024x385.jpg 1024w, https:\/\/gemeindebuechereikastl.de\/wp-content\/uploads\/2019\/11\/Schn\u00fcffelnasen-300x113.jpg 300w, https:\/\/gemeindebuechereikastl.de\/wp-content\/uploads\/2019\/11\/Schn\u00fcffelnasen-768x289.jpg 768w, https:\/\/gemeindebuechereikastl.de\/wp-content\/uploads\/2019\/11\/Schn\u00fcffelnasen.jpg 1382w\" sizes=\"auto, (max-width: 590px) 100vw, 590px\" \/><strong>\u00a0<\/strong><span style=\"color: #ff0000;\"><strong>Weitere B\u00fccher von Daniel Napp gibt es in unserem \u00a0<a href=\"https:\/\/iopac.gemeindebuechereikastl.de\/iopac\/\">ONLINDE-KATALOG<\/a>\u00a0 \u00a0oder auch bei <\/strong><\/span><span style=\"color: #ff0000;\"><strong>einem Besuch in unserer Gemeindeb<\/strong><\/span><span style=\"color: #ff0000;\"><strong>\u00fccherei zu\u00a0entdecken<\/strong>.<\/span><\/p>\n<p style=\"text-align: left;\">Zur Abrundung des Vorlesenachmittages hatte die B\u00fcchereimitarbeiterinne Karla von Klenck f\u00fcr die Kinder nach dem Vorlesen noch Punsch und Pl\u00e4tzchen vorbereitet. Sie dankte auch der Lesepatin Frau Hampel-Sperlich f\u00fcr den erfrischenden und spanenden Lesenachtmittag f\u00fcr die Kinder.<\/p>\n","protected":false},"excerpt":{"rendered":"<p>Freitag, 15. November, 16.00 Uhr ~ Vorlesenachmittag im Rahmen des Bundesweiten Vorlesetages in der Gemeindeb\u00fccherei\u00a0mit\u00a0 der Rektorin der Seyfried-Schweppermann-Schule Kastl, Frau Hampel-Sperlich\u00a0 Lesen befl\u00fcgelt unsere Fantasie und entf\u00fchrt uns in eine andere Welt. Deshalb ist es ganz wichtig, Kinder fr\u00fchzeitig f\u00fcr das Lesen zu begeistern, zum Beispiel indem man ihnen etwas vorliest. Im Rahmen des &hellip; <\/p>\n<p><a class=\"more-link btn\" href=\"https:\/\/gemeindebuechereikastl.de\/?p=1103\">Weiterlesen<\/a><\/p>\n","protected":false},"author":1,"featured_media":1110,"comment_status":"closed","ping_status":"closed","sticky":false,"template":"","format":"standard","meta":{"footnotes":""},"categories":[5],"tags":[137,133,118,134,136,135,80,132],"class_list":["post-1103","post","type-post","status-publish","format-standard","has-post-thumbnail","hentry","category-news","tag-daniel-napp","tag-deutschland","tag-lesen","tag-lesepatin","tag-napp","tag-schnueffelnasen","tag-vorlesen","tag-vorlesenachmitag","item-wrap"],"_links":{"self":[{"href":"https:\/\/gemeindebuechereikastl.de\/index.php?rest_route=\/wp\/v2\/posts\/1103","targetHints":{"allow":["GET"]}}],"collection":[{"href":"https:\/\/gemeindebuechereikastl.de\/index.php?rest_route=\/wp\/v2\/posts"}],"about":[{"href":"https:\/\/gemeindebuechereikastl.de\/index.php?rest_route=\/wp\/v2\/types\/post"}],"author":[{"embeddable":true,"href":"https:\/\/gemeindebuechereikastl.de\/index.php?rest_route=\/wp\/v2\/users\/1"}],"replies":[{"embeddable":true,"href":"https:\/\/gemeindebuechereikastl.de\/index.php?rest_route=%2Fwp%2Fv2%2Fcomments&post=1103"}],"version-history":[{"count":7,"href":"https:\/\/gemeindebuechereikastl.de\/index.php?rest_route=\/wp\/v2\/posts\/1103\/revisions"}],"predecessor-version":[{"id":1109,"href":"https:\/\/gemeindebuechereikastl.de\/index.php?rest_route=\/wp\/v2\/posts\/1103\/revisions\/1109"}],"wp:featuredmedia":[{"embeddable":true,"href":"https:\/\/gemeindebuechereikastl.de\/index.php?rest_route=\/wp\/v2\/media\/1110"}],"wp:attachment":[{"href":"https:\/\/gemeindebuechereikastl.de\/index.php?rest_route=%2Fwp%2Fv2%2Fmedia&parent=1103"}],"wp:term":[{"taxonomy":"category","embeddable":true,"href":"https:\/\/gemeindebuechereikastl.de\/index.php?rest_route=%2Fwp%2Fv2%2Fcategories&post=1103"},{"taxonomy":"post_tag","embeddable":true,"href":"https:\/\/gemeindebuechereikastl.de\/index.php?rest_route=%2Fwp%2Fv2%2Ftags&post=1103"}],"curies":[{"name":"wp","href":"https:\/\/api.w.org\/{rel}","templated":true}]}}