{"id":1125,"date":"2019-12-04T16:58:24","date_gmt":"2019-12-04T16:58:24","guid":{"rendered":"http:\/\/gemeindebuechereikastl.de\/?p=1125"},"modified":"2019-12-11T10:20:07","modified_gmt":"2019-12-11T10:20:07","slug":"vorlesefeste-in-der-buecherei-waehrend-der-wintermonate-bis-april-2020","status":"publish","type":"post","link":"https:\/\/gemeindebuechereikastl.de\/?p=1125","title":{"rendered":"Vorlesefeste w\u00e4hrend der Wintermonate 2019\/2020 in der Gemeindeb\u00fccherei"},"content":{"rendered":"<h2><span style=\"color: #ff6600;\"><strong>Vorlesenachmittage f\u00fcr Kinder von Oktober\u00a0 bis April<\/strong><\/span><\/h2>\n<p><span style=\"color: #000000; font-family: Times New Roman;\">Der Start f\u00fcr die Vorlesefeste w\u00e4hrend der <\/span>Herbst-, Winter- und Fr\u00fchjahrsmonate <span style=\"color: #000000; font-family: Times New Roman;\">von Oktober bis April fand im Rahmen des \u201eTags der offenen T\u00fcr\u201e mit einem Kasperltheater statt. Im November war wieder der Bundesweite Vorlesetag, dieses Jahr mit der Rektorin der Seyfried-Schweppermann-Schule Kastl, Frau Ulrike Hampel-Sperlich als Lesepatin und Vorleserin.<br \/>\n<\/span><span style=\"color: #000000; font-family: Times New Roman;\"><img loading=\"lazy\" decoding=\"async\" class=\"wp-image-1129 alignleft\" src=\"https:\/\/gemeindebuechereikastl.de\/wp-content\/uploads\/2019\/12\/vorlesen-19-20-732x1024.jpg\" alt=\"\" width=\"405\" height=\"566\" srcset=\"https:\/\/gemeindebuechereikastl.de\/wp-content\/uploads\/2019\/12\/vorlesen-19-20-732x1024.jpg 732w, https:\/\/gemeindebuechereikastl.de\/wp-content\/uploads\/2019\/12\/vorlesen-19-20-214x300.jpg 214w, https:\/\/gemeindebuechereikastl.de\/wp-content\/uploads\/2019\/12\/vorlesen-19-20-768x1074.jpg 768w, https:\/\/gemeindebuechereikastl.de\/wp-content\/uploads\/2019\/12\/vorlesen-19-20.jpg 1091w\" sizes=\"auto, (max-width: 405px) 100vw, 405px\" \/><\/span><\/p>\n<p><span style=\"color: #000000; font-family: Times New Roman;\">Nach einem Spruch von Astrid Lindgren \u201eWie die Welt von morgen aussehen wird, h\u00e4ngt in gro\u00dfem Ma\u00df von der Einbildungskraft jener ab, die gerade jetzt lesen lernen.\u201c geht es weiter mit den Vorlesenachmittagen, mit Abenteuer und Erlebnisse rund um B\u00fccher und Geschichten.<br \/>\n<\/span><span style=\"color: #000000; font-family: Times New Roman;\">* Der Vorlesetag am <span style=\"color: #3366ff;\"><strong>20. Dezember<\/strong> <\/span>befasst sich mit dem Thema \u201eFantasy\u201c f\u00fcr Kinder ab 7 Jahren.<br \/>\n* Im neuen Jahr am <span style=\"color: #3366ff;\"><strong>17. Januar<\/strong> <\/span>machen die Kinder Bekanntschaft mit Zauberer, Hexen &amp; Geistern in der B\u00fccherei, f\u00fcr Kinder von 5-8 Jahre.<br \/>\n* Unter dem Stichwort \u201eHase und Igel\u201c f\u00fcr Kinder von 4 bis 7 Jahren steht der Vorlesetag am <strong><span style=\"color: #3366ff;\">15. Februar<\/span> <\/strong>in der Gemeindeb\u00fccherei.<br \/>\n* Am <span style=\"color: #3366ff;\"><strong>20. M\u00e4rz<\/strong> <\/span>erwacht der Fr\u00fchling in der B\u00fccherei unter dem Motto \u201eDer Fr\u00fchling ist da!\u201c hier sind besonders die kleinen von 3 bis 7 Jahren in der B\u00fccherei willkommen.<br \/>\n* Den Abschluss des Vorlesereigens w\u00e4hrend der Herbst-, Winter- und Fr\u00fchjahrsmonate bildet ein Nachmittag mit Musik unter dem Titel \u201eF\u00fcnf freche M\u00e4use machen Musik&#8220; am <span style=\"color: #3366ff;\"><strong>3. April<\/strong> <\/span>f\u00fcr alle Kinder von 3 bis 7 Jahren. <\/span><\/p>\n<p><span style=\"color: #000000; font-family: Times New Roman;\"><img loading=\"lazy\" decoding=\"async\" class=\" wp-image-867 alignright\" src=\"https:\/\/gemeindebuechereikastl.de\/wp-content\/uploads\/2019\/03\/IMG_0228-1024x683.jpg\" alt=\"\" width=\"278\" height=\"185\" srcset=\"https:\/\/gemeindebuechereikastl.de\/wp-content\/uploads\/2019\/03\/IMG_0228-1024x683.jpg 1024w, https:\/\/gemeindebuechereikastl.de\/wp-content\/uploads\/2019\/03\/IMG_0228-300x200.jpg 300w, https:\/\/gemeindebuechereikastl.de\/wp-content\/uploads\/2019\/03\/IMG_0228-768x512.jpg 768w\" sizes=\"auto, (max-width: 278px) 100vw, 278px\" \/>Alle Lesenachmittage beginnen jeweils um 16.00 Uhr in den R\u00e4umen der Gemeindeb\u00fccherei Kastl in der Klosterbergstr. 1. F\u00fcr jeden Vorlesenachmittag hat sich das B\u00fcchereiteam f\u00fcr die Kinder etwas Besonderes einfallen lassen und es gibt jeweils eine kleine \u00dcberraschung. Die Bekanntgabe der \u00dcberraschung erfolgt jeweils vor den Lesetagen. Der Eintritt zu den Lesenachmittagen ist frei, das Team w\u00fcrde sich \u00fcber kleine Spende f\u00fcr die Deckung der Unkosten freuen. <\/span><\/p>\n<p>&nbsp;<\/p>\n","protected":false},"excerpt":{"rendered":"<p>Vorlesenachmittage f\u00fcr Kinder von Oktober\u00a0 bis April Der Start f\u00fcr die Vorlesefeste w\u00e4hrend der Herbst-, Winter- und Fr\u00fchjahrsmonate von Oktober bis April fand im Rahmen des \u201eTags der offenen T\u00fcr\u201e mit einem Kasperltheater statt. Im November war wieder der Bundesweite Vorlesetag, dieses Jahr mit der Rektorin der Seyfried-Schweppermann-Schule Kastl, Frau Ulrike Hampel-Sperlich als Lesepatin und &hellip; <\/p>\n<p><a class=\"more-link btn\" href=\"https:\/\/gemeindebuechereikastl.de\/?p=1125\">Weiterlesen<\/a><\/p>\n","protected":false},"author":1,"featured_media":867,"comment_status":"closed","ping_status":"closed","sticky":false,"template":"","format":"standard","meta":{"footnotes":""},"categories":[1],"tags":[],"class_list":["post-1125","post","type-post","status-publish","format-standard","has-post-thumbnail","hentry","category-team","item-wrap"],"_links":{"self":[{"href":"https:\/\/gemeindebuechereikastl.de\/index.php?rest_route=\/wp\/v2\/posts\/1125","targetHints":{"allow":["GET"]}}],"collection":[{"href":"https:\/\/gemeindebuechereikastl.de\/index.php?rest_route=\/wp\/v2\/posts"}],"about":[{"href":"https:\/\/gemeindebuechereikastl.de\/index.php?rest_route=\/wp\/v2\/types\/post"}],"author":[{"embeddable":true,"href":"https:\/\/gemeindebuechereikastl.de\/index.php?rest_route=\/wp\/v2\/users\/1"}],"replies":[{"embeddable":true,"href":"https:\/\/gemeindebuechereikastl.de\/index.php?rest_route=%2Fwp%2Fv2%2Fcomments&post=1125"}],"version-history":[{"count":8,"href":"https:\/\/gemeindebuechereikastl.de\/index.php?rest_route=\/wp\/v2\/posts\/1125\/revisions"}],"predecessor-version":[{"id":1138,"href":"https:\/\/gemeindebuechereikastl.de\/index.php?rest_route=\/wp\/v2\/posts\/1125\/revisions\/1138"}],"wp:featuredmedia":[{"embeddable":true,"href":"https:\/\/gemeindebuechereikastl.de\/index.php?rest_route=\/wp\/v2\/media\/867"}],"wp:attachment":[{"href":"https:\/\/gemeindebuechereikastl.de\/index.php?rest_route=%2Fwp%2Fv2%2Fmedia&parent=1125"}],"wp:term":[{"taxonomy":"category","embeddable":true,"href":"https:\/\/gemeindebuechereikastl.de\/index.php?rest_route=%2Fwp%2Fv2%2Fcategories&post=1125"},{"taxonomy":"post_tag","embeddable":true,"href":"https:\/\/gemeindebuechereikastl.de\/index.php?rest_route=%2Fwp%2Fv2%2Ftags&post=1125"}],"curies":[{"name":"wp","href":"https:\/\/api.w.org\/{rel}","templated":true}]}}