{"id":1140,"date":"2019-12-14T08:53:20","date_gmt":"2019-12-14T08:53:20","guid":{"rendered":"http:\/\/gemeindebuechereikastl.de\/?p=1140"},"modified":"2019-12-14T16:50:41","modified_gmt":"2019-12-14T16:50:41","slug":"neue-buecher-dvds-und-tonies-eingetroffen","status":"publish","type":"post","link":"https:\/\/gemeindebuechereikastl.de\/?p=1140","title":{"rendered":"Neue Weihnachtsb\u00fccher, DVDs und Tonies eingetroffen"},"content":{"rendered":"<h2 style=\"text-align: center;\"><span style=\"color: #ff6600;\">Die neuen Weihnachtsb\u00fccher, DVDs und Tonies k\u00f6nnen ab sofort entliehen werden!<\/span><\/h2>\n<h4 style=\"text-align: center;\"><img loading=\"lazy\" decoding=\"async\" class=\"wp-image-1148 aligncenter\" src=\"https:\/\/gemeindebuechereikastl.de\/wp-content\/uploads\/2019\/12\/Weihnachtsb\u00fccher-2019-1024x528.jpg\" alt=\"\" width=\"580\" height=\"299\" srcset=\"https:\/\/gemeindebuechereikastl.de\/wp-content\/uploads\/2019\/12\/Weihnachtsb\u00fccher-2019-1024x528.jpg 1024w, https:\/\/gemeindebuechereikastl.de\/wp-content\/uploads\/2019\/12\/Weihnachtsb\u00fccher-2019-300x155.jpg 300w, https:\/\/gemeindebuechereikastl.de\/wp-content\/uploads\/2019\/12\/Weihnachtsb\u00fccher-2019-768x396.jpg 768w, https:\/\/gemeindebuechereikastl.de\/wp-content\/uploads\/2019\/12\/Weihnachtsb\u00fccher-2019-1536x793.jpg 1536w, https:\/\/gemeindebuechereikastl.de\/wp-content\/uploads\/2019\/12\/Weihnachtsb\u00fccher-2019-2048x1057.jpg 2048w\" sizes=\"auto, (max-width: 580px) 100vw, 580px\" \/><span style=\"color: #000000; font-family: Calibri;\">So kurz vor Weihnachten sind noch neue Weihnachtsb\u00fccher f\u00fcr Kinder und Erwachsene in unserer B\u00fccherei eingetroffen.<\/span><\/h4>\n<h4 style=\"text-align: center;\"><span style=\"color: #000000; font-family: Calibri;\">Auch gibt es neue DVDs\u00a0 und Tonies in unserem Weihnachtlichen Angebot zu entdecken.<\/span><\/h4>\n<h4 style=\"text-align: center;\"><img loading=\"lazy\" decoding=\"async\" class=\"wp-image-1141 aligncenter\" src=\"https:\/\/gemeindebuechereikastl.de\/wp-content\/uploads\/2019\/12\/20191213_084101-1024x492.jpg\" alt=\"\" width=\"502\" height=\"241\" srcset=\"https:\/\/gemeindebuechereikastl.de\/wp-content\/uploads\/2019\/12\/20191213_084101-1024x492.jpg 1024w, https:\/\/gemeindebuechereikastl.de\/wp-content\/uploads\/2019\/12\/20191213_084101-300x144.jpg 300w, https:\/\/gemeindebuechereikastl.de\/wp-content\/uploads\/2019\/12\/20191213_084101-768x369.jpg 768w, https:\/\/gemeindebuechereikastl.de\/wp-content\/uploads\/2019\/12\/20191213_084101-1536x738.jpg 1536w, https:\/\/gemeindebuechereikastl.de\/wp-content\/uploads\/2019\/12\/20191213_084101-2048x983.jpg 2048w\" sizes=\"auto, (max-width: 502px) 100vw, 502px\" \/><\/h4>\n<h4 style=\"text-align: center;\"><span style=\"color: #ff0000;\">Weitere B\u00fccher, H\u00f6rb\u00fccher oder DVDs aus unserem Bestand zu Weihnachten finden Sie, in unserem\u00a0\u00a0&#8222;Online Katalog&#8220; unter dem Stichwort &#8222;Weihnachten&#8220;.<\/span><\/h4>\n<h4><\/h4>\n","protected":false},"excerpt":{"rendered":"<p>Die neuen Weihnachtsb\u00fccher, DVDs und Tonies k\u00f6nnen ab sofort entliehen werden! So kurz vor Weihnachten sind noch neue Weihnachtsb\u00fccher f\u00fcr Kinder und Erwachsene in unserer B\u00fccherei eingetroffen. Auch gibt es neue DVDs\u00a0 und Tonies in unserem Weihnachtlichen Angebot zu entdecken. Weitere B\u00fccher, H\u00f6rb\u00fccher oder DVDs aus unserem Bestand zu Weihnachten finden Sie, in unserem\u00a0\u00a0&#8222;Online Katalog&#8220; &hellip; <\/p>\n<p><a class=\"more-link btn\" href=\"https:\/\/gemeindebuechereikastl.de\/?p=1140\">Weiterlesen<\/a><\/p>\n","protected":false},"author":1,"featured_media":1148,"comment_status":"closed","ping_status":"closed","sticky":false,"template":"","format":"standard","meta":{"footnotes":""},"categories":[1],"tags":[85,86,138],"class_list":["post-1140","post","type-post","status-publish","format-standard","has-post-thumbnail","hentry","category-team","tag-neue-buecher","tag-neue-medien","tag-weihnachten","item-wrap"],"_links":{"self":[{"href":"https:\/\/gemeindebuechereikastl.de\/index.php?rest_route=\/wp\/v2\/posts\/1140","targetHints":{"allow":["GET"]}}],"collection":[{"href":"https:\/\/gemeindebuechereikastl.de\/index.php?rest_route=\/wp\/v2\/posts"}],"about":[{"href":"https:\/\/gemeindebuechereikastl.de\/index.php?rest_route=\/wp\/v2\/types\/post"}],"author":[{"embeddable":true,"href":"https:\/\/gemeindebuechereikastl.de\/index.php?rest_route=\/wp\/v2\/users\/1"}],"replies":[{"embeddable":true,"href":"https:\/\/gemeindebuechereikastl.de\/index.php?rest_route=%2Fwp%2Fv2%2Fcomments&post=1140"}],"version-history":[{"count":20,"href":"https:\/\/gemeindebuechereikastl.de\/index.php?rest_route=\/wp\/v2\/posts\/1140\/revisions"}],"predecessor-version":[{"id":1163,"href":"https:\/\/gemeindebuechereikastl.de\/index.php?rest_route=\/wp\/v2\/posts\/1140\/revisions\/1163"}],"wp:featuredmedia":[{"embeddable":true,"href":"https:\/\/gemeindebuechereikastl.de\/index.php?rest_route=\/wp\/v2\/media\/1148"}],"wp:attachment":[{"href":"https:\/\/gemeindebuechereikastl.de\/index.php?rest_route=%2Fwp%2Fv2%2Fmedia&parent=1140"}],"wp:term":[{"taxonomy":"category","embeddable":true,"href":"https:\/\/gemeindebuechereikastl.de\/index.php?rest_route=%2Fwp%2Fv2%2Fcategories&post=1140"},{"taxonomy":"post_tag","embeddable":true,"href":"https:\/\/gemeindebuechereikastl.de\/index.php?rest_route=%2Fwp%2Fv2%2Ftags&post=1140"}],"curies":[{"name":"wp","href":"https:\/\/api.w.org\/{rel}","templated":true}]}}