{"id":1209,"date":"2020-01-20T14:38:47","date_gmt":"2020-01-20T14:38:47","guid":{"rendered":"http:\/\/gemeindebuechereikastl.de\/?p=1209"},"modified":"2020-01-20T14:40:27","modified_gmt":"2020-01-20T14:40:27","slug":"viele-zauberlehrlinge-beim-vorlesenachmittag-in-der-buecherei","status":"publish","type":"post","link":"https:\/\/gemeindebuechereikastl.de\/?p=1209","title":{"rendered":"Viele Zauberlehrlinge beim Vorlesenachmittag in der B\u00fccherei"},"content":{"rendered":"<h2><span style=\"color: #ff6600;\">Freitag, 17. Januar 2020 &#8211; Zaubernachmittag mit der spannenden Geschichte vom\u00a0Zauberlehrling\u00a0<\/span><\/h2>\n<p>\u201eZauberer, Hexen &amp; Geister\u201c war das Thema des ersten Vorlesenachmittags des Jahres in der\u00a0 Gemeindeb\u00fccherei Kastl.<br \/>\n<img loading=\"lazy\" decoding=\"async\" class=\" wp-image-1212 alignleft\" src=\"https:\/\/gemeindebuechereikastl.de\/wp-content\/uploads\/2020\/01\/Zauberer-2-1024x571.jpg\" alt=\"\" width=\"533\" height=\"297\" srcset=\"https:\/\/gemeindebuechereikastl.de\/wp-content\/uploads\/2020\/01\/Zauberer-2-1024x571.jpg 1024w, https:\/\/gemeindebuechereikastl.de\/wp-content\/uploads\/2020\/01\/Zauberer-2-300x167.jpg 300w, https:\/\/gemeindebuechereikastl.de\/wp-content\/uploads\/2020\/01\/Zauberer-2-768x429.jpg 768w, https:\/\/gemeindebuechereikastl.de\/wp-content\/uploads\/2020\/01\/Zauberer-2-1536x857.jpg 1536w, https:\/\/gemeindebuechereikastl.de\/wp-content\/uploads\/2020\/01\/Zauberer-2-2048x1143.jpg 2048w\" sizes=\"auto, (max-width: 533px) 100vw, 533px\" \/>Vorgelesen wurde \u201eDer Zauberlehrling\u201c von Barbara Hazen und Tomi Ungerer, die das bekannte gleichnamige Gedicht von J.W. von Goethe zu einer spannenden Geschichte in kindgerechter Sprache umgeschrieben haben. Die Illustrationen im Bilderbuch boten der kindlichen Fantasie viel Anregung und es gab viel zu entdecken im Keller des Zauberschlosses.\u00a0Auch die detailreichen Bilder halfen den Kindern, sich die gro\u00dfe Not des Zauberlehrlings vorstellen zu k\u00f6nnen, als der Besen Eimer um Eimer Wasser brachte und des Meisters Labor unter Wasser setzte. <img loading=\"lazy\" decoding=\"async\" class=\" wp-image-1210 alignright\" src=\"https:\/\/gemeindebuechereikastl.de\/wp-content\/uploads\/2020\/01\/Zauberer-1-1024x768.jpg\" alt=\"\" width=\"436\" height=\"327\" srcset=\"https:\/\/gemeindebuechereikastl.de\/wp-content\/uploads\/2020\/01\/Zauberer-1-1024x768.jpg 1024w, https:\/\/gemeindebuechereikastl.de\/wp-content\/uploads\/2020\/01\/Zauberer-1-300x225.jpg 300w, https:\/\/gemeindebuechereikastl.de\/wp-content\/uploads\/2020\/01\/Zauberer-1-768x576.jpg 768w, https:\/\/gemeindebuechereikastl.de\/wp-content\/uploads\/2020\/01\/Zauberer-1-1536x1152.jpg 1536w, https:\/\/gemeindebuechereikastl.de\/wp-content\/uploads\/2020\/01\/Zauberer-1-2048x1536.jpg 2048w\" sizes=\"auto, (max-width: 436px) 100vw, 436px\" \/><\/p>\n<p>In einer Lesepause lernten die Kinder selbst einen Zaubertrick und konnten in einem zweiten beobachten, wie sich Blaukrautsaft mit Hilfe von \u201eZauberwasser\u201c gr\u00fcn, blau oder rot f\u00e4rbte. Als der Zauberlehrling Humboldt endlich den Zauberspruch im geheimen Buch gefunden hatte durften sich auch die Jungen und M\u00e4dchen an zwei Zaubertricks versuchen. Mit Zuckerst\u00fccken, Bleistift und Wassergl\u00e4sern wurden Zahlen in die Handfl\u00e4chen gezaubert und Blaukrautwasser verf\u00e4rbte sich durch Zugabe \u201emagischer Substanzen\u201c gr\u00fcn, rot oder blau. Gut ger\u00fcstet ging es dann zur\u00fcck in den Keller des Zauberschlosses wo die Besen immer mehr Wasser anschleppten bis ihnen endlich der Zauber mit dem rechten Spruch Einhalt gebot.<br \/>\nW\u00e4hrend sich die Kinder im Anschluss magische Motive als Hexen und Zauberer schminken lie\u00dfen lernten sie noch Goethes Originalgedicht kennen.<\/p>\n<p style=\"text-align: center;\">&#8212;&#8212;&#8212;&#8212;&#8212;&#8212;&#8212;&#8212;&#8212;&#8212;&#8212;&#8212;&#8212;&#8212;&#8212;&#8212;&#8212;&#8212;&#8212;&#8212;&#8212;&#8212;&#8212;&#8212;&#8212;&#8212;&#8212;&#8212;&#8212;&#8212;&#8212;&#8212;&#8212;&#8212;&#8212;&#8212;&#8212;&#8212;&#8212;&#8212;<\/p>\n<p style=\"text-align: center;\">Viele der Kinder freuen sich schon auf den n\u00e4chsten Vorlesenachmittag am 15 Februar wen es wieder hei\u00dft es wird vorgelesen in der B\u00fccherei und das Thema des Nachmittags ist dann \u201eHase und Igel\u201c<\/p>\n","protected":false},"excerpt":{"rendered":"<p>Freitag, 17. Januar 2020 &#8211; Zaubernachmittag mit der spannenden Geschichte vom\u00a0Zauberlehrling\u00a0 \u201eZauberer, Hexen &amp; Geister\u201c war das Thema des ersten Vorlesenachmittags des Jahres in der\u00a0 Gemeindeb\u00fccherei Kastl. Vorgelesen wurde \u201eDer Zauberlehrling\u201c von Barbara Hazen und Tomi Ungerer, die das bekannte gleichnamige Gedicht von J.W. von Goethe zu einer spannenden Geschichte in kindgerechter Sprache umgeschrieben haben. &hellip; <\/p>\n<p><a class=\"more-link btn\" href=\"https:\/\/gemeindebuechereikastl.de\/?p=1209\">Weiterlesen<\/a><\/p>\n","protected":false},"author":1,"featured_media":1212,"comment_status":"closed","ping_status":"closed","sticky":false,"template":"","format":"standard","meta":{"footnotes":""},"categories":[1],"tags":[],"class_list":["post-1209","post","type-post","status-publish","format-standard","has-post-thumbnail","hentry","category-team","item-wrap"],"_links":{"self":[{"href":"https:\/\/gemeindebuechereikastl.de\/index.php?rest_route=\/wp\/v2\/posts\/1209","targetHints":{"allow":["GET"]}}],"collection":[{"href":"https:\/\/gemeindebuechereikastl.de\/index.php?rest_route=\/wp\/v2\/posts"}],"about":[{"href":"https:\/\/gemeindebuechereikastl.de\/index.php?rest_route=\/wp\/v2\/types\/post"}],"author":[{"embeddable":true,"href":"https:\/\/gemeindebuechereikastl.de\/index.php?rest_route=\/wp\/v2\/users\/1"}],"replies":[{"embeddable":true,"href":"https:\/\/gemeindebuechereikastl.de\/index.php?rest_route=%2Fwp%2Fv2%2Fcomments&post=1209"}],"version-history":[{"count":1,"href":"https:\/\/gemeindebuechereikastl.de\/index.php?rest_route=\/wp\/v2\/posts\/1209\/revisions"}],"predecessor-version":[{"id":1214,"href":"https:\/\/gemeindebuechereikastl.de\/index.php?rest_route=\/wp\/v2\/posts\/1209\/revisions\/1214"}],"wp:featuredmedia":[{"embeddable":true,"href":"https:\/\/gemeindebuechereikastl.de\/index.php?rest_route=\/wp\/v2\/media\/1212"}],"wp:attachment":[{"href":"https:\/\/gemeindebuechereikastl.de\/index.php?rest_route=%2Fwp%2Fv2%2Fmedia&parent=1209"}],"wp:term":[{"taxonomy":"category","embeddable":true,"href":"https:\/\/gemeindebuechereikastl.de\/index.php?rest_route=%2Fwp%2Fv2%2Fcategories&post=1209"},{"taxonomy":"post_tag","embeddable":true,"href":"https:\/\/gemeindebuechereikastl.de\/index.php?rest_route=%2Fwp%2Fv2%2Ftags&post=1209"}],"curies":[{"name":"wp","href":"https:\/\/api.w.org\/{rel}","templated":true}]}}