{"id":121,"date":"2017-12-20T19:21:31","date_gmt":"2017-12-20T19:21:31","guid":{"rendered":"http:\/\/gemeindebuechereikastl.de\/?p=121"},"modified":"2018-01-06T20:55:20","modified_gmt":"2018-01-06T20:55:20","slug":"herzlich-willkommen-auf-der-neuen-homepage","status":"publish","type":"post","link":"https:\/\/gemeindebuechereikastl.de\/?p=121","title":{"rendered":"Herzlich Willkommen auf der neuen Homepage"},"content":{"rendered":"<p><img loading=\"lazy\" decoding=\"async\" class=\"alignnone wp-image-7 size-full\" src=\"https:\/\/gemeindebuechereikastl.de\/wp-content\/uploads\/2017\/12\/herzlich-willkommen.jpg\" alt=\"\" width=\"605\" height=\"494\" srcset=\"https:\/\/gemeindebuechereikastl.de\/wp-content\/uploads\/2017\/12\/herzlich-willkommen.jpg 605w, https:\/\/gemeindebuechereikastl.de\/wp-content\/uploads\/2017\/12\/herzlich-willkommen-300x245.jpg 300w\" sizes=\"auto, (max-width: 605px) 100vw, 605px\" \/><\/p>\n<p>Willkommen auf den neuen Seiten der Gemeindeb\u00fccherei Kastl. Die B\u00fccherei-Homepage ist nun wieder online. Grund f\u00fcr den l\u00e4ngeren Ausfall war der kaputte und veraltete B\u00fccherei-Server auf dem die Homepage abgelegt war. Nun ist alles wieder neu und wir hoffen auf einen unterbrechungsfreien Betrieb f\u00fcr die n\u00e4chsten Jahre.<\/p>\n","protected":false},"excerpt":{"rendered":"<p>Willkommen auf den neuen Seiten der Gemeindeb\u00fccherei Kastl. Die B\u00fccherei-Homepage ist nun wieder online. Grund f\u00fcr den l\u00e4ngeren Ausfall war der kaputte und veraltete B\u00fccherei-Server auf dem die Homepage abgelegt war. Nun ist alles wieder neu und wir hoffen auf einen unterbrechungsfreien Betrieb f\u00fcr die n\u00e4chsten Jahre.<\/p>\n","protected":false},"author":3,"featured_media":7,"comment_status":"closed","ping_status":"closed","sticky":false,"template":"","format":"standard","meta":{"footnotes":""},"categories":[5],"tags":[3],"class_list":["post-121","post","type-post","status-publish","format-standard","has-post-thumbnail","hentry","category-news","tag-willkommen","item-wrap"],"_links":{"self":[{"href":"https:\/\/gemeindebuechereikastl.de\/index.php?rest_route=\/wp\/v2\/posts\/121","targetHints":{"allow":["GET"]}}],"collection":[{"href":"https:\/\/gemeindebuechereikastl.de\/index.php?rest_route=\/wp\/v2\/posts"}],"about":[{"href":"https:\/\/gemeindebuechereikastl.de\/index.php?rest_route=\/wp\/v2\/types\/post"}],"author":[{"embeddable":true,"href":"https:\/\/gemeindebuechereikastl.de\/index.php?rest_route=\/wp\/v2\/users\/3"}],"replies":[{"embeddable":true,"href":"https:\/\/gemeindebuechereikastl.de\/index.php?rest_route=%2Fwp%2Fv2%2Fcomments&post=121"}],"version-history":[{"count":11,"href":"https:\/\/gemeindebuechereikastl.de\/index.php?rest_route=\/wp\/v2\/posts\/121\/revisions"}],"predecessor-version":[{"id":189,"href":"https:\/\/gemeindebuechereikastl.de\/index.php?rest_route=\/wp\/v2\/posts\/121\/revisions\/189"}],"wp:featuredmedia":[{"embeddable":true,"href":"https:\/\/gemeindebuechereikastl.de\/index.php?rest_route=\/wp\/v2\/media\/7"}],"wp:attachment":[{"href":"https:\/\/gemeindebuechereikastl.de\/index.php?rest_route=%2Fwp%2Fv2%2Fmedia&parent=121"}],"wp:term":[{"taxonomy":"category","embeddable":true,"href":"https:\/\/gemeindebuechereikastl.de\/index.php?rest_route=%2Fwp%2Fv2%2Fcategories&post=121"},{"taxonomy":"post_tag","embeddable":true,"href":"https:\/\/gemeindebuechereikastl.de\/index.php?rest_route=%2Fwp%2Fv2%2Ftags&post=121"}],"curies":[{"name":"wp","href":"https:\/\/api.w.org\/{rel}","templated":true}]}}