{"id":1216,"date":"2020-02-10T18:42:31","date_gmt":"2020-02-10T18:42:31","guid":{"rendered":"http:\/\/gemeindebuechereikastl.de\/?p=1216"},"modified":"2020-02-15T12:19:32","modified_gmt":"2020-02-15T12:19:32","slug":"wettlauf-zwischen-hase-und-igel-beim-vorlesenachmittag","status":"publish","type":"post","link":"https:\/\/gemeindebuechereikastl.de\/?p=1216","title":{"rendered":"B\u00fccherregale dienten als Ackerfurchen beim Vorlesenachmittag mit der Geschichte von Hase und Igel"},"content":{"rendered":"<h2 style=\"text-align: center;\"><span style=\"color: #ff6600;\">Freitag, 14. Februar ~ Vorlesenachmittag mit Hase und Igel\u00a0 &#8211; B\u00fccherregale dienten als Ackerfurchen<\/span><\/h2>\n<p><img loading=\"lazy\" decoding=\"async\" class=\"size-large wp-image-1221 aligncenter\" src=\"https:\/\/gemeindebuechereikastl.de\/wp-content\/uploads\/2020\/02\/Has-und-Igel-1-1024x683.jpg\" alt=\"\" width=\"750\" height=\"500\" srcset=\"https:\/\/gemeindebuechereikastl.de\/wp-content\/uploads\/2020\/02\/Has-und-Igel-1-1024x683.jpg 1024w, https:\/\/gemeindebuechereikastl.de\/wp-content\/uploads\/2020\/02\/Has-und-Igel-1-300x200.jpg 300w, https:\/\/gemeindebuechereikastl.de\/wp-content\/uploads\/2020\/02\/Has-und-Igel-1-768x512.jpg 768w, https:\/\/gemeindebuechereikastl.de\/wp-content\/uploads\/2020\/02\/Has-und-Igel-1-1536x1024.jpg 1536w, https:\/\/gemeindebuechereikastl.de\/wp-content\/uploads\/2020\/02\/Has-und-Igel-1-2048x1365.jpg 2048w\" sizes=\"auto, (max-width: 750px) 100vw, 750px\" \/><\/p>\n<p>Die B\u00fccherregale dienten als Ackerfurchen als sich am Freitagnachmittag in der Gemeindeb\u00fccherei beim Vorlesenachmittag die Kinder in Hasen und Igel verwandelten.<br \/>\nEingestimmt durch bekannte Kinderlieder \u201eIgele, Igele schau mal in Spiegele\u201c und \u201eH\u00e4schen in der Grube\u201c lauschten sie aufmerksam Janoschs Variante von \u201eDer Hase und der Igel\u201c: \u201eIch habe heute Lust erster zu sein!\u201c sagt der Hase und<img loading=\"lazy\" decoding=\"async\" class=\" wp-image-1223 alignleft\" style=\"margin: 1em 1em 1em 0px; outline: #72777c solid 1px; border: 0px; height: 324px; text-align: left; color: #4a474b; text-transform: none; text-indent: 0px; letter-spacing: normal; font-size: 16px; font-style: normal; font-variant: normal; font-weight: 400; text-decoration: none; word-spacing: 0px; vertical-align: middle; white-space: normal; max-width: 100%; box-sizing: border-box; orphans: 2; float: left; -webkit-text-stroke-width: 0px;\" src=\"https:\/\/gemeindebuechereikastl.de\/wp-content\/uploads\/2020\/02\/Has-und-Igel-3-1024x678.jpg\" alt=\"\" width=\"489\" height=\"240\" \/> fordert den Igel mit seinen krummen Beinchen zum Wettlauf heraus. Der schlesische K\u00fcnstler hat in seiner eigenen Art eine wunderbare Geschichte rund um die beiden Tiere erz\u00e4hlt, in der der Hase sogar den Bremer Stadtmusikanten begegnet und lernt bei gr\u00fcn \u00fcber die Stra\u00dfe zu gehen. Doch am Ende ist es fraglich wer gewonnen hat: der schnelle Hase, der sich verausgabt hat, oder der Igel, der, nachdem er den Wettlauf vergessen hatte, mit seiner Frau einen sch\u00f6nen Sommertag am See verbringt.<br \/>\nAnschlie\u00dfend ging es zum Wettlaufen zwischen den Regalen ins Obergeschoss der B\u00fccherei. Einige <img loading=\"lazy\" decoding=\"async\" class=\" wp-image-1222 alignright\" src=\"https:\/\/gemeindebuechereikastl.de\/wp-content\/uploads\/2020\/02\/Has-und-Igel-2-1024x683.jpg\" alt=\"\" width=\"454\" height=\"302\" srcset=\"https:\/\/gemeindebuechereikastl.de\/wp-content\/uploads\/2020\/02\/Has-und-Igel-2-1024x683.jpg 1024w, https:\/\/gemeindebuechereikastl.de\/wp-content\/uploads\/2020\/02\/Has-und-Igel-2-300x200.jpg 300w, https:\/\/gemeindebuechereikastl.de\/wp-content\/uploads\/2020\/02\/Has-und-Igel-2-768x512.jpg 768w, https:\/\/gemeindebuechereikastl.de\/wp-content\/uploads\/2020\/02\/Has-und-Igel-2-1536x1024.jpg 1536w, https:\/\/gemeindebuechereikastl.de\/wp-content\/uploads\/2020\/02\/Has-und-Igel-2-2048x1365.jpg 2048w\" sizes=\"auto, (max-width: 454px) 100vw, 454px\" \/>Grundschulkinder kannten schon den Hoch- und Tiefstart und haben zum Gelingen des Sprintwettbewerbs beigetragen. Als Verschnaufpause gab es die Urform der Fabel, bei der sich der Hase so arrogant verh\u00e4lt, seinen Nachbarn, den Steckr\u00fcbeng\u00e4rtner, nicht zu gr\u00fc\u00dfen. Doch am Ende geht der Wetteinsatz von einer Flasche G\u00e4nsewein und einem Goldtaler an den L\u00e4ufer mit den kurzen Beinen. Auch hier hatten die Kinder im Anschluss viel Freude sich mit dem bekannten Spruch \u201eIch bin schon da!\u201c gegenseitig auszutricksen. Die beiden ehrenamtlichen<\/p>\n<p style=\"text-align: center;\"><strong>Geschichtenerz\u00e4hlerinnen Ines Riedl und Kathrin Fuchs freuten sich \u00fcber die vielen Kinder, die zur Vorlesestunde gekommen waren und hoffen auf einen weiteren vergn\u00fcglichen Nachmittag.<\/strong><\/p>\n<h4 style=\"text-align: center;\"><span style=\"color: #008000;\"><strong>am 20. M\u00e4rz zum Thema \u201eFr\u00fchling\u201c in der Gemeindeb\u00fccherei Kastl.<\/strong><\/span><\/h4>\n","protected":false},"excerpt":{"rendered":"<p>Freitag, 14. Februar ~ Vorlesenachmittag mit Hase und Igel\u00a0 &#8211; B\u00fccherregale dienten als Ackerfurchen Die B\u00fccherregale dienten als Ackerfurchen als sich am Freitagnachmittag in der Gemeindeb\u00fccherei beim Vorlesenachmittag die Kinder in Hasen und Igel verwandelten. Eingestimmt durch bekannte Kinderlieder \u201eIgele, Igele schau mal in Spiegele\u201c und \u201eH\u00e4schen in der Grube\u201c lauschten sie aufmerksam Janoschs Variante &hellip; <\/p>\n<p><a class=\"more-link btn\" href=\"https:\/\/gemeindebuechereikastl.de\/?p=1216\">Weiterlesen<\/a><\/p>\n","protected":false},"author":1,"featured_media":1223,"comment_status":"closed","ping_status":"closed","sticky":false,"template":"","format":"standard","meta":{"footnotes":""},"categories":[1],"tags":[141,143,142,80,132],"class_list":["post-1216","post","type-post","status-publish","format-standard","has-post-thumbnail","hentry","category-team","tag-hase","tag-hase-und-igel","tag-igel","tag-vorlesen","tag-vorlesenachmitag","item-wrap"],"_links":{"self":[{"href":"https:\/\/gemeindebuechereikastl.de\/index.php?rest_route=\/wp\/v2\/posts\/1216","targetHints":{"allow":["GET"]}}],"collection":[{"href":"https:\/\/gemeindebuechereikastl.de\/index.php?rest_route=\/wp\/v2\/posts"}],"about":[{"href":"https:\/\/gemeindebuechereikastl.de\/index.php?rest_route=\/wp\/v2\/types\/post"}],"author":[{"embeddable":true,"href":"https:\/\/gemeindebuechereikastl.de\/index.php?rest_route=\/wp\/v2\/users\/1"}],"replies":[{"embeddable":true,"href":"https:\/\/gemeindebuechereikastl.de\/index.php?rest_route=%2Fwp%2Fv2%2Fcomments&post=1216"}],"version-history":[{"count":4,"href":"https:\/\/gemeindebuechereikastl.de\/index.php?rest_route=\/wp\/v2\/posts\/1216\/revisions"}],"predecessor-version":[{"id":1224,"href":"https:\/\/gemeindebuechereikastl.de\/index.php?rest_route=\/wp\/v2\/posts\/1216\/revisions\/1224"}],"wp:featuredmedia":[{"embeddable":true,"href":"https:\/\/gemeindebuechereikastl.de\/index.php?rest_route=\/wp\/v2\/media\/1223"}],"wp:attachment":[{"href":"https:\/\/gemeindebuechereikastl.de\/index.php?rest_route=%2Fwp%2Fv2%2Fmedia&parent=1216"}],"wp:term":[{"taxonomy":"category","embeddable":true,"href":"https:\/\/gemeindebuechereikastl.de\/index.php?rest_route=%2Fwp%2Fv2%2Fcategories&post=1216"},{"taxonomy":"post_tag","embeddable":true,"href":"https:\/\/gemeindebuechereikastl.de\/index.php?rest_route=%2Fwp%2Fv2%2Ftags&post=1216"}],"curies":[{"name":"wp","href":"https:\/\/api.w.org\/{rel}","templated":true}]}}