{"id":1231,"date":"2020-03-16T11:12:22","date_gmt":"2020-03-16T11:12:22","guid":{"rendered":"http:\/\/gemeindebuechereikastl.de\/?p=1231"},"modified":"2020-03-17T17:29:38","modified_gmt":"2020-03-17T17:29:38","slug":"gemeindebuecherei-bleibt-bis-zum-ende-der-osterferien-19-april-geschlossen","status":"publish","type":"post","link":"https:\/\/gemeindebuechereikastl.de\/?p=1231","title":{"rendered":"Gemeindeb\u00fccherei bleibt bis zum Ende der Osterferien (Sonntag, 19. April) geschlossen"},"content":{"rendered":"<h3 style=\"text-align: center;\"><em>Liebe Leserinnen und Leser der Gemeindeb\u00fccherei Kastl.<\/em><\/h3>\n<h3 style=\"text-align: center;\">Wegen des Corona-Virus und der Ausrufung des Katastrophenfalls f\u00fcr Bayern, bleibt die Gemeindeb\u00fccherei voraussichtlich bis zum Ende der Osterferien, <span style=\"color: #ff0000;\">Sonntag, 19. April<\/span> geschlossen.<\/h3>\n<h3 style=\"text-align: center;\"><img loading=\"lazy\" decoding=\"async\" class=\" wp-image-1233 aligncenter\" src=\"https:\/\/gemeindebuechereikastl.de\/wp-content\/uploads\/2020\/03\/Geschlossen-1024x581.jpg\" alt=\"\" width=\"572\" height=\"325\" srcset=\"https:\/\/gemeindebuechereikastl.de\/wp-content\/uploads\/2020\/03\/Geschlossen-1024x581.jpg 1024w, https:\/\/gemeindebuechereikastl.de\/wp-content\/uploads\/2020\/03\/Geschlossen-300x170.jpg 300w, https:\/\/gemeindebuechereikastl.de\/wp-content\/uploads\/2020\/03\/Geschlossen-768x436.jpg 768w, https:\/\/gemeindebuechereikastl.de\/wp-content\/uploads\/2020\/03\/Geschlossen.jpg 1175w\" sizes=\"auto, (max-width: 572px) 100vw, 572px\" \/><br \/>\n<span style=\"color: #ff0000;\">Alle ausgeliehenen B\u00fccher und Medien werden bis 19. April verl\u00e4ngert. <\/span><span style=\"color: #ff0000;\">Es fallen in dieser Zeit auch keine Mahngeb\u00fchren an!<\/span><\/h3>\n<p>&nbsp;<\/p>\n","protected":false},"excerpt":{"rendered":"<p>Liebe Leserinnen und Leser der Gemeindeb\u00fccherei Kastl. Wegen des Corona-Virus und der Ausrufung des Katastrophenfalls f\u00fcr Bayern, bleibt die Gemeindeb\u00fccherei voraussichtlich bis zum Ende der Osterferien, Sonntag, 19. April geschlossen. Alle ausgeliehenen B\u00fccher und Medien werden bis 19. April verl\u00e4ngert. Es fallen in dieser Zeit auch keine Mahngeb\u00fchren an! &nbsp;<\/p>\n","protected":false},"author":1,"featured_media":1233,"comment_status":"closed","ping_status":"closed","sticky":false,"template":"","format":"standard","meta":{"footnotes":""},"categories":[1],"tags":[],"class_list":["post-1231","post","type-post","status-publish","format-standard","has-post-thumbnail","hentry","category-team","item-wrap"],"_links":{"self":[{"href":"https:\/\/gemeindebuechereikastl.de\/index.php?rest_route=\/wp\/v2\/posts\/1231","targetHints":{"allow":["GET"]}}],"collection":[{"href":"https:\/\/gemeindebuechereikastl.de\/index.php?rest_route=\/wp\/v2\/posts"}],"about":[{"href":"https:\/\/gemeindebuechereikastl.de\/index.php?rest_route=\/wp\/v2\/types\/post"}],"author":[{"embeddable":true,"href":"https:\/\/gemeindebuechereikastl.de\/index.php?rest_route=\/wp\/v2\/users\/1"}],"replies":[{"embeddable":true,"href":"https:\/\/gemeindebuechereikastl.de\/index.php?rest_route=%2Fwp%2Fv2%2Fcomments&post=1231"}],"version-history":[{"count":8,"href":"https:\/\/gemeindebuechereikastl.de\/index.php?rest_route=\/wp\/v2\/posts\/1231\/revisions"}],"predecessor-version":[{"id":1241,"href":"https:\/\/gemeindebuechereikastl.de\/index.php?rest_route=\/wp\/v2\/posts\/1231\/revisions\/1241"}],"wp:featuredmedia":[{"embeddable":true,"href":"https:\/\/gemeindebuechereikastl.de\/index.php?rest_route=\/wp\/v2\/media\/1233"}],"wp:attachment":[{"href":"https:\/\/gemeindebuechereikastl.de\/index.php?rest_route=%2Fwp%2Fv2%2Fmedia&parent=1231"}],"wp:term":[{"taxonomy":"category","embeddable":true,"href":"https:\/\/gemeindebuechereikastl.de\/index.php?rest_route=%2Fwp%2Fv2%2Fcategories&post=1231"},{"taxonomy":"post_tag","embeddable":true,"href":"https:\/\/gemeindebuechereikastl.de\/index.php?rest_route=%2Fwp%2Fv2%2Ftags&post=1231"}],"curies":[{"name":"wp","href":"https:\/\/api.w.org\/{rel}","templated":true}]}}