{"id":1255,"date":"2020-03-26T12:37:24","date_gmt":"2020-03-26T12:37:24","guid":{"rendered":"http:\/\/gemeindebuechereikastl.de\/?p=1255"},"modified":"2020-03-26T15:35:32","modified_gmt":"2020-03-26T15:35:32","slug":"e-book-ausleihe-auch-fuer-nicht-leser-der-gemeindebuecherei-kastl","status":"publish","type":"post","link":"https:\/\/gemeindebuechereikastl.de\/?p=1255","title":{"rendered":"E-Book Ausleihe auch f\u00fcr Nicht-Leser der Gemeindeb\u00fccherei Kastl"},"content":{"rendered":"<h2><span style=\"color: #ff6600;\"><strong><!-- x-tinymce\/html --><\/strong><\/span><span style=\"color: #ff6600;\"><strong>E-Book Ausleihe<\/strong> <\/span><\/h2>\n<p><span style=\"color: #ff0000;\"><!-- x-tinymce\/html --><img loading=\"lazy\" decoding=\"async\" class=\" wp-image-77 alignleft\" src=\"https:\/\/gemeindebuechereikastl.de\/wp-content\/uploads\/2018\/01\/Leo-nord.jpg\" alt=\"\" width=\"135\" height=\"134\" srcset=\"https:\/\/gemeindebuechereikastl.de\/wp-content\/uploads\/2018\/01\/Leo-nord.jpg 230w, https:\/\/gemeindebuechereikastl.de\/wp-content\/uploads\/2018\/01\/Leo-nord-150x150.jpg 150w, https:\/\/gemeindebuechereikastl.de\/wp-content\/uploads\/2018\/01\/Leo-nord-60x60.jpg 60w\" sizes=\"auto, (max-width: 135px) 100vw, 135px\" \/>Seit Oktober 2015, bietet die Gemeindeb\u00fccherei Kastl f\u00fcr alle ihre Leserinnen und Leser einen kostenfreien Zugriff auf zahlreiche eMedien an. Einzige Bedingung ist ein aktives Leserkonto bei der Gemeindeb\u00fccherei Kastl.<\/span><\/p>\n<p>In der Zeit der B\u00fcchereischlie\u00dfung bietet das Team der Gemeindeb\u00fccherei auch einen <span style=\"color: #ff0000;\">befristeten Zugang f\u00fcr\u00a0<strong>NICHT LESER<\/strong> <\/span>an.<\/p>\n<p>Weitere Infos hier auf unserer Webseite unter <span style=\"color: #ff0000;\"><strong>Leo-Nord (E-Books) oder direkt unter www.leonord.de\u00a0<\/strong> <\/span><\/p>\n<p><img loading=\"lazy\" decoding=\"async\" class=\" wp-image-1264 aligncenter\" src=\"https:\/\/gemeindebuechereikastl.de\/wp-content\/uploads\/2020\/03\/Leonord-1024x765.jpg\" alt=\"\" width=\"601\" height=\"449\" srcset=\"https:\/\/gemeindebuechereikastl.de\/wp-content\/uploads\/2020\/03\/Leonord-1024x765.jpg 1024w, https:\/\/gemeindebuechereikastl.de\/wp-content\/uploads\/2020\/03\/Leonord-300x224.jpg 300w, https:\/\/gemeindebuechereikastl.de\/wp-content\/uploads\/2020\/03\/Leonord-768x574.jpg 768w, https:\/\/gemeindebuechereikastl.de\/wp-content\/uploads\/2020\/03\/Leonord.jpg 1312w\" sizes=\"auto, (max-width: 601px) 100vw, 601px\" \/><\/p>\n<p style=\"text-align: center;\">Wer kein Leser der Gemeindeb\u00fccherei Kastl ist und Interesse an E-Books hat, kann sich unter<br \/>\n<strong><span style=\"color: #ff0000;\">info(at)gemeindebuechereikastl.de\u00a0\u00a0<\/span><br \/>\n<\/strong>bei uns melden und wir informieren Sie \u00fcber die n\u00f6tigen Schritte.<\/p>\n","protected":false},"excerpt":{"rendered":"<p>E-Book Ausleihe Seit Oktober 2015, bietet die Gemeindeb\u00fccherei Kastl f\u00fcr alle ihre Leserinnen und Leser einen kostenfreien Zugriff auf zahlreiche eMedien an. Einzige Bedingung ist ein aktives Leserkonto bei der Gemeindeb\u00fccherei Kastl. In der Zeit der B\u00fcchereischlie\u00dfung bietet das Team der Gemeindeb\u00fccherei auch einen befristeten Zugang f\u00fcr\u00a0NICHT LESER an. Weitere Infos hier auf unserer Webseite &hellip; <\/p>\n<p><a class=\"more-link btn\" href=\"https:\/\/gemeindebuechereikastl.de\/?p=1255\">Weiterlesen<\/a><\/p>\n","protected":false},"author":1,"featured_media":1269,"comment_status":"closed","ping_status":"closed","sticky":false,"template":"","format":"standard","meta":{"footnotes":""},"categories":[1],"tags":[27,145,144],"class_list":["post-1255","post","type-post","status-publish","format-standard","has-post-thumbnail","hentry","category-team","tag-e-book","tag-emedien","tag-leo-nord","item-wrap"],"_links":{"self":[{"href":"https:\/\/gemeindebuechereikastl.de\/index.php?rest_route=\/wp\/v2\/posts\/1255","targetHints":{"allow":["GET"]}}],"collection":[{"href":"https:\/\/gemeindebuechereikastl.de\/index.php?rest_route=\/wp\/v2\/posts"}],"about":[{"href":"https:\/\/gemeindebuechereikastl.de\/index.php?rest_route=\/wp\/v2\/types\/post"}],"author":[{"embeddable":true,"href":"https:\/\/gemeindebuechereikastl.de\/index.php?rest_route=\/wp\/v2\/users\/1"}],"replies":[{"embeddable":true,"href":"https:\/\/gemeindebuechereikastl.de\/index.php?rest_route=%2Fwp%2Fv2%2Fcomments&post=1255"}],"version-history":[{"count":8,"href":"https:\/\/gemeindebuechereikastl.de\/index.php?rest_route=\/wp\/v2\/posts\/1255\/revisions"}],"predecessor-version":[{"id":1273,"href":"https:\/\/gemeindebuechereikastl.de\/index.php?rest_route=\/wp\/v2\/posts\/1255\/revisions\/1273"}],"wp:featuredmedia":[{"embeddable":true,"href":"https:\/\/gemeindebuechereikastl.de\/index.php?rest_route=\/wp\/v2\/media\/1269"}],"wp:attachment":[{"href":"https:\/\/gemeindebuechereikastl.de\/index.php?rest_route=%2Fwp%2Fv2%2Fmedia&parent=1255"}],"wp:term":[{"taxonomy":"category","embeddable":true,"href":"https:\/\/gemeindebuechereikastl.de\/index.php?rest_route=%2Fwp%2Fv2%2Fcategories&post=1255"},{"taxonomy":"post_tag","embeddable":true,"href":"https:\/\/gemeindebuechereikastl.de\/index.php?rest_route=%2Fwp%2Fv2%2Ftags&post=1255"}],"curies":[{"name":"wp","href":"https:\/\/api.w.org\/{rel}","templated":true}]}}