{"id":1286,"date":"2020-04-11T09:46:49","date_gmt":"2020-04-11T09:46:49","guid":{"rendered":"http:\/\/gemeindebuechereikastl.de\/?p=1286"},"modified":"2020-04-13T07:02:26","modified_gmt":"2020-04-13T07:02:26","slug":"buechereiteam-wuenscht-ein-frohes-osterfest","status":"publish","type":"post","link":"https:\/\/gemeindebuechereikastl.de\/?p=1286","title":{"rendered":"B\u00fcchereiteam w\u00fcnscht ein frohes Osterfest"},"content":{"rendered":"<h2><span style=\"color: #ff0000;\">FROHE OSTERN<\/span><\/h2>\n<h3><span style=\"color: #ff0000;\">Das B\u00fcchereiteam w\u00fcnscht allen Lesern ein frohes und gesegnetes Osterfest.<br \/>\n<\/span><\/h3>\n<p><strong><img loading=\"lazy\" decoding=\"async\" class=\" wp-image-1287 alignleft\" src=\"https:\/\/gemeindebuechereikastl.de\/wp-content\/uploads\/2020\/04\/christ-898330_1280-1024x682.jpg\" alt=\"\" width=\"333\" height=\"221\" srcset=\"https:\/\/gemeindebuechereikastl.de\/wp-content\/uploads\/2020\/04\/christ-898330_1280-1024x682.jpg 1024w, https:\/\/gemeindebuechereikastl.de\/wp-content\/uploads\/2020\/04\/christ-898330_1280-300x200.jpg 300w, https:\/\/gemeindebuechereikastl.de\/wp-content\/uploads\/2020\/04\/christ-898330_1280-768x512.jpg 768w, https:\/\/gemeindebuechereikastl.de\/wp-content\/uploads\/2020\/04\/christ-898330_1280.jpg 1280w\" sizes=\"auto, (max-width: 333px) 100vw, 333px\" \/><br \/>\nWir hoffen das wir in naher Zukunft wieder \u00f6ffnen und Ihnen unser gesamtes Angebot an Medien wiederum zur Verf\u00fcgung stellen k\u00f6nnen.\u00a0 Bis dahin steht Ihnen unser digitales Angebot unter <a href=\"http:\/\/www.leo-nord\/\">www.leo-nord<\/a> weiter uneingeschr\u00e4nkt zur Verf\u00fcgung.<\/strong><\/p>\n<p><strong>Bleibe Sie Gesund!<\/strong><\/p>\n<p><strong>Ihr Team der Gemeindeb\u00fccherei Kastl<\/strong><\/p>\n","protected":false},"excerpt":{"rendered":"<p>FROHE OSTERN Das B\u00fcchereiteam w\u00fcnscht allen Lesern ein frohes und gesegnetes Osterfest. Wir hoffen das wir in naher Zukunft wieder \u00f6ffnen und Ihnen unser gesamtes Angebot an Medien wiederum zur Verf\u00fcgung stellen k\u00f6nnen.\u00a0 Bis dahin steht Ihnen unser digitales Angebot unter www.leo-nord weiter uneingeschr\u00e4nkt zur Verf\u00fcgung. Bleibe Sie Gesund! Ihr Team der Gemeindeb\u00fccherei Kastl<\/p>\n","protected":false},"author":1,"featured_media":0,"comment_status":"closed","ping_status":"closed","sticky":false,"template":"","format":"standard","meta":{"footnotes":""},"categories":[1],"tags":[],"class_list":["post-1286","post","type-post","status-publish","format-standard","hentry","category-team","item-wrap"],"_links":{"self":[{"href":"https:\/\/gemeindebuechereikastl.de\/index.php?rest_route=\/wp\/v2\/posts\/1286","targetHints":{"allow":["GET"]}}],"collection":[{"href":"https:\/\/gemeindebuechereikastl.de\/index.php?rest_route=\/wp\/v2\/posts"}],"about":[{"href":"https:\/\/gemeindebuechereikastl.de\/index.php?rest_route=\/wp\/v2\/types\/post"}],"author":[{"embeddable":true,"href":"https:\/\/gemeindebuechereikastl.de\/index.php?rest_route=\/wp\/v2\/users\/1"}],"replies":[{"embeddable":true,"href":"https:\/\/gemeindebuechereikastl.de\/index.php?rest_route=%2Fwp%2Fv2%2Fcomments&post=1286"}],"version-history":[{"count":3,"href":"https:\/\/gemeindebuechereikastl.de\/index.php?rest_route=\/wp\/v2\/posts\/1286\/revisions"}],"predecessor-version":[{"id":1290,"href":"https:\/\/gemeindebuechereikastl.de\/index.php?rest_route=\/wp\/v2\/posts\/1286\/revisions\/1290"}],"wp:attachment":[{"href":"https:\/\/gemeindebuechereikastl.de\/index.php?rest_route=%2Fwp%2Fv2%2Fmedia&parent=1286"}],"wp:term":[{"taxonomy":"category","embeddable":true,"href":"https:\/\/gemeindebuechereikastl.de\/index.php?rest_route=%2Fwp%2Fv2%2Fcategories&post=1286"},{"taxonomy":"post_tag","embeddable":true,"href":"https:\/\/gemeindebuechereikastl.de\/index.php?rest_route=%2Fwp%2Fv2%2Ftags&post=1286"}],"curies":[{"name":"wp","href":"https:\/\/api.w.org\/{rel}","templated":true}]}}