{"id":1307,"date":"2020-05-01T09:07:45","date_gmt":"2020-05-01T09:07:45","guid":{"rendered":"http:\/\/gemeindebuechereikastl.de\/?p=1307"},"modified":"2020-05-01T09:12:14","modified_gmt":"2020-05-01T09:12:14","slug":"luisenburg-festspiele-in-wunsiedel-wegen-corona-abgesagt","status":"publish","type":"post","link":"https:\/\/gemeindebuechereikastl.de\/?p=1307","title":{"rendered":"Luisenburg-Festspiele in Wunsiedel wegen Corona abgesagt"},"content":{"rendered":"<h2 style=\"text-align: center;\"><span style=\"color: #ff6600;\">Die Festspiele finden erst im Sommer 2021 statt<\/span><\/h2>\n<p><img loading=\"lazy\" decoding=\"async\" class=\"wp-image-1309 aligncenter\" src=\"https:\/\/gemeindebuechereikastl.de\/wp-content\/uploads\/2020\/05\/Luisenburg-Festspiele.jpg\" alt=\"\" width=\"715\" height=\"491\" srcset=\"https:\/\/gemeindebuechereikastl.de\/wp-content\/uploads\/2020\/05\/Luisenburg-Festspiele.jpg 965w, https:\/\/gemeindebuechereikastl.de\/wp-content\/uploads\/2020\/05\/Luisenburg-Festspiele-300x206.jpg 300w, https:\/\/gemeindebuechereikastl.de\/wp-content\/uploads\/2020\/05\/Luisenburg-Festspiele-768x528.jpg 768w\" sizes=\"auto, (max-width: 715px) 100vw, 715px\" \/><\/p>\n<p>Die Verschiebung der f\u00fcr diesen Sommer geplanten Auff\u00fchrungen auf der Luisenburg durch einen Beschluss des Stadtrats von Wunsiedel ist ein zugegeben sehr schmerzhafter, aber leider unvermeidlicher Schritt. Die COVID-19 Krise und deren massive Auswirkungen auf alle Lebensbereiche machen ein Theaterprogramm, wie es in unserer Planung schon weit fortgeschritten war, vollkommen unm\u00f6glich.<\/p>\n<p><strong>Aufgrund der Absage der Spiele f\u00fcr 2020 k\u00f6nnen das Team der Gemeindeb\u00fccherei und die Kolpingsfamilie Kastl auch keine Fahrten nach Wunsiedel anbieten<\/strong>.<\/p>\n<p>Die Entscheidung, das Programm auf der Felsenb\u00fchne eins zu eins um ein Jahr zu verschieben, entspricht dem Wunsch des Publikums, die den Verantwortlichen ihr\u00a0Interesse an den St\u00fccken, den K\u00fcnstlern und den Darstellern durch einen erfolgreichen Vorverkauf eindeutig bekundet hat<\/p>\n<p style=\"text-align: center;\"><strong><span style=\"color: #ff0000;\">Da die Auff\u00fchrungen, die auf der Felsenb\u00fchne geplant waren, eins zu eins auf den Sommer 2021 \u00fcbertragen werden sollen, wird das Team der Gemeindeb\u00fccherei und die Kolpingsfamilie auch Ihre beiden Fahrten eins zu eins auf 2021 verschieben.<\/span><\/strong><br \/>\n<img loading=\"lazy\" decoding=\"async\" class=\"wp-image-1311 alignleft\" src=\"https:\/\/gemeindebuechereikastl.de\/wp-content\/uploads\/2020\/05\/DER_BRANDNER_KASPAR_2_-1024x683.jpg\" alt=\"\" width=\"217\" height=\"144\" srcset=\"https:\/\/gemeindebuechereikastl.de\/wp-content\/uploads\/2020\/05\/DER_BRANDNER_KASPAR_2_-1024x683.jpg 1024w, https:\/\/gemeindebuechereikastl.de\/wp-content\/uploads\/2020\/05\/DER_BRANDNER_KASPAR_2_-300x200.jpg 300w, https:\/\/gemeindebuechereikastl.de\/wp-content\/uploads\/2020\/05\/DER_BRANDNER_KASPAR_2_-768x512.jpg 768w, https:\/\/gemeindebuechereikastl.de\/wp-content\/uploads\/2020\/05\/DER_BRANDNER_KASPAR_2_.jpg 1200w\" sizes=\"auto, (max-width: 217px) 100vw, 217px\" \/><img loading=\"lazy\" decoding=\"async\" class=\"wp-image-1310 alignright\" src=\"https:\/\/gemeindebuechereikastl.de\/wp-content\/uploads\/2020\/05\/Pinocchio.jpg\" alt=\"\" width=\"133\" height=\"145\" srcset=\"https:\/\/gemeindebuechereikastl.de\/wp-content\/uploads\/2020\/05\/Pinocchio.jpg 918w, https:\/\/gemeindebuechereikastl.de\/wp-content\/uploads\/2020\/05\/Pinocchio-274x300.jpg 274w, https:\/\/gemeindebuechereikastl.de\/wp-content\/uploads\/2020\/05\/Pinocchio-768x840.jpg 768w\" sizes=\"auto, (max-width: 133px) 100vw, 133px\" \/><\/p>\n<h4 style=\"text-align: center;\"><strong>\u00a0<span style=\"color: #ff0000;\">Die voraussichtlichen Termine f\u00fcr 2021\u00a0<\/span><br \/>\ndie Theaterfahrt zu<br \/>\n<\/strong><strong><span style=\"color: #000000;\">DER BRANDNER KASPAR 2<\/span><br \/>\nam Sonntag, 11. Juli<br \/>\n&#8211; &#8211; &#8211; &#8211; &#8211; &#8211; &#8211; &#8211; &#8211; &#8211; &#8211; &#8211; &#8211; &#8211; &#8211; &#8211; &#8211; &#8211; &#8211; &#8211; &#8211; &#8211; &#8211; &#8211;<br \/>\n<\/strong><strong>und die Ferienfahrt zu PINOCCHIO<br \/>\nam Sonntag, 8. August.<\/strong><\/h4>\n<p><a href=\"https:\/\/www.luisenburg-aktuell.de\/\"><strong>Weiter Infos auf https:\/\/www.luisenburg-aktuell.de\/<\/strong><\/a><\/p>\n","protected":false},"excerpt":{"rendered":"<p>Die Festspiele finden erst im Sommer 2021 statt Die Verschiebung der f\u00fcr diesen Sommer geplanten Auff\u00fchrungen auf der Luisenburg durch einen Beschluss des Stadtrats von Wunsiedel ist ein zugegeben sehr schmerzhafter, aber leider unvermeidlicher Schritt. Die COVID-19 Krise und deren massive Auswirkungen auf alle Lebensbereiche machen ein Theaterprogramm, wie es in unserer Planung schon weit &hellip; <\/p>\n<p><a class=\"more-link btn\" href=\"https:\/\/gemeindebuechereikastl.de\/?p=1307\">Weiterlesen<\/a><\/p>\n","protected":false},"author":1,"featured_media":1309,"comment_status":"closed","ping_status":"closed","sticky":false,"template":"","format":"standard","meta":{"footnotes":""},"categories":[5],"tags":[146,148,52,147,37,53],"class_list":["post-1307","post","type-post","status-publish","format-standard","has-post-thumbnail","hentry","category-news","tag-absage","tag-brandner-kaspar","tag-ferienfahrt","tag-pinocchio","tag-theater","tag-wunsiedel","item-wrap"],"_links":{"self":[{"href":"https:\/\/gemeindebuechereikastl.de\/index.php?rest_route=\/wp\/v2\/posts\/1307","targetHints":{"allow":["GET"]}}],"collection":[{"href":"https:\/\/gemeindebuechereikastl.de\/index.php?rest_route=\/wp\/v2\/posts"}],"about":[{"href":"https:\/\/gemeindebuechereikastl.de\/index.php?rest_route=\/wp\/v2\/types\/post"}],"author":[{"embeddable":true,"href":"https:\/\/gemeindebuechereikastl.de\/index.php?rest_route=\/wp\/v2\/users\/1"}],"replies":[{"embeddable":true,"href":"https:\/\/gemeindebuechereikastl.de\/index.php?rest_route=%2Fwp%2Fv2%2Fcomments&post=1307"}],"version-history":[{"count":2,"href":"https:\/\/gemeindebuechereikastl.de\/index.php?rest_route=\/wp\/v2\/posts\/1307\/revisions"}],"predecessor-version":[{"id":1313,"href":"https:\/\/gemeindebuechereikastl.de\/index.php?rest_route=\/wp\/v2\/posts\/1307\/revisions\/1313"}],"wp:featuredmedia":[{"embeddable":true,"href":"https:\/\/gemeindebuechereikastl.de\/index.php?rest_route=\/wp\/v2\/media\/1309"}],"wp:attachment":[{"href":"https:\/\/gemeindebuechereikastl.de\/index.php?rest_route=%2Fwp%2Fv2%2Fmedia&parent=1307"}],"wp:term":[{"taxonomy":"category","embeddable":true,"href":"https:\/\/gemeindebuechereikastl.de\/index.php?rest_route=%2Fwp%2Fv2%2Fcategories&post=1307"},{"taxonomy":"post_tag","embeddable":true,"href":"https:\/\/gemeindebuechereikastl.de\/index.php?rest_route=%2Fwp%2Fv2%2Ftags&post=1307"}],"curies":[{"name":"wp","href":"https:\/\/api.w.org\/{rel}","templated":true}]}}