{"id":1355,"date":"2020-05-10T16:41:36","date_gmt":"2020-05-10T16:41:36","guid":{"rendered":"http:\/\/gemeindebuechereikastl.de\/?p=1355"},"modified":"2020-05-13T18:53:10","modified_gmt":"2020-05-13T18:53:10","slug":"beim-besuch-in-der-buecherei-gelten-ab-dienstag-12-mai-besondere-hygiene-und-schutzmassnahmen","status":"publish","type":"post","link":"https:\/\/gemeindebuechereikastl.de\/?p=1355","title":{"rendered":"Besondere Hygiene- und Schutzma\u00dfnahmen f\u00fcr alle Leser beim Besuch der B\u00fccherei"},"content":{"rendered":"<p><img loading=\"lazy\" decoding=\"async\" class=\"wp-image-1347 alignleft\" src=\"https:\/\/gemeindebuechereikastl.de\/wp-content\/uploads\/2020\/05\/B\u00fccherei\u00f6ffnung-scaled-e1589127288687-829x1024.jpg\" alt=\"\" width=\"200\" height=\"247\" srcset=\"https:\/\/gemeindebuechereikastl.de\/wp-content\/uploads\/2020\/05\/B\u00fccherei\u00f6ffnung-scaled-e1589127288687-829x1024.jpg 829w, https:\/\/gemeindebuechereikastl.de\/wp-content\/uploads\/2020\/05\/B\u00fccherei\u00f6ffnung-scaled-e1589127288687-243x300.jpg 243w, https:\/\/gemeindebuechereikastl.de\/wp-content\/uploads\/2020\/05\/B\u00fccherei\u00f6ffnung-scaled-e1589127288687-768x949.jpg 768w, https:\/\/gemeindebuechereikastl.de\/wp-content\/uploads\/2020\/05\/B\u00fccherei\u00f6ffnung-scaled-e1589127288687.jpg 1062w\" sizes=\"auto, (max-width: 200px) 100vw, 200px\" \/><br \/>\nSeit Dienstag, 12. Mai haben wir wieder f\u00fcr Sie ge\u00f6ffnet. Nat\u00fcrlich gelten in diesen besonderen Zeiten auch besondere &#8222;Ausleihbedingungen&#8220; diese vorab f\u00fcr Euch zur Information.<\/p>\n<p>Keine Sorge, es ist kein \u201eAusleih-Marathon\u201c zu Beginn erforderlich, denn alle ausgeliehenen B\u00fccher und Medien wurden bis 24. Mai verl\u00e4ngert. <a href=\"https:\/\/gemeindebuechereikastl.de\/wp-content\/uploads\/2020\/05\/Regeln-Besucher.pdf\"><img loading=\"lazy\" decoding=\"async\" class=\"wp-image-1356 alignright\" src=\"https:\/\/gemeindebuechereikastl.de\/wp-content\/uploads\/2020\/05\/Regeln-Besucher-724x1024.jpg\" alt=\"\" width=\"188\" height=\"266\" srcset=\"https:\/\/gemeindebuechereikastl.de\/wp-content\/uploads\/2020\/05\/Regeln-Besucher-724x1024.jpg 724w, https:\/\/gemeindebuechereikastl.de\/wp-content\/uploads\/2020\/05\/Regeln-Besucher-212x300.jpg 212w, https:\/\/gemeindebuechereikastl.de\/wp-content\/uploads\/2020\/05\/Regeln-Besucher-768x1086.jpg 768w, https:\/\/gemeindebuechereikastl.de\/wp-content\/uploads\/2020\/05\/Regeln-Besucher-1086x1536.jpg 1086w, https:\/\/gemeindebuechereikastl.de\/wp-content\/uploads\/2020\/05\/Regeln-Besucher.jpg 1240w\" sizes=\"auto, (max-width: 188px) 100vw, 188px\" \/><\/a><\/p>\n<p>Ausgenommen sind die B\u00fccher und Medien, die bereits vor dem 19. M\u00e4rz \u00fcberf\u00e4llig waren. Die bis dahin angefallene Geb\u00fchren bleiben bestehen. Die Zeit der Schlie\u00dfung wird nicht mitgerechnet.<\/p>\n<p>Auch gibt es beim Besuch der B\u00fccherei Hygiene- und Schutzma\u00dfnahmen zu beachten.<\/p>\n<h3 style=\"text-align: center;\"><span style=\"color: #ff0000;\"><a style=\"color: #ff0000;\" href=\"https:\/\/gemeindebuechereikastl.de\/wp-content\/uploads\/2020\/05\/Regeln-Besucher.pdf\">Hygiene und Schutzma\u00dfnahmen der Gemeindeb\u00fccherei Kastl zum Ausdrucken<\/a><\/span><\/h3>\n","protected":false},"excerpt":{"rendered":"<p>Seit Dienstag, 12. Mai haben wir wieder f\u00fcr Sie ge\u00f6ffnet. Nat\u00fcrlich gelten in diesen besonderen Zeiten auch besondere &#8222;Ausleihbedingungen&#8220; diese vorab f\u00fcr Euch zur Information. Keine Sorge, es ist kein \u201eAusleih-Marathon\u201c zu Beginn erforderlich, denn alle ausgeliehenen B\u00fccher und Medien wurden bis 24. Mai verl\u00e4ngert. Ausgenommen sind die B\u00fccher und Medien, die bereits vor dem &hellip; <\/p>\n<p><a class=\"more-link btn\" href=\"https:\/\/gemeindebuechereikastl.de\/?p=1355\">Weiterlesen<\/a><\/p>\n","protected":false},"author":1,"featured_media":0,"comment_status":"closed","ping_status":"closed","sticky":false,"template":"","format":"standard","meta":{"footnotes":""},"categories":[1],"tags":[158,151,155,159],"class_list":["post-1355","post","type-post","status-publish","format-standard","hentry","category-team","tag-besuch","tag-hygiene","tag-oeffnung","tag-schutzmassnahmen","item-wrap"],"_links":{"self":[{"href":"https:\/\/gemeindebuechereikastl.de\/index.php?rest_route=\/wp\/v2\/posts\/1355","targetHints":{"allow":["GET"]}}],"collection":[{"href":"https:\/\/gemeindebuechereikastl.de\/index.php?rest_route=\/wp\/v2\/posts"}],"about":[{"href":"https:\/\/gemeindebuechereikastl.de\/index.php?rest_route=\/wp\/v2\/types\/post"}],"author":[{"embeddable":true,"href":"https:\/\/gemeindebuechereikastl.de\/index.php?rest_route=\/wp\/v2\/users\/1"}],"replies":[{"embeddable":true,"href":"https:\/\/gemeindebuechereikastl.de\/index.php?rest_route=%2Fwp%2Fv2%2Fcomments&post=1355"}],"version-history":[{"count":9,"href":"https:\/\/gemeindebuechereikastl.de\/index.php?rest_route=\/wp\/v2\/posts\/1355\/revisions"}],"predecessor-version":[{"id":1367,"href":"https:\/\/gemeindebuechereikastl.de\/index.php?rest_route=\/wp\/v2\/posts\/1355\/revisions\/1367"}],"wp:attachment":[{"href":"https:\/\/gemeindebuechereikastl.de\/index.php?rest_route=%2Fwp%2Fv2%2Fmedia&parent=1355"}],"wp:term":[{"taxonomy":"category","embeddable":true,"href":"https:\/\/gemeindebuechereikastl.de\/index.php?rest_route=%2Fwp%2Fv2%2Fcategories&post=1355"},{"taxonomy":"post_tag","embeddable":true,"href":"https:\/\/gemeindebuechereikastl.de\/index.php?rest_route=%2Fwp%2Fv2%2Ftags&post=1355"}],"curies":[{"name":"wp","href":"https:\/\/api.w.org\/{rel}","templated":true}]}}