{"id":1375,"date":"2020-05-16T14:46:10","date_gmt":"2020-05-16T14:46:10","guid":{"rendered":"http:\/\/gemeindebuechereikastl.de\/?p=1375"},"modified":"2020-05-20T08:28:17","modified_gmt":"2020-05-20T08:28:17","slug":"buechereiteam-wieder-mit-begeisterung-fuer-die-leser-da","status":"publish","type":"post","link":"https:\/\/gemeindebuechereikastl.de\/?p=1375","title":{"rendered":"B\u00fcchereiteam wieder mit Begeisterung f\u00fcr die Leser da!"},"content":{"rendered":"<h3 style=\"text-align: center;\"><strong>Das B\u00fcchereiteam Ihrer Gemeindeb\u00fccherei Kastl freut sich sehr darauf, nach der zweimonatigen Zwangspause wegen Corona, seine Leserinnen und Leser wiederzusehen und sie mit frischem Lese-, H\u00f6r-, Filmstoff versorgen zu k\u00f6nnen.<br \/>\n<\/strong><\/h3>\n<h3 style=\"text-align: center;\"><strong><img loading=\"lazy\" decoding=\"async\" class=\"alignnone size-large wp-image-1378\" src=\"https:\/\/gemeindebuechereikastl.de\/wp-content\/uploads\/2020\/05\/Corona-Team-1024x768.jpg\" alt=\"\" width=\"750\" height=\"563\" srcset=\"https:\/\/gemeindebuechereikastl.de\/wp-content\/uploads\/2020\/05\/Corona-Team-1024x768.jpg 1024w, https:\/\/gemeindebuechereikastl.de\/wp-content\/uploads\/2020\/05\/Corona-Team-300x225.jpg 300w, https:\/\/gemeindebuechereikastl.de\/wp-content\/uploads\/2020\/05\/Corona-Team-768x576.jpg 768w, https:\/\/gemeindebuechereikastl.de\/wp-content\/uploads\/2020\/05\/Corona-Team-1536x1152.jpg 1536w, https:\/\/gemeindebuechereikastl.de\/wp-content\/uploads\/2020\/05\/Corona-Team-2048x1536.jpg 2048w\" sizes=\"auto, (max-width: 750px) 100vw, 750px\" \/><\/strong><\/h3>\n<h4 style=\"text-align: center;\">Die aktuellen neuen B\u00fccher und \u00a0Medien wie immer in unserem &#8222;<a href=\"https:\/\/iopac.gemeindebuechereikastl.de\/iopac\/\">Online Katalog<\/a>&#8220;<br \/>\nunter Neue Titel.<br \/>\n<img loading=\"lazy\" decoding=\"async\" class=\" wp-image-1379 alignleft\" src=\"https:\/\/gemeindebuechereikastl.de\/wp-content\/uploads\/2020\/05\/Hygiene-1024x997.jpg\" alt=\"\" width=\"320\" height=\"311\" srcset=\"https:\/\/gemeindebuechereikastl.de\/wp-content\/uploads\/2020\/05\/Hygiene-1024x997.jpg 1024w, https:\/\/gemeindebuechereikastl.de\/wp-content\/uploads\/2020\/05\/Hygiene-300x292.jpg 300w, https:\/\/gemeindebuechereikastl.de\/wp-content\/uploads\/2020\/05\/Hygiene-768x748.jpg 768w, https:\/\/gemeindebuechereikastl.de\/wp-content\/uploads\/2020\/05\/Hygiene-1536x1496.jpg 1536w, https:\/\/gemeindebuechereikastl.de\/wp-content\/uploads\/2020\/05\/Hygiene-2048x1995.jpg 2048w\" sizes=\"auto, (max-width: 320px) 100vw, 320px\" \/><\/h4>\n<h4 style=\"text-align: center;\">Zum Besuch in der Gemeindeb\u00fccherei w\u00e4hrend der \u00fcblichen \u00d6ffnungszeiten<\/h4>\n<h4 style=\"text-align: center;\"><span style=\"color: #ff6600;\">Sonntag von 10.00 &#8211; 11.30 Uhr<br \/>\nDienstag von 17.00 bis 18.30 Uhr<br \/>\nDonnerstag von \u00a017.00 &#8211; 18.30 Uhr<\/span><\/h4>\n<h4 style=\"text-align: center;\">\u00a0geh\u00f6ren die bekannten Hygiene- und Schutzma\u00dfnahmen der Gemeindeb\u00fccherei Kastl.<\/h4>\n<h4 style=\"text-align: center;\"><a href=\"https:\/\/gemeindebuechereikastl.de\/wp-content\/uploads\/2020\/05\/Regeln-Besucher.pdf\">Die Hygiene- und Schutzma\u00dfnahmen zum Download<\/a><u> <\/u><\/h4>\n","protected":false},"excerpt":{"rendered":"<p>Das B\u00fcchereiteam Ihrer Gemeindeb\u00fccherei Kastl freut sich sehr darauf, nach der zweimonatigen Zwangspause wegen Corona, seine Leserinnen und Leser wiederzusehen und sie mit frischem Lese-, H\u00f6r-, Filmstoff versorgen zu k\u00f6nnen. Die aktuellen neuen B\u00fccher und \u00a0Medien wie immer in unserem &#8222;Online Katalog&#8220; unter Neue Titel. Zum Besuch in der Gemeindeb\u00fccherei w\u00e4hrend der \u00fcblichen \u00d6ffnungszeiten Sonntag &hellip; <\/p>\n<p><a class=\"more-link btn\" href=\"https:\/\/gemeindebuechereikastl.de\/?p=1375\">Weiterlesen<\/a><\/p>\n","protected":false},"author":1,"featured_media":1383,"comment_status":"closed","ping_status":"closed","sticky":false,"template":"","format":"standard","meta":{"footnotes":""},"categories":[5],"tags":[162,160,161],"class_list":["post-1375","post","type-post","status-publish","format-standard","has-post-thumbnail","hentry","category-news","tag-lesestoff","tag-neueroeffnung","tag-wiedereroeffnung","item-wrap"],"_links":{"self":[{"href":"https:\/\/gemeindebuechereikastl.de\/index.php?rest_route=\/wp\/v2\/posts\/1375","targetHints":{"allow":["GET"]}}],"collection":[{"href":"https:\/\/gemeindebuechereikastl.de\/index.php?rest_route=\/wp\/v2\/posts"}],"about":[{"href":"https:\/\/gemeindebuechereikastl.de\/index.php?rest_route=\/wp\/v2\/types\/post"}],"author":[{"embeddable":true,"href":"https:\/\/gemeindebuechereikastl.de\/index.php?rest_route=\/wp\/v2\/users\/1"}],"replies":[{"embeddable":true,"href":"https:\/\/gemeindebuechereikastl.de\/index.php?rest_route=%2Fwp%2Fv2%2Fcomments&post=1375"}],"version-history":[{"count":4,"href":"https:\/\/gemeindebuechereikastl.de\/index.php?rest_route=\/wp\/v2\/posts\/1375\/revisions"}],"predecessor-version":[{"id":1384,"href":"https:\/\/gemeindebuechereikastl.de\/index.php?rest_route=\/wp\/v2\/posts\/1375\/revisions\/1384"}],"wp:featuredmedia":[{"embeddable":true,"href":"https:\/\/gemeindebuechereikastl.de\/index.php?rest_route=\/wp\/v2\/media\/1383"}],"wp:attachment":[{"href":"https:\/\/gemeindebuechereikastl.de\/index.php?rest_route=%2Fwp%2Fv2%2Fmedia&parent=1375"}],"wp:term":[{"taxonomy":"category","embeddable":true,"href":"https:\/\/gemeindebuechereikastl.de\/index.php?rest_route=%2Fwp%2Fv2%2Fcategories&post=1375"},{"taxonomy":"post_tag","embeddable":true,"href":"https:\/\/gemeindebuechereikastl.de\/index.php?rest_route=%2Fwp%2Fv2%2Ftags&post=1375"}],"curies":[{"name":"wp","href":"https:\/\/api.w.org\/{rel}","templated":true}]}}