{"id":1392,"date":"2020-06-15T11:15:39","date_gmt":"2020-06-15T11:15:39","guid":{"rendered":"http:\/\/gemeindebuechereikastl.de\/?p=1392"},"modified":"2020-06-15T18:04:05","modified_gmt":"2020-06-15T18:04:05","slug":"gemeindebuecherei-kastl-ist-wieder-mit-dem-buechereisiegel-in-gold-ausgezeichnet-worden","status":"publish","type":"post","link":"https:\/\/gemeindebuechereikastl.de\/?p=1392","title":{"rendered":"Gemeindeb\u00fccherei Kastl ist wieder mit dem &#8222;B\u00fccherei-Siegel in Gold&#8220; ausgezeichnet worden!"},"content":{"rendered":"<h2><span style=\"color: #ff6600;\">F\u00fcr Ihr besondere Engagement um die B\u00fcchereiarbeit wurde die Gemeindeb\u00fccherei Kastl wieder mit dem &#8222;B\u00fccherei-Siegel in Gold&#8220; ausgezeichnet !<\/span><\/h2>\n<p><span style=\"font-family: Calibri;\"><span style=\"color: #ff6600;\"><img loading=\"lazy\" decoding=\"async\" class=\"size-full wp-image-1393 alignleft\" src=\"https:\/\/gemeindebuechereikastl.de\/wp-content\/uploads\/2020\/06\/Buechereisiegel_2020_Ansicht_gold_.jpg\" alt=\"\" width=\"330\" height=\"331\" srcset=\"https:\/\/gemeindebuechereikastl.de\/wp-content\/uploads\/2020\/06\/Buechereisiegel_2020_Ansicht_gold_.jpg 330w, https:\/\/gemeindebuechereikastl.de\/wp-content\/uploads\/2020\/06\/Buechereisiegel_2020_Ansicht_gold_-300x300.jpg 300w, https:\/\/gemeindebuechereikastl.de\/wp-content\/uploads\/2020\/06\/Buechereisiegel_2020_Ansicht_gold_-150x150.jpg 150w\" sizes=\"auto, (max-width: 330px) 100vw, 330px\" \/><\/span><\/span><\/p>\n<p><span style=\"color: black; line-height: 107%; font-family: 'Times New Roman',serif; font-size: 12pt;\">Seit einigen Jahren hat der Sankt Michaelsbund f\u00fcr die B\u00fcchereien in Bayern 15 Mindestanforderungen festgelegt. <\/span><\/p>\n<p><span style=\"color: black; line-height: 107%; font-family: 'Times New Roman',serif; font-size: 12pt;\">Zu den Mindestanforderungen geh\u00f6ren z.B. \u00d6ffnungszeiten, EDV, Fortbildung, Entleihungen\/Umsatz, Zusammenarbeit mit Partnern, \u00d6ffentlichkeitsarbeit, Veranstaltungen, usw. <\/span><\/p>\n<p><span style=\"color: black; line-height: 107%; font-family: 'Times New Roman',serif; font-size: 12pt;\">Als besonderes Zeichen der Anerkennung bekommen B\u00fcchereien, die 14 und 15 Punkte dieser Mindestanforderungen erf\u00fcllen, dass B\u00fccherei-Siegel in Gold. <\/span><\/p>\n<h4><span style=\"color: black; line-height: 107%; font-family: 'Times New Roman',serif; font-size: 12pt;\">Nach 2018 erf\u00fcllte die Gemeindeb\u00fccherei Kastl erneut alle 15 Kriterien dieser Mindestanforderungen und wurde daher f\u00fcr ihre hervorragende B\u00fcchereiarbeit wieder mit dem <span style=\"color: #ff6600;\">&#8222;B\u00fccherei-Siegel in Gold&#8220;<\/span> ausgezeichnet. <\/span><\/h4>\n<h2><\/h2>\n","protected":false},"excerpt":{"rendered":"<p>F\u00fcr Ihr besondere Engagement um die B\u00fcchereiarbeit wurde die Gemeindeb\u00fccherei Kastl wieder mit dem &#8222;B\u00fccherei-Siegel in Gold&#8220; ausgezeichnet ! Seit einigen Jahren hat der Sankt Michaelsbund f\u00fcr die B\u00fcchereien in Bayern 15 Mindestanforderungen festgelegt. Zu den Mindestanforderungen geh\u00f6ren z.B. \u00d6ffnungszeiten, EDV, Fortbildung, Entleihungen\/Umsatz, Zusammenarbeit mit Partnern, \u00d6ffentlichkeitsarbeit, Veranstaltungen, usw. Als besonderes Zeichen der Anerkennung bekommen &hellip; <\/p>\n<p><a class=\"more-link btn\" href=\"https:\/\/gemeindebuechereikastl.de\/?p=1392\">Weiterlesen<\/a><\/p>\n","protected":false},"author":1,"featured_media":1396,"comment_status":"closed","ping_status":"closed","sticky":false,"template":"","format":"standard","meta":{"footnotes":""},"categories":[1],"tags":[79,166,78,77,167],"class_list":["post-1392","post","type-post","status-publish","format-standard","has-post-thumbnail","hentry","category-team","tag-auszeichnung","tag-buecherei-siegel","tag-buechereisiegel","tag-gold","tag-siegel","item-wrap"],"_links":{"self":[{"href":"https:\/\/gemeindebuechereikastl.de\/index.php?rest_route=\/wp\/v2\/posts\/1392","targetHints":{"allow":["GET"]}}],"collection":[{"href":"https:\/\/gemeindebuechereikastl.de\/index.php?rest_route=\/wp\/v2\/posts"}],"about":[{"href":"https:\/\/gemeindebuechereikastl.de\/index.php?rest_route=\/wp\/v2\/types\/post"}],"author":[{"embeddable":true,"href":"https:\/\/gemeindebuechereikastl.de\/index.php?rest_route=\/wp\/v2\/users\/1"}],"replies":[{"embeddable":true,"href":"https:\/\/gemeindebuechereikastl.de\/index.php?rest_route=%2Fwp%2Fv2%2Fcomments&post=1392"}],"version-history":[{"count":5,"href":"https:\/\/gemeindebuechereikastl.de\/index.php?rest_route=\/wp\/v2\/posts\/1392\/revisions"}],"predecessor-version":[{"id":1400,"href":"https:\/\/gemeindebuechereikastl.de\/index.php?rest_route=\/wp\/v2\/posts\/1392\/revisions\/1400"}],"wp:featuredmedia":[{"embeddable":true,"href":"https:\/\/gemeindebuechereikastl.de\/index.php?rest_route=\/wp\/v2\/media\/1396"}],"wp:attachment":[{"href":"https:\/\/gemeindebuechereikastl.de\/index.php?rest_route=%2Fwp%2Fv2%2Fmedia&parent=1392"}],"wp:term":[{"taxonomy":"category","embeddable":true,"href":"https:\/\/gemeindebuechereikastl.de\/index.php?rest_route=%2Fwp%2Fv2%2Fcategories&post=1392"},{"taxonomy":"post_tag","embeddable":true,"href":"https:\/\/gemeindebuechereikastl.de\/index.php?rest_route=%2Fwp%2Fv2%2Ftags&post=1392"}],"curies":[{"name":"wp","href":"https:\/\/api.w.org\/{rel}","templated":true}]}}