{"id":1402,"date":"2020-06-23T16:23:37","date_gmt":"2020-06-23T16:23:37","guid":{"rendered":"http:\/\/gemeindebuechereikastl.de\/?p=1402"},"modified":"2020-06-23T16:33:07","modified_gmt":"2020-06-23T16:33:07","slug":"der-schreibwettbewerb-grand-prix-der-schreiberlinge-ist-gestartet","status":"publish","type":"post","link":"https:\/\/gemeindebuechereikastl.de\/?p=1402","title":{"rendered":"Der Schreibwettbewerb &#8222;GRAND PRIX der Schreiberlinge&#8220; ist gestartet"},"content":{"rendered":"<h2 style=\"text-align: center;\"><span style=\"color: #ff6600;\">Mit dem Grand Prix der Schreiberlinge, pr\u00e4stieren die B\u00fcchereien des Landkreises Amberg-Sulzbach einen Schreibwettbewerb bei dem Kinder, Jugendliche und Erwachsene ihrer Fantasie freien Lauf lassen k\u00f6nnen!<\/span><\/h2>\n<p><img loading=\"lazy\" decoding=\"async\" class=\"alignnone size-large wp-image-1403\" src=\"https:\/\/gemeindebuechereikastl.de\/wp-content\/uploads\/2020\/06\/Grand-Prix-der-Schreiberlinge-1024x601.jpg\" alt=\"\" width=\"750\" height=\"440\" srcset=\"https:\/\/gemeindebuechereikastl.de\/wp-content\/uploads\/2020\/06\/Grand-Prix-der-Schreiberlinge-1024x601.jpg 1024w, https:\/\/gemeindebuechereikastl.de\/wp-content\/uploads\/2020\/06\/Grand-Prix-der-Schreiberlinge-300x176.jpg 300w, https:\/\/gemeindebuechereikastl.de\/wp-content\/uploads\/2020\/06\/Grand-Prix-der-Schreiberlinge-768x451.jpg 768w, https:\/\/gemeindebuechereikastl.de\/wp-content\/uploads\/2020\/06\/Grand-Prix-der-Schreiberlinge-1536x902.jpg 1536w, https:\/\/gemeindebuechereikastl.de\/wp-content\/uploads\/2020\/06\/Grand-Prix-der-Schreiberlinge-2048x1202.jpg 2048w\" sizes=\"auto, (max-width: 750px) 100vw, 750px\" \/><\/p>\n<p>In einer Corona bedingt kleinen Er\u00f6ffnung dieses Wettbewerbes in den R\u00e4umen der Gemeindeb\u00fccherei Kastl, betonte der Schirmherr dieser Aktion, stellv. Landrat Stefan Braun: Das es ihm eine gro\u00dfe Freude und Ehre sei, die Schirmherrschaft f\u00fcr diesen besonderen Wettbewerb zu \u00fcbernehmen. Die katholischen \u00f6ffentlichen B\u00fcchereien des Landkreise Amberg-Sulzbach haben hier eine gro\u00dfartige Idee in die Praxis umgesetzt. Der Grand Prix f\u00f6rdert den Spa\u00df am Schreiben, trainiert den Umgang mit Sprache, und st\u00e4rkt die Fantasie der Teilnehmer*innen. Jetzt gilt es seiner Fantasie freien Lauf zu lassen und mit zu machen. Er betonte, dass er als Schirmherr gespannt ist, mit welchen Erz\u00e4hlungen uns die Teilnehmer*innen begeistern. Er dr\u00fccke allen die Daumen und w\u00fcnschte den \u201eSchreiberlingen\u201c viel Erfolg.<\/p>\n<p><!-- x-tinymce\/html --><img loading=\"lazy\" decoding=\"async\" class=\"wp-image-1404 aligncenter\" src=\"https:\/\/gemeindebuechereikastl.de\/wp-content\/uploads\/2020\/06\/Feder.jpg\" alt=\"\" width=\"610\" height=\"242\" srcset=\"https:\/\/gemeindebuechereikastl.de\/wp-content\/uploads\/2020\/06\/Feder.jpg 466w, https:\/\/gemeindebuechereikastl.de\/wp-content\/uploads\/2020\/06\/Feder-300x119.jpg 300w\" sizes=\"auto, (max-width: 610px) 100vw, 610px\" \/>Dieser Schreibwettbewerb der von der Kreis-Arbeitsgemeinschaft der katholisch \u00f6ffentlichen B\u00fcchereien (KAG) im Landkreis Amberg-Sulzbach ausgeht und von der Gemeindeb\u00fccherei Kastl mitgetragen wird, richtet sich an alle die gerne schreiben, phantasieren und Geschichten erfinden. Die Form des Beitrages zu den Themen: \u201eWenn ich Bundeskanzlerin bin\u2026\u201c, \u201eMein Virus und ich\u201c, \u201eDie Maske\u201c.\u00a0\u00a0kann jeder Teilnehmer frei w\u00e4hlen, ob er eine Kurzgeschichte, Bericht, Gedicht, Interview, Brief, Drehbuch, usw. einreicht. Der Umfang sollte 20 DIN A4 Seiten nicht \u00fcberschreiten.<\/p>\n<h4 style=\"text-align: center;\">Es winken Ruhm, Ehre, Buchgutscheine und diverse Sachpreise in den 3 Altersklassen !<\/h4>\n<h4 style=\"text-align: center;\">~ Kinder von 6 bis 12 Jahren \/ ~ Jugendliche von 13. bis 18 Jahren \/<br \/>\n~ Erwachsene ab 18. Jahren<\/h4>\n<p><span style=\"color: #000000; font-family: Calibri;\"><img loading=\"lazy\" decoding=\"async\" class=\"wp-image-1388 alignleft\" src=\"https:\/\/gemeindebuechereikastl.de\/wp-content\/uploads\/2020\/06\/Logo-Schreibwettbewerb-1024x730.png\" alt=\"\" width=\"212\" height=\"151\" srcset=\"https:\/\/gemeindebuechereikastl.de\/wp-content\/uploads\/2020\/06\/Logo-Schreibwettbewerb-1024x730.png 1024w, https:\/\/gemeindebuechereikastl.de\/wp-content\/uploads\/2020\/06\/Logo-Schreibwettbewerb-300x214.png 300w, https:\/\/gemeindebuechereikastl.de\/wp-content\/uploads\/2020\/06\/Logo-Schreibwettbewerb-768x548.png 768w, https:\/\/gemeindebuechereikastl.de\/wp-content\/uploads\/2020\/06\/Logo-Schreibwettbewerb-1536x1095.png 1536w, https:\/\/gemeindebuechereikastl.de\/wp-content\/uploads\/2020\/06\/Logo-Schreibwettbewerb.png 1572w\" sizes=\"auto, (max-width: 212px) 100vw, 212px\" \/><\/span><\/p>\n<p>Die Beitr\u00e4ge k\u00f6nnen bei der <strong>Gemeindeb\u00fccherei Kastl<\/strong> w\u00e4hrend der \u00d6ffnungszeiten ODER bei der <strong>Gemeindeverwaltung<\/strong>, Marktplatz 1, 92280 Kastl. ODER per Mail an: <strong>info@gemeindebuechereikastl.de<\/strong>, abgegeben werden.<\/p>\n<p><strong>Die Beitr\u00e4ge sollten den Namen, die Adresse und das Alter der Teilnehmer*innen enthalten<\/strong>.<\/p>\n<p><span style=\"color: #ff0000;\"><strong>Als letzten m\u00f6glichen Abgabetermin haben die Verantwortlichen den 30. September 2020 festgesetzt<\/strong><\/span>.<\/p>\n<h3 style=\"text-align: center;\"><a href=\"https:\/\/gemeindebuechereikastl.de\/wp-content\/uploads\/2020\/06\/Flyer-Schreibwettbewerb.pdf\">Weitere Infos hier &#8211; <\/a><a href=\"https:\/\/gemeindebuechereikastl.de\/wp-content\/uploads\/2020\/06\/Flyer-Schreibwettbewerb-Kastl.pdf\">Flyer Schreibwettbewerb <\/a><\/h3>\n","protected":false},"excerpt":{"rendered":"<p>Mit dem Grand Prix der Schreiberlinge, pr\u00e4stieren die B\u00fcchereien des Landkreises Amberg-Sulzbach einen Schreibwettbewerb bei dem Kinder, Jugendliche und Erwachsene ihrer Fantasie freien Lauf lassen k\u00f6nnen! In einer Corona bedingt kleinen Er\u00f6ffnung dieses Wettbewerbes in den R\u00e4umen der Gemeindeb\u00fccherei Kastl, betonte der Schirmherr dieser Aktion, stellv. Landrat Stefan Braun: Das es ihm eine gro\u00dfe Freude &hellip; <\/p>\n<p><a class=\"more-link btn\" href=\"https:\/\/gemeindebuechereikastl.de\/?p=1402\">Weiterlesen<\/a><\/p>\n","protected":false},"author":1,"featured_media":1403,"comment_status":"closed","ping_status":"closed","sticky":false,"template":"","format":"standard","meta":{"footnotes":""},"categories":[5],"tags":[170,169,171,168,165,172,163],"class_list":["post-1402","post","type-post","status-publish","format-standard","has-post-thumbnail","hentry","category-news","tag-buchgutscheine","tag-ehre","tag-grand-prix","tag-ruhm","tag-schreiben","tag-schreiberlinge","tag-schreibwettbewerb","item-wrap"],"_links":{"self":[{"href":"https:\/\/gemeindebuechereikastl.de\/index.php?rest_route=\/wp\/v2\/posts\/1402","targetHints":{"allow":["GET"]}}],"collection":[{"href":"https:\/\/gemeindebuechereikastl.de\/index.php?rest_route=\/wp\/v2\/posts"}],"about":[{"href":"https:\/\/gemeindebuechereikastl.de\/index.php?rest_route=\/wp\/v2\/types\/post"}],"author":[{"embeddable":true,"href":"https:\/\/gemeindebuechereikastl.de\/index.php?rest_route=\/wp\/v2\/users\/1"}],"replies":[{"embeddable":true,"href":"https:\/\/gemeindebuechereikastl.de\/index.php?rest_route=%2Fwp%2Fv2%2Fcomments&post=1402"}],"version-history":[{"count":4,"href":"https:\/\/gemeindebuechereikastl.de\/index.php?rest_route=\/wp\/v2\/posts\/1402\/revisions"}],"predecessor-version":[{"id":1410,"href":"https:\/\/gemeindebuechereikastl.de\/index.php?rest_route=\/wp\/v2\/posts\/1402\/revisions\/1410"}],"wp:featuredmedia":[{"embeddable":true,"href":"https:\/\/gemeindebuechereikastl.de\/index.php?rest_route=\/wp\/v2\/media\/1403"}],"wp:attachment":[{"href":"https:\/\/gemeindebuechereikastl.de\/index.php?rest_route=%2Fwp%2Fv2%2Fmedia&parent=1402"}],"wp:term":[{"taxonomy":"category","embeddable":true,"href":"https:\/\/gemeindebuechereikastl.de\/index.php?rest_route=%2Fwp%2Fv2%2Fcategories&post=1402"},{"taxonomy":"post_tag","embeddable":true,"href":"https:\/\/gemeindebuechereikastl.de\/index.php?rest_route=%2Fwp%2Fv2%2Ftags&post=1402"}],"curies":[{"name":"wp","href":"https:\/\/api.w.org\/{rel}","templated":true}]}}