{"id":1418,"date":"2020-07-04T16:37:23","date_gmt":"2020-07-04T16:37:23","guid":{"rendered":"http:\/\/gemeindebuechereikastl.de\/?p=1418"},"modified":"2020-07-13T07:58:32","modified_gmt":"2020-07-13T07:58:32","slug":"buecher-flohmarkt-beim-markt-im-markt-kastl","status":"publish","type":"post","link":"https:\/\/gemeindebuechereikastl.de\/?p=1418","title":{"rendered":"B\u00fcchereiteam erstmals am &#8222;MARKT im MARKT KASTL&#8220; mit B\u00fccher-Flohmarkt dabei"},"content":{"rendered":"<h2 style=\"text-align: center;\"><span style=\"color: #ff6600;\"><strong>Samstag, 11. Juli 2020 &#8211; B\u00fcchereiteam mit B\u00fccherflohmarkt am Kastler Markttag dabei!<\/strong><\/span><\/h2>\n<p style=\"text-align: center;\"><strong>Nachdem das B\u00fcrgerfest ausf\u00e4llt und damit auch der gro\u00dfe B\u00fccherflohmarkt am Marktplatz, bot das B\u00fcchereiteam die &#8222;Schn\u00e4ppchenjagd&#8220; nach B\u00fcchern erstmals am \u201eMARKT im MARKT\u00a0 KASTL\u201c mit an.<\/strong><\/p>\n<p><img loading=\"lazy\" decoding=\"async\" class=\"alignnone size-large wp-image-1432\" src=\"https:\/\/gemeindebuechereikastl.de\/wp-content\/uploads\/2020\/07\/B\u00fccher-Flohmarkt-1-1024x615.jpg\" alt=\"\" width=\"750\" height=\"450\" srcset=\"https:\/\/gemeindebuechereikastl.de\/wp-content\/uploads\/2020\/07\/B\u00fccher-Flohmarkt-1-1024x615.jpg 1024w, https:\/\/gemeindebuechereikastl.de\/wp-content\/uploads\/2020\/07\/B\u00fccher-Flohmarkt-1-300x180.jpg 300w, https:\/\/gemeindebuechereikastl.de\/wp-content\/uploads\/2020\/07\/B\u00fccher-Flohmarkt-1-768x461.jpg 768w, https:\/\/gemeindebuechereikastl.de\/wp-content\/uploads\/2020\/07\/B\u00fccher-Flohmarkt-1-1536x922.jpg 1536w, https:\/\/gemeindebuechereikastl.de\/wp-content\/uploads\/2020\/07\/B\u00fccher-Flohmarkt-1-2048x1230.jpg 2048w\" sizes=\"auto, (max-width: 750px) 100vw, 750px\" \/><\/p>\n<p>Die Schn\u00e4ppchenjagd nach guten B\u00fcchern war an diesem Marktsamstag w\u00e4hrend des gesamten vormittags immer gut besucht. Neu war in diesem Jahr das, dass B\u00fcchereiteam f\u00fcr die B\u00fccher keine festen Preise vorgegeben hatte. Sie boten an unserem Stand wieder gut erhaltene B\u00fccher f\u00fcr jeden Geschmack an. Den Preis f\u00fcr die B\u00fccher konnten die Interessenten selbst bestimmen. Jeder konnten das bezahlen, was einen das Buch bzw. die B\u00fccher wert waren.<img loading=\"lazy\" decoding=\"async\" class=\"wp-image-1433 alignleft\" src=\"https:\/\/gemeindebuechereikastl.de\/wp-content\/uploads\/2020\/07\/junge-Leser-815x1024.jpg\" alt=\"\" width=\"239\" height=\"301\" srcset=\"https:\/\/gemeindebuechereikastl.de\/wp-content\/uploads\/2020\/07\/junge-Leser-815x1024.jpg 815w, https:\/\/gemeindebuechereikastl.de\/wp-content\/uploads\/2020\/07\/junge-Leser-239x300.jpg 239w, https:\/\/gemeindebuechereikastl.de\/wp-content\/uploads\/2020\/07\/junge-Leser-768x965.jpg 768w, https:\/\/gemeindebuechereikastl.de\/wp-content\/uploads\/2020\/07\/junge-Leser.jpg 932w\" sizes=\"auto, (max-width: 239px) 100vw, 239px\" \/><\/p>\n<p>Nach der guten Resonanz an diesen ersten &#8211; B\u00fccher &#8211; Markt &#8211; Flohmarkt ist das Team der Gemeindeb\u00fccherei Kastl auch an den n\u00e4chsten Markttagen am 8. August, am 12 September und auch am letzten Markttag 2020 am 10. Oktober mit ihrem B\u00fccherstand am Markt im Markt Kastl wieder vor Ort.<\/p>\n<p>Man kann aber nicht nur am Markt B\u00fccher kaufen, sondern das gro\u00dfe\u00a0<img loading=\"lazy\" decoding=\"async\" class=\"wp-image-1434 alignright\" src=\"https:\/\/gemeindebuechereikastl.de\/wp-content\/uploads\/2020\/07\/Stand-B\u00fccherf\u00f6lohmarkt-1024x636.jpg\" alt=\"\" width=\"386\" height=\"239\" srcset=\"https:\/\/gemeindebuechereikastl.de\/wp-content\/uploads\/2020\/07\/Stand-B\u00fccherf\u00f6lohmarkt-1024x636.jpg 1024w, https:\/\/gemeindebuechereikastl.de\/wp-content\/uploads\/2020\/07\/Stand-B\u00fccherf\u00f6lohmarkt-300x186.jpg 300w, https:\/\/gemeindebuechereikastl.de\/wp-content\/uploads\/2020\/07\/Stand-B\u00fccherf\u00f6lohmarkt-768x477.jpg 768w, https:\/\/gemeindebuechereikastl.de\/wp-content\/uploads\/2020\/07\/Stand-B\u00fccherf\u00f6lohmarkt-1536x954.jpg 1536w, https:\/\/gemeindebuechereikastl.de\/wp-content\/uploads\/2020\/07\/Stand-B\u00fccherf\u00f6lohmarkt-2048x1273.jpg 2048w\" sizes=\"auto, (max-width: 386px) 100vw, 386px\" \/>Angebot der Gemeindeb\u00fccherei Kastl das ganze Jahr hindurch zu den \u00d6ffnungszeiten in Anspruch nehmen. Wir bieten ca. 8.000 B\u00fccher und Zeitschriften und weitere 2.000 Nichtbuchmedien (Spiele, H\u00f6rb\u00fccher, DVDs und Tonies) in der B\u00fccherei zum Entleihen an.\u00a0Weiter kann auch das Online Angebot www.leo-nord.de mit ca. 20.000 E-Books ganzj\u00e4hrig 24 Stunden am Tag genutzt werden.<\/p>\n<p>Man kann aber nicht nur am Markt B\u00fccher kaufen, sondern das gro\u00dfe Angebot der Gemeindeb\u00fccherei Kastl das ganze Jahr hindurch zu den \u00d6ffnungszeiten in Anspruch nehmen. Wir bieten ca. 8.000 B\u00fccher und Zeitschriften <img loading=\"lazy\" decoding=\"async\" class=\"wp-image-1423 alignleft\" src=\"https:\/\/gemeindebuechereikastl.de\/wp-content\/uploads\/2020\/07\/Wort-Bild-Marke-mit-Rahmen-1024x334.jpg\" alt=\"\" width=\"448\" height=\"146\" srcset=\"https:\/\/gemeindebuechereikastl.de\/wp-content\/uploads\/2020\/07\/Wort-Bild-Marke-mit-Rahmen-1024x334.jpg 1024w, https:\/\/gemeindebuechereikastl.de\/wp-content\/uploads\/2020\/07\/Wort-Bild-Marke-mit-Rahmen-300x98.jpg 300w, https:\/\/gemeindebuechereikastl.de\/wp-content\/uploads\/2020\/07\/Wort-Bild-Marke-mit-Rahmen-768x251.jpg 768w, https:\/\/gemeindebuechereikastl.de\/wp-content\/uploads\/2020\/07\/Wort-Bild-Marke-mit-Rahmen.jpg 1473w\" sizes=\"auto, (max-width: 448px) 100vw, 448px\" \/> und weitere 2.000 Nichtbuchmedien (Spiele, H\u00f6rb\u00fccher, DVDs und Tonies) in der B\u00fccherei zum Entleihen an. Weiter kann auch das Online Angebot <a href=\"https:\/\/leo-nord.onleihe.de\"><strong>www.leo-nord.de<\/strong><\/a> mit ca. 20.000 E-Books ganzj\u00e4hrig 24 Stunden am Tag genutzt werden.<\/p>\n","protected":false},"excerpt":{"rendered":"<p>Samstag, 11. Juli 2020 &#8211; B\u00fcchereiteam mit B\u00fccherflohmarkt am Kastler Markttag dabei! Nachdem das B\u00fcrgerfest ausf\u00e4llt und damit auch der gro\u00dfe B\u00fccherflohmarkt am Marktplatz, bot das B\u00fcchereiteam die &#8222;Schn\u00e4ppchenjagd&#8220; nach B\u00fcchern erstmals am \u201eMARKT im MARKT\u00a0 KASTL\u201c mit an. Die Schn\u00e4ppchenjagd nach guten B\u00fcchern war an diesem Marktsamstag w\u00e4hrend des gesamten vormittags immer gut besucht. &hellip; <\/p>\n<p><a class=\"more-link btn\" href=\"https:\/\/gemeindebuechereikastl.de\/?p=1418\">Weiterlesen<\/a><\/p>\n","protected":false},"author":1,"featured_media":1432,"comment_status":"closed","ping_status":"closed","sticky":false,"template":"","format":"standard","meta":{"footnotes":""},"categories":[5,1],"tags":[64,60,59,176,177],"class_list":["post-1418","post","type-post","status-publish","format-standard","has-post-thumbnail","hentry","category-news","category-team","tag-buechereiteam","tag-buecherflohmarkt","tag-flohmarkt","tag-markt","tag-marktplatz","item-wrap"],"_links":{"self":[{"href":"https:\/\/gemeindebuechereikastl.de\/index.php?rest_route=\/wp\/v2\/posts\/1418","targetHints":{"allow":["GET"]}}],"collection":[{"href":"https:\/\/gemeindebuechereikastl.de\/index.php?rest_route=\/wp\/v2\/posts"}],"about":[{"href":"https:\/\/gemeindebuechereikastl.de\/index.php?rest_route=\/wp\/v2\/types\/post"}],"author":[{"embeddable":true,"href":"https:\/\/gemeindebuechereikastl.de\/index.php?rest_route=\/wp\/v2\/users\/1"}],"replies":[{"embeddable":true,"href":"https:\/\/gemeindebuechereikastl.de\/index.php?rest_route=%2Fwp%2Fv2%2Fcomments&post=1418"}],"version-history":[{"count":9,"href":"https:\/\/gemeindebuechereikastl.de\/index.php?rest_route=\/wp\/v2\/posts\/1418\/revisions"}],"predecessor-version":[{"id":1435,"href":"https:\/\/gemeindebuechereikastl.de\/index.php?rest_route=\/wp\/v2\/posts\/1418\/revisions\/1435"}],"wp:featuredmedia":[{"embeddable":true,"href":"https:\/\/gemeindebuechereikastl.de\/index.php?rest_route=\/wp\/v2\/media\/1432"}],"wp:attachment":[{"href":"https:\/\/gemeindebuechereikastl.de\/index.php?rest_route=%2Fwp%2Fv2%2Fmedia&parent=1418"}],"wp:term":[{"taxonomy":"category","embeddable":true,"href":"https:\/\/gemeindebuechereikastl.de\/index.php?rest_route=%2Fwp%2Fv2%2Fcategories&post=1418"},{"taxonomy":"post_tag","embeddable":true,"href":"https:\/\/gemeindebuechereikastl.de\/index.php?rest_route=%2Fwp%2Fv2%2Ftags&post=1418"}],"curies":[{"name":"wp","href":"https:\/\/api.w.org\/{rel}","templated":true}]}}