{"id":1448,"date":"2020-07-17T09:24:28","date_gmt":"2020-07-17T09:24:28","guid":{"rendered":"http:\/\/gemeindebuechereikastl.de\/?p=1448"},"modified":"2020-08-04T09:43:53","modified_gmt":"2020-08-04T09:43:53","slug":"vorlesezeit-sommerwerkstatt","status":"publish","type":"post","link":"https:\/\/gemeindebuechereikastl.de\/?p=1448","title":{"rendered":"Vorlesezeit-Sommerwerkstatt ein virtuelles Angebot f\u00fcr Kinder"},"content":{"rendered":"<h2 style=\"text-align: center;\"><span style=\"color: #ff6600;\">Vom 31. Juli bis 11. September\u00a0 &#8211; &#8222;Vorlesezeit\/Sommerwerkstatt&#8220; ein virtuelles Angebot vom Sankt Michaelsbund und mk-online <\/span><\/h2>\n<p><img loading=\"lazy\" decoding=\"async\" class=\"wp-image-1449 alignright\" src=\"https:\/\/gemeindebuechereikastl.de\/wp-content\/uploads\/2020\/07\/csm_Sommerwerkstatt_1fdd12a7dc.jpg\" alt=\"\" width=\"277\" height=\"242\" srcset=\"https:\/\/gemeindebuechereikastl.de\/wp-content\/uploads\/2020\/07\/csm_Sommerwerkstatt_1fdd12a7dc.jpg 330w, https:\/\/gemeindebuechereikastl.de\/wp-content\/uploads\/2020\/07\/csm_Sommerwerkstatt_1fdd12a7dc-300x263.jpg 300w\" sizes=\"auto, (max-width: 277px) 100vw, 277px\" \/>In den Wochen der Sommerferien werden die Folgen der Vorlesezeit 4x als Vorlesezeit-Sommerwerkstatt angeboten. Es handelt sich dabei um ein erweitertes, virtuelles jeweils 30-mit\u00fctigs Kreativ-Angebot Die Autor:innen und K\u00fcnstler:innen zeigen den Kindern, wie sie arbeiten, und animieren dazu, selbst kreativ zu werden, zu malen, zu dichten oder zu r\u00e4tseln. Die Kinder werden dazu aufgefordert, ihre weiterf\u00fchrenden Ideen zu Papier zu bringen und einzusenden.<\/p>\n<h3><a href=\"https:\/\/www.st-michaelsbund.de\/buechereien\/vorlesezeit.html\">Link zur Vorlesezeit-Sommerwerkstatt<\/a><\/h3>\n<p><img loading=\"lazy\" decoding=\"async\" class=\"wp-image-7 alignleft\" src=\"https:\/\/gemeindebuechereikastl.de\/wp-content\/uploads\/2017\/12\/herzlich-willkommen.jpg\" alt=\"\" width=\"273\" height=\"223\" srcset=\"https:\/\/gemeindebuechereikastl.de\/wp-content\/uploads\/2017\/12\/herzlich-willkommen.jpg 605w, https:\/\/gemeindebuechereikastl.de\/wp-content\/uploads\/2017\/12\/herzlich-willkommen-300x245.jpg 300w\" sizes=\"auto, (max-width: 273px) 100vw, 273px\" \/><br \/>\n<strong>Am 31. Juli l\u00e4dt Daniela Kulot in die \u201eBildergeschichten-Werkstatt im K\u00fcnstleratelier\u201c ein.<br \/>\n<\/strong>Frau Kulot gibt einen Einblick in Ihr Atelier, wird live zeichnen und aus ihrer Bilderbuch-Neuerscheinung \u201eKrokodil, Giraffe und die gro\u00dfe \u00dcberraschung\u201c vorlesen. Das Abenteuer endet an einer spannenden Stelle und die Kinder d\u00fcrfen die Geschichte fertig malen.<\/p>\n<p><strong>Am 14. August wird mit Heike Nieder in der \u201eLyrikwerkstatt\u201c gereimt.<br \/>\n<\/strong>Frau Nieder liest Gedichte vor, regt zum Reimen und zum Spiel mit Buchstaben und W\u00f6rtern an und animiert die Kinder, eigene Buchstabengedichte zu formulieren<\/p>\n<p><strong>Am 28. August besuchen wir Frau Anja Janotta in ihrem \u201eSprachlabor\u201c<br \/>\n<\/strong>Frau Janotta wird aus ihrem Buch \u201eLinkslesest\u00e4rke\/Linkslesemut\u201c lesen und Wortspiele und Sprachelemente einflie\u00dfen lassen. Die Kinder k\u00f6nne im Anschluss eigene \u201eReh-Busse\u201c verfassen.<\/p>\n<p><strong>\u00a0<\/strong><strong>Den Werkstattreigen beschlie\u00dft am 11. September Oliver P\u00f6tzschs mit seiner \u201eGeschichten-R\u00e4tselwerkstatt\u201c. Hier wird es knifflig.<br \/>\n<\/strong>Herr P\u00f6tsch liest aus einer seiner Geschichten vor, begleitet die Lesung mit Musik und stellt am Schluss eine R\u00e4tselfrage. Die Kinder werden um L\u00f6sungsvorschl\u00e4ge gebeten.<\/p>\n<p><strong>Die k\u00fcnstlerischen Ergebnisse k\u00f6nnen an den Sankt Michaelsbund geschickt werden und werden auf der\u00a0 Homepage des Sankt Michaelsbundes ver\u00f6ffentlicht:<\/strong><img loading=\"lazy\" decoding=\"async\" class=\"wp-image-1450 alignright\" src=\"https:\/\/gemeindebuechereikastl.de\/wp-content\/uploads\/2020\/07\/michaelsbund.jpg\" alt=\"\" width=\"392\" height=\"99\" srcset=\"https:\/\/gemeindebuechereikastl.de\/wp-content\/uploads\/2020\/07\/michaelsbund.jpg 932w, https:\/\/gemeindebuechereikastl.de\/wp-content\/uploads\/2020\/07\/michaelsbund-300x76.jpg 300w, https:\/\/gemeindebuechereikastl.de\/wp-content\/uploads\/2020\/07\/michaelsbund-768x194.jpg 768w\" sizes=\"auto, (max-width: 392px) 100vw, 392px\" \/><\/p>\n<p><span style=\"color: #333399;\"><strong>Sankt Michaelsbund<\/strong><\/span><br \/>\n<span style=\"color: #333399;\"><strong>Landesfachstelle f\u00fcr B\u00fcchereiarbeit<\/strong><\/span><br \/>\n<span style=\"color: #333399;\"><strong>Herzog-Wilhelm-Stra\u00dfe 5<\/strong><\/span><\/p>\n<p><span style=\"color: #333399;\"><strong>80331 M\u00fcnchen<\/strong><\/span><\/p>\n<h4>Einsendeschluss ist:<\/h4>\n<ul>\n<li>f\u00fcr die Sommerwerkstatt vom 31. Juli\u00a0<b>am 15. August,<\/b><\/li>\n<li>f\u00fcr die Sommerwerkstatt vom 14. August\u00a0<b>am<\/b><b>\u00a031. August,<\/b><\/li>\n<li>f\u00fcr die Sommerwerkstatt vom 28. August\u00a0<b>am 15. September,<\/b><\/li>\n<li>f\u00fcr die Sommerwerkstatt vom 11. September\u00a0<b>am 30. September<\/b>.<\/li>\n<\/ul>\n<p><strong><br \/>\nBitte geben Sie bei der Einsendung nur Vornamen und Alter des Kindes an. Mit der Einsendung geben Sie Ihr Einverst\u00e4ndnis, dass das Kunstwerk mit diesen Angaben auf der Homepage des Sankt Michaelsbundes ver\u00f6ffentlicht wird. <\/strong><\/p>\n<p><strong><span style=\"color: #333399;\">oder per Mail an: buechereiarbeit@st-michaelsbund.de<\/span><\/strong><\/p>\n<h3><span style=\"color: #ff0000;\"><strong>Unter den Teilnehmern werden gro\u00dfartige Buchpreise verlost<\/strong>!<\/span><\/h3>\n","protected":false},"excerpt":{"rendered":"<p>Vom 31. Juli bis 11. September\u00a0 &#8211; &#8222;Vorlesezeit\/Sommerwerkstatt&#8220; ein virtuelles Angebot vom Sankt Michaelsbund und mk-online In den Wochen der Sommerferien werden die Folgen der Vorlesezeit 4x als Vorlesezeit-Sommerwerkstatt angeboten. Es handelt sich dabei um ein erweitertes, virtuelles jeweils 30-mit\u00fctigs Kreativ-Angebot Die Autor:innen und K\u00fcnstler:innen zeigen den Kindern, wie sie arbeiten, und animieren dazu, selbst &hellip; <\/p>\n<p><a class=\"more-link btn\" href=\"https:\/\/gemeindebuechereikastl.de\/?p=1448\">Weiterlesen<\/a><\/p>\n","protected":false},"author":1,"featured_media":1449,"comment_status":"closed","ping_status":"closed","sticky":false,"template":"","format":"standard","meta":{"footnotes":""},"categories":[5],"tags":[51,178,20,80,173],"class_list":["post-1448","post","type-post","status-publish","format-standard","has-post-thumbnail","hentry","category-news","tag-ferien","tag-kreativ","tag-online","tag-vorlesen","tag-vorlesezeit","item-wrap"],"_links":{"self":[{"href":"https:\/\/gemeindebuechereikastl.de\/index.php?rest_route=\/wp\/v2\/posts\/1448","targetHints":{"allow":["GET"]}}],"collection":[{"href":"https:\/\/gemeindebuechereikastl.de\/index.php?rest_route=\/wp\/v2\/posts"}],"about":[{"href":"https:\/\/gemeindebuechereikastl.de\/index.php?rest_route=\/wp\/v2\/types\/post"}],"author":[{"embeddable":true,"href":"https:\/\/gemeindebuechereikastl.de\/index.php?rest_route=\/wp\/v2\/users\/1"}],"replies":[{"embeddable":true,"href":"https:\/\/gemeindebuechereikastl.de\/index.php?rest_route=%2Fwp%2Fv2%2Fcomments&post=1448"}],"version-history":[{"count":7,"href":"https:\/\/gemeindebuechereikastl.de\/index.php?rest_route=\/wp\/v2\/posts\/1448\/revisions"}],"predecessor-version":[{"id":1488,"href":"https:\/\/gemeindebuechereikastl.de\/index.php?rest_route=\/wp\/v2\/posts\/1448\/revisions\/1488"}],"wp:featuredmedia":[{"embeddable":true,"href":"https:\/\/gemeindebuechereikastl.de\/index.php?rest_route=\/wp\/v2\/media\/1449"}],"wp:attachment":[{"href":"https:\/\/gemeindebuechereikastl.de\/index.php?rest_route=%2Fwp%2Fv2%2Fmedia&parent=1448"}],"wp:term":[{"taxonomy":"category","embeddable":true,"href":"https:\/\/gemeindebuechereikastl.de\/index.php?rest_route=%2Fwp%2Fv2%2Fcategories&post=1448"},{"taxonomy":"post_tag","embeddable":true,"href":"https:\/\/gemeindebuechereikastl.de\/index.php?rest_route=%2Fwp%2Fv2%2Ftags&post=1448"}],"curies":[{"name":"wp","href":"https:\/\/api.w.org\/{rel}","templated":true}]}}