{"id":1458,"date":"2020-07-26T07:43:51","date_gmt":"2020-07-26T07:43:51","guid":{"rendered":"http:\/\/gemeindebuechereikastl.de\/?p=1458"},"modified":"2020-08-12T06:40:49","modified_gmt":"2020-08-12T06:40:49","slug":"ich-bin-eine-buechereifuchs-vorschulkinder-machten-den-buechereifuehrerschein","status":"publish","type":"post","link":"https:\/\/gemeindebuechereikastl.de\/?p=1458","title":{"rendered":"Ich bin eine B\u00fcchereifuchs &#8211; Vorschulkinder machten den B\u00fcchereif\u00fchrerschein"},"content":{"rendered":"<p>&nbsp;<\/p>\n<h2 style=\"text-align: center;\"><span style=\"color: #ff6600;\">Die Vorschulkinder die \u201eRiesen\u201c des Kindergartens besuchte an drei Vormittagen die B\u00fccherei.<br \/>\nSie nahmen an der Aktion zur Lesef\u00f6rderung<br \/>\n\u201eIch bin ein B\u00fcchereifuchs\u201c teil.<\/span><br \/>\n<img loading=\"lazy\" decoding=\"async\" class=\"size-full wp-image-1461 aligncenter\" src=\"https:\/\/gemeindebuechereikastl.de\/wp-content\/uploads\/2020\/07\/B\u00fcchereifuchs-scaled.jpg\" alt=\"\" width=\"2560\" height=\"1637\" srcset=\"https:\/\/gemeindebuechereikastl.de\/wp-content\/uploads\/2020\/07\/B\u00fcchereifuchs-scaled.jpg 2560w, https:\/\/gemeindebuechereikastl.de\/wp-content\/uploads\/2020\/07\/B\u00fcchereifuchs-300x192.jpg 300w, https:\/\/gemeindebuechereikastl.de\/wp-content\/uploads\/2020\/07\/B\u00fcchereifuchs-768x491.jpg 768w, https:\/\/gemeindebuechereikastl.de\/wp-content\/uploads\/2020\/07\/B\u00fcchereifuchs-2048x1310.jpg 2048w\" sizes=\"auto, (max-width: 2560px) 100vw, 2560px\" \/><\/h2>\n<p>Emsiges Treiben herrschte an drei Vormittagen in der Gemeindeb\u00fccherei Kastl, viele kleine B\u00fcchereif\u00fcchse nahmen an der Aktion zur Lesef\u00f6rderung &#8222;Ich bin ein B\u00fcchereifuchs&#8220; teil und kennen sich jetzt in der Kastler B\u00fccherei aus.\u00a0 Lesen geh\u00f6rt zu den Schl\u00fcsselkompetenzen im Leben \u2013 Lesen lernen ist ein komplexer Vorgang, der lange vor dem Schuleintritt angebahnt und unterst\u00fctzt werden kann. Wo k\u00f6nnte dies besser geschehen als in einer \u00f6ffentlichen B\u00fccherei. Ziel war es, den Kindern Freude am Umgang mit B\u00fcchern zu vermitteln und die Vielfalt einer \u00f6ffentlichen B\u00fccherei aufzuzeigen.<\/p>\n<p>Beim ersten Besuch in der Gemeindeb\u00fccherei Kastl wurde die Kinder vom B\u00fcchereimaskottchen dem \u201eMarabu\u201c herzlich begr\u00fc\u00dft und bekamen zu Beginn das Bi<img loading=\"lazy\" decoding=\"async\" class=\"wp-image-1463 alignleft\" src=\"https:\/\/gemeindebuechereikastl.de\/wp-content\/uploads\/2020\/07\/pipplothek.jpg\" alt=\"\" width=\"248\" height=\"245\" srcset=\"https:\/\/gemeindebuechereikastl.de\/wp-content\/uploads\/2020\/07\/pipplothek.jpg 340w, https:\/\/gemeindebuechereikastl.de\/wp-content\/uploads\/2020\/07\/pipplothek-300x296.jpg 300w\" sizes=\"auto, (max-width: 248px) 100vw, 248px\" \/>lderbuch \u201ePippilothek??? &#8211; Eine Bibliothek wirkt Wunder\u201c vorgestellt und vorgelesen. In dem Buch geht es um einen hungrigen Fuchs, der nach einer Verfolgungsjagd nach einer Maus in der Bibliothek landet. W\u00e4hrend der Fuchs von einer Institution mit einem so komplizierten Namen noch nie etwas geh\u00f6rt hat, ist die Maus als alte B\u00fccherfreundin sofort in ihrem Element.<\/p>\n<p>Nach der Geschichte ging es auf einen Rundgang durch die B\u00fccherei, hier wurden den Kindern erkl\u00e4rt was man alles in der B\u00fccherei zum Ausleihen entdecken kann. Den neben den B\u00fcchern gibt es auch noch andere Medien wie H\u00f6rb\u00fccher, DVDs, Zeitschriften und auch Tonies zum Entleihen. Zum Schluss des ersten Tages durfte sich jede Gruppe ein Buch ausleihen.<\/p>\n<p><img loading=\"lazy\" decoding=\"async\" class=\" wp-image-1464 alignright\" src=\"https:\/\/gemeindebuechereikastl.de\/wp-content\/uploads\/2020\/07\/Mama-Muh.jpg\" alt=\"\" width=\"192\" height=\"236\" srcset=\"https:\/\/gemeindebuechereikastl.de\/wp-content\/uploads\/2020\/07\/Mama-Muh.jpg 340w, https:\/\/gemeindebuechereikastl.de\/wp-content\/uploads\/2020\/07\/Mama-Muh-245x300.jpg 245w\" sizes=\"auto, (max-width: 192px) 100vw, 192px\" \/>Beim zweiten Besuch gab es die Geschichte aus dem Bilderbuch \u201eMama Muh liest\u201c zu h\u00f6ren. Ein Bilderbuch aus der Mama-Muh-Reihe \u00fcbers Lesen und was man davon hat. Ein dreifaches Muh auf die Lesekuh! Mama Muh entdeckt die Welt der B\u00fccher. Mama Muh kann lesen! Die Bauersfamilie hat sie mit in die Bibliothek genommen und Mama Muh konnte den B\u00fcchern nicht widerstehen.<br \/>\nNach der Geschichte mit Mama Muh durften die Kinder erz\u00e4hlen welches Buch sie\u00a0f\u00fcr\u00a0die Gruppe ausgeliehen hatten. Sie bekamen die Regeln f\u00fcr einen <img loading=\"lazy\" decoding=\"async\" class=\" wp-image-1462 alignleft\" src=\"https:\/\/gemeindebuechereikastl.de\/wp-content\/uploads\/2020\/07\/buechereifuchs.jpg\" alt=\"\" width=\"375\" height=\"553\" srcset=\"https:\/\/gemeindebuechereikastl.de\/wp-content\/uploads\/2020\/07\/buechereifuchs.jpg 450w, https:\/\/gemeindebuechereikastl.de\/wp-content\/uploads\/2020\/07\/buechereifuchs-203x300.jpg 203w\" sizes=\"auto, (max-width: 375px) 100vw, 375px\" \/>B\u00fcchereibesuch erkl\u00e4rt, auch das man mit den B\u00fcchern und Medien ordentlich umgehen muss. Das man nur eine bestimmte Anzahl von B\u00fcchern und anderen Medien mitnehmen kann und auch nur eine bestimmte Zeit ausleihen darf.<\/p>\n<p>Beim dritten Besuch, zum Abschluss der Aktion, bekamen alle Kinder von den Erzieherinnen\u00a0Maria D\u00fcrr und Gudrun Roithmeier sowie von B\u00fcchereileiter Georg D\u00fcrr jeweils ein Ausmalbild \u00fcber den B\u00fcchereifuchs und eine pers\u00f6nliche Urkunde \u00fcberreicht, auf der steht \u201eIch bin ein B\u00fcchereifuchs und kenne mich in der Gemeindeb\u00fccherei Kastl aus\u201c. Auch gab es einen Rucksack f\u00fcr die ausgeliehenen B\u00fccher und f\u00fcr die Besuche in der B\u00fccherei. B\u00fcchereileiter D\u00fcrr w\u00fcnschte den B\u00fccherf\u00fcchsen weiterhin viel Spa\u00df am Lesen und freut sich auf viele Besuche in der Gemeindeb\u00fccherei Kast.<\/p>\n<p style=\"text-align: left;\"><span style=\"color: #ff0000;\"><span style=\"color: #333333;\">Es gibt weitere Bilderb\u00fccher von der Pippilothek???\u00a0 \u00a0und Mama Muh in der B\u00fccherei zu entdecken<\/span>. <\/span><span style=\"color: #ff0000;\"><a style=\"color: #ff0000;\" href=\"https:\/\/iopac.gemeindebuechereikastl.de\/iopac\/\"><strong>N\u00e4here Infos in unserem OLINE-KATALOG<\/strong><\/a><\/span><\/p>\n<p>&nbsp;<\/p>\n","protected":false},"excerpt":{"rendered":"<p>&nbsp; Die Vorschulkinder die \u201eRiesen\u201c des Kindergartens besuchte an drei Vormittagen die B\u00fccherei. Sie nahmen an der Aktion zur Lesef\u00f6rderung \u201eIch bin ein B\u00fcchereifuchs\u201c teil. Emsiges Treiben herrschte an drei Vormittagen in der Gemeindeb\u00fccherei Kastl, viele kleine B\u00fcchereif\u00fcchse nahmen an der Aktion zur Lesef\u00f6rderung &#8222;Ich bin ein B\u00fcchereifuchs&#8220; teil und kennen sich jetzt in der &hellip; <\/p>\n<p><a class=\"more-link btn\" href=\"https:\/\/gemeindebuechereikastl.de\/?p=1458\">Weiterlesen<\/a><\/p>\n","protected":false},"author":1,"featured_media":0,"comment_status":"closed","ping_status":"closed","sticky":false,"template":"","format":"standard","meta":{"footnotes":""},"categories":[1],"tags":[179,180,181,118],"class_list":["post-1458","post","type-post","status-publish","format-standard","hentry","category-team","tag-buechereifuchs","tag-buechereifuehrerschein","tag-kindergarten","tag-lesen","item-wrap"],"_links":{"self":[{"href":"https:\/\/gemeindebuechereikastl.de\/index.php?rest_route=\/wp\/v2\/posts\/1458","targetHints":{"allow":["GET"]}}],"collection":[{"href":"https:\/\/gemeindebuechereikastl.de\/index.php?rest_route=\/wp\/v2\/posts"}],"about":[{"href":"https:\/\/gemeindebuechereikastl.de\/index.php?rest_route=\/wp\/v2\/types\/post"}],"author":[{"embeddable":true,"href":"https:\/\/gemeindebuechereikastl.de\/index.php?rest_route=\/wp\/v2\/users\/1"}],"replies":[{"embeddable":true,"href":"https:\/\/gemeindebuechereikastl.de\/index.php?rest_route=%2Fwp%2Fv2%2Fcomments&post=1458"}],"version-history":[{"count":10,"href":"https:\/\/gemeindebuechereikastl.de\/index.php?rest_route=\/wp\/v2\/posts\/1458\/revisions"}],"predecessor-version":[{"id":1547,"href":"https:\/\/gemeindebuechereikastl.de\/index.php?rest_route=\/wp\/v2\/posts\/1458\/revisions\/1547"}],"wp:attachment":[{"href":"https:\/\/gemeindebuechereikastl.de\/index.php?rest_route=%2Fwp%2Fv2%2Fmedia&parent=1458"}],"wp:term":[{"taxonomy":"category","embeddable":true,"href":"https:\/\/gemeindebuechereikastl.de\/index.php?rest_route=%2Fwp%2Fv2%2Fcategories&post=1458"},{"taxonomy":"post_tag","embeddable":true,"href":"https:\/\/gemeindebuechereikastl.de\/index.php?rest_route=%2Fwp%2Fv2%2Ftags&post=1458"}],"curies":[{"name":"wp","href":"https:\/\/api.w.org\/{rel}","templated":true}]}}