{"id":1475,"date":"2020-07-31T15:18:48","date_gmt":"2020-07-31T15:18:48","guid":{"rendered":"http:\/\/gemeindebuechereikastl.de\/?p=1475"},"modified":"2020-07-31T15:33:50","modified_gmt":"2020-07-31T15:33:50","slug":"ferienzeit-urlaubszeit-lesezeit-neue-buecher-und-medien-eingetroffen","status":"publish","type":"post","link":"https:\/\/gemeindebuechereikastl.de\/?p=1475","title":{"rendered":"Ferienzeit \/ Urlaubszeit = LESEZEIT &#8211; Neue B\u00fccher und Medien eingetroffen"},"content":{"rendered":"<h2 style=\"text-align: center;\"><span style=\"color: #ff6600;\"><img loading=\"lazy\" decoding=\"async\" class=\" wp-image-1477 alignleft\" src=\"https:\/\/gemeindebuechereikastl.de\/wp-content\/uploads\/2020\/07\/Kindersachb.-643x1024.jpg\" alt=\"\" width=\"340\" height=\"542\" srcset=\"https:\/\/gemeindebuechereikastl.de\/wp-content\/uploads\/2020\/07\/Kindersachb.-643x1024.jpg 643w, https:\/\/gemeindebuechereikastl.de\/wp-content\/uploads\/2020\/07\/Kindersachb.-188x300.jpg 188w, https:\/\/gemeindebuechereikastl.de\/wp-content\/uploads\/2020\/07\/Kindersachb.-768x1224.jpg 768w, https:\/\/gemeindebuechereikastl.de\/wp-content\/uploads\/2020\/07\/Kindersachb.-964x1536.jpg 964w, https:\/\/gemeindebuechereikastl.de\/wp-content\/uploads\/2020\/07\/Kindersachb.-1285x2048.jpg 1285w, https:\/\/gemeindebuechereikastl.de\/wp-content\/uploads\/2020\/07\/Kindersachb.-scaled.jpg 1607w\" sizes=\"auto, (max-width: 340px) 100vw, 340px\" \/>Rechtzeitig zu Beginn der Ferien- und Urlaubszeit hat das B\u00fcchereiteam wieder eine gro\u00dfe Zahl an neuen B\u00fcchern und Medien f\u00fcr alle Leser angeschafft<\/span>.<\/h2>\n<p>K\u00fcrzlich wurden bereits die neuen Tonies zur Ausleihe freigegeben, Neben den Tonies sind auch noch an die 150 neue B\u00fccher und H\u00f6rb\u00fccher f\u00fcr alle Leser eingetroffen.<img loading=\"lazy\" decoding=\"async\" class=\"wp-image-1480 alignleft\" src=\"https:\/\/gemeindebuechereikastl.de\/wp-content\/uploads\/2020\/07\/kinderbuecher-1024x813.jpg\" alt=\"\" width=\"336\" height=\"267\" srcset=\"https:\/\/gemeindebuechereikastl.de\/wp-content\/uploads\/2020\/07\/kinderbuecher-1024x813.jpg 1024w, https:\/\/gemeindebuechereikastl.de\/wp-content\/uploads\/2020\/07\/kinderbuecher-300x238.jpg 300w, https:\/\/gemeindebuechereikastl.de\/wp-content\/uploads\/2020\/07\/kinderbuecher-768x610.jpg 768w, https:\/\/gemeindebuechereikastl.de\/wp-content\/uploads\/2020\/07\/kinderbuecher-1536x1219.jpg 1536w, https:\/\/gemeindebuechereikastl.de\/wp-content\/uploads\/2020\/07\/kinderbuecher-2048x1626.jpg 2048w\" sizes=\"auto, (max-width: 336px) 100vw, 336px\" \/><br \/>\n<img loading=\"lazy\" decoding=\"async\" class=\"wp-image-1480 alignnone\" src=\"https:\/\/gemeindebuechereikastl.de\/wp-content\/uploads\/2020\/07\/kinderbuecher-1024x813.jpg\" alt=\"\" width=\"5\" height=\"4\" srcset=\"https:\/\/gemeindebuechereikastl.de\/wp-content\/uploads\/2020\/07\/kinderbuecher-1024x813.jpg 1024w, https:\/\/gemeindebuechereikastl.de\/wp-content\/uploads\/2020\/07\/kinderbuecher-300x238.jpg 300w, https:\/\/gemeindebuechereikastl.de\/wp-content\/uploads\/2020\/07\/kinderbuecher-150x150.jpg 150w, https:\/\/gemeindebuechereikastl.de\/wp-content\/uploads\/2020\/07\/kinderbuecher-768x610.jpg 768w, https:\/\/gemeindebuechereikastl.de\/wp-content\/uploads\/2020\/07\/kinderbuecher-1536x1219.jpg 1536w, https:\/\/gemeindebuechereikastl.de\/wp-content\/uploads\/2020\/07\/kinderbuecher-2048x1626.jpg 2048w, https:\/\/gemeindebuechereikastl.de\/wp-content\/uploads\/2020\/07\/kinderbuecher-750x400.jpg 750w\" sizes=\"auto, (max-width: 5px) 100vw, 5px\" \/>Unter den neuen Romanen befinden sich auch wieder einige B\u00fccher aus den Bestsellerlisten. Bei den Kindern wurden die Bekannten Reihen wie: Die drei ???, Das Baumhaus oder Der kleine Drache Kokosnuss oder auch Der Tag, an dem der Opa den Wasserkocher auf den Herd gestellt hat angeschafft, um nur ein paar der neunen\u00a0 zu nennen.<img loading=\"lazy\" decoding=\"async\" class=\"wp-image-1478 alignright\" src=\"https:\/\/gemeindebuechereikastl.de\/wp-content\/uploads\/2020\/07\/Romane-1024x850.jpg\" alt=\"\" width=\"338\" height=\"280\" srcset=\"https:\/\/gemeindebuechereikastl.de\/wp-content\/uploads\/2020\/07\/Romane-1024x850.jpg 1024w, https:\/\/gemeindebuechereikastl.de\/wp-content\/uploads\/2020\/07\/Romane-300x249.jpg 300w, https:\/\/gemeindebuechereikastl.de\/wp-content\/uploads\/2020\/07\/Romane-768x638.jpg 768w, https:\/\/gemeindebuechereikastl.de\/wp-content\/uploads\/2020\/07\/Romane-1536x1275.jpg 1536w, https:\/\/gemeindebuechereikastl.de\/wp-content\/uploads\/2020\/07\/Romane-2048x1701.jpg 2048w\" sizes=\"auto, (max-width: 338px) 100vw, 338px\" \/><br \/>\nEs gibt f\u00fcr alle Altersgruppen vom Bilderbuch \u00fcber Kinderb\u00fccher bis hin zu Romanen neues und aktuelles zu entdecken. Auch bei den Sachb\u00fcchern f\u00fcr Kinder und Erwachsene gibt es interessante Themen zu entdecken. Auch neue H\u00f6rb\u00fccher f\u00fcr Kinder und Erwachsene befinden sich ebenfalls im aktuellen Angebot der neuen Medien.<\/p>\n<p>Alle Infos \u00fcber die neuen B\u00fccher und Medien wie immer in unserem <strong>Online Katalog<\/strong> unter <strong>\u201eNeue Titel\u201c<\/strong>. Oder sie kommen w\u00e4hrend der n\u00e4chsten \u00d6ffnungszeiten bei uns vorbei und k\u00f6nnen die neuen B\u00fccher und Medien gleich mitnehmen.\u00a0\u00a0<img loading=\"lazy\" decoding=\"async\" class=\"wp-image-1479 alignleft\" src=\"https:\/\/gemeindebuechereikastl.de\/wp-content\/uploads\/2020\/07\/Tonies-1024x528.jpg\" alt=\"\" width=\"283\" height=\"146\" srcset=\"https:\/\/gemeindebuechereikastl.de\/wp-content\/uploads\/2020\/07\/Tonies-1024x528.jpg 1024w, https:\/\/gemeindebuechereikastl.de\/wp-content\/uploads\/2020\/07\/Tonies-300x155.jpg 300w, https:\/\/gemeindebuechereikastl.de\/wp-content\/uploads\/2020\/07\/Tonies-768x396.jpg 768w, https:\/\/gemeindebuechereikastl.de\/wp-content\/uploads\/2020\/07\/Tonies-1536x791.jpg 1536w, https:\/\/gemeindebuechereikastl.de\/wp-content\/uploads\/2020\/07\/Tonies-2048x1055.jpg 2048w\" sizes=\"auto, (max-width: 283px) 100vw, 283px\" \/><\/p>\n<p>Neu ist auch, dass die Tonies in der B\u00fccherei umgezogen sind. Diese befinden sich jetzt gleich neben den H\u00f6rbuch-CDs f\u00fcr Kinder ebenfalls im Erdgeschoss.<\/p>\n","protected":false},"excerpt":{"rendered":"<p>Rechtzeitig zu Beginn der Ferien- und Urlaubszeit hat das B\u00fcchereiteam wieder eine gro\u00dfe Zahl an neuen B\u00fcchern und Medien f\u00fcr alle Leser angeschafft. K\u00fcrzlich wurden bereits die neuen Tonies zur Ausleihe freigegeben, Neben den Tonies sind auch noch an die 150 neue B\u00fccher und H\u00f6rb\u00fccher f\u00fcr alle Leser eingetroffen. Unter den neuen Romanen befinden sich &hellip; <\/p>\n<p><a class=\"more-link btn\" href=\"https:\/\/gemeindebuechereikastl.de\/?p=1475\">Weiterlesen<\/a><\/p>\n","protected":false},"author":1,"featured_media":1487,"comment_status":"closed","ping_status":"closed","sticky":false,"template":"","format":"standard","meta":{"footnotes":""},"categories":[5],"tags":[51,182,85,86,183,184],"class_list":["post-1475","post","type-post","status-publish","format-standard","has-post-thumbnail","hentry","category-news","tag-ferien","tag-ferienzeit","tag-neue-buecher","tag-neue-medien","tag-urlaub","tag-urlaubszeit","item-wrap"],"_links":{"self":[{"href":"https:\/\/gemeindebuechereikastl.de\/index.php?rest_route=\/wp\/v2\/posts\/1475","targetHints":{"allow":["GET"]}}],"collection":[{"href":"https:\/\/gemeindebuechereikastl.de\/index.php?rest_route=\/wp\/v2\/posts"}],"about":[{"href":"https:\/\/gemeindebuechereikastl.de\/index.php?rest_route=\/wp\/v2\/types\/post"}],"author":[{"embeddable":true,"href":"https:\/\/gemeindebuechereikastl.de\/index.php?rest_route=\/wp\/v2\/users\/1"}],"replies":[{"embeddable":true,"href":"https:\/\/gemeindebuechereikastl.de\/index.php?rest_route=%2Fwp%2Fv2%2Fcomments&post=1475"}],"version-history":[{"count":5,"href":"https:\/\/gemeindebuechereikastl.de\/index.php?rest_route=\/wp\/v2\/posts\/1475\/revisions"}],"predecessor-version":[{"id":1485,"href":"https:\/\/gemeindebuechereikastl.de\/index.php?rest_route=\/wp\/v2\/posts\/1475\/revisions\/1485"}],"wp:featuredmedia":[{"embeddable":true,"href":"https:\/\/gemeindebuechereikastl.de\/index.php?rest_route=\/wp\/v2\/media\/1487"}],"wp:attachment":[{"href":"https:\/\/gemeindebuechereikastl.de\/index.php?rest_route=%2Fwp%2Fv2%2Fmedia&parent=1475"}],"wp:term":[{"taxonomy":"category","embeddable":true,"href":"https:\/\/gemeindebuechereikastl.de\/index.php?rest_route=%2Fwp%2Fv2%2Fcategories&post=1475"},{"taxonomy":"post_tag","embeddable":true,"href":"https:\/\/gemeindebuechereikastl.de\/index.php?rest_route=%2Fwp%2Fv2%2Ftags&post=1475"}],"curies":[{"name":"wp","href":"https:\/\/api.w.org\/{rel}","templated":true}]}}