{"id":1489,"date":"2020-08-04T11:41:41","date_gmt":"2020-08-04T11:41:41","guid":{"rendered":"http:\/\/gemeindebuechereikastl.de\/?p=1489"},"modified":"2020-08-11T10:57:03","modified_gmt":"2020-08-11T10:57:03","slug":"es-ist-wieder-buecher-flohmarktzeit-am-markt-im-markt-kastl","status":"publish","type":"post","link":"https:\/\/gemeindebuechereikastl.de\/?p=1489","title":{"rendered":"B\u00fccher-Flohmarkt im August am MARKT im MARKT KASTL"},"content":{"rendered":"<h2 style=\"text-align: center;\"><span style=\"color: #ff6600;\"><strong>Samstag, 8. August &#8211; <\/strong><strong>Schn\u00e4ppchenjagd des B\u00fcchereiteams nach guten B\u00fcchern am Marktplatz\u00a0<\/strong><\/span><\/h2>\n<p style=\"text-align: center;\">Auch an diesem hei\u00dfen Augustsamstag war das B\u00fcchereiteam wieder mit ihrem B\u00fccher\u2013Flohmarkt-Stand am Marktsamstag, vertreten. Herzlichen Dank an die Besucher f\u00fcr die Spenden, die komplett f\u00fcr den\u00a0 Einkauf von neuen B\u00fcchern und Medien verwendet werden !<\/p>\n<p><img loading=\"lazy\" decoding=\"async\" class=\"alignnone size-large wp-image-1507\" src=\"https:\/\/gemeindebuechereikastl.de\/wp-content\/uploads\/2020\/08\/floh-2-1024x771.jpg\" alt=\"\" width=\"750\" height=\"565\" srcset=\"https:\/\/gemeindebuechereikastl.de\/wp-content\/uploads\/2020\/08\/floh-2-1024x771.jpg 1024w, https:\/\/gemeindebuechereikastl.de\/wp-content\/uploads\/2020\/08\/floh-2-300x226.jpg 300w, https:\/\/gemeindebuechereikastl.de\/wp-content\/uploads\/2020\/08\/floh-2-768x578.jpg 768w, https:\/\/gemeindebuechereikastl.de\/wp-content\/uploads\/2020\/08\/floh-2-1536x1156.jpg 1536w, https:\/\/gemeindebuechereikastl.de\/wp-content\/uploads\/2020\/08\/floh-2-2048x1542.jpg 2048w\" sizes=\"auto, (max-width: 750px) 100vw, 750px\" \/><\/p>\n<h4><img loading=\"lazy\" decoding=\"async\" class=\"wp-image-1506 alignleft\" src=\"https:\/\/gemeindebuechereikastl.de\/wp-content\/uploads\/2020\/08\/floh-4-1024x799.jpg\" alt=\"\" width=\"762\" height=\"593\" \/><\/h4>\n<h4><\/h4>\n<h4><\/h4>\n<h4><\/h4>\n<h4><\/h4>\n<h4><\/h4>\n<h4><\/h4>\n<h4><\/h4>\n<h4><\/h4>\n<h4><\/h4>\n<h4 style=\"text-align: center;\"><strong><img loading=\"lazy\" decoding=\"async\" class=\"alignnone size-large wp-image-1505\" src=\"https:\/\/gemeindebuechereikastl.de\/wp-content\/uploads\/2020\/08\/floh-3-1024x629.jpg\" alt=\"\" width=\"750\" height=\"461\" srcset=\"https:\/\/gemeindebuechereikastl.de\/wp-content\/uploads\/2020\/08\/floh-3-1024x629.jpg 1024w, https:\/\/gemeindebuechereikastl.de\/wp-content\/uploads\/2020\/08\/floh-3-300x184.jpg 300w, https:\/\/gemeindebuechereikastl.de\/wp-content\/uploads\/2020\/08\/floh-3-768x472.jpg 768w, https:\/\/gemeindebuechereikastl.de\/wp-content\/uploads\/2020\/08\/floh-3-1536x944.jpg 1536w, https:\/\/gemeindebuechereikastl.de\/wp-content\/uploads\/2020\/08\/floh-3-2048x1258.jpg 2048w\" sizes=\"auto, (max-width: 750px) 100vw, 750px\" \/><\/strong><\/h4>\n<h4><img loading=\"lazy\" decoding=\"async\" class=\"alignnone size-large wp-image-1503\" src=\"https:\/\/gemeindebuechereikastl.de\/wp-content\/uploads\/2020\/08\/floh-1-1024x707.jpg\" alt=\"\" width=\"750\" height=\"518\" srcset=\"https:\/\/gemeindebuechereikastl.de\/wp-content\/uploads\/2020\/08\/floh-1-1024x707.jpg 1024w, https:\/\/gemeindebuechereikastl.de\/wp-content\/uploads\/2020\/08\/floh-1-300x207.jpg 300w, https:\/\/gemeindebuechereikastl.de\/wp-content\/uploads\/2020\/08\/floh-1-768x531.jpg 768w, https:\/\/gemeindebuechereikastl.de\/wp-content\/uploads\/2020\/08\/floh-1-1536x1061.jpg 1536w, https:\/\/gemeindebuechereikastl.de\/wp-content\/uploads\/2020\/08\/floh-1-2048x1415.jpg 2048w\" sizes=\"auto, (max-width: 750px) 100vw, 750px\" \/><\/h4>\n<h4 style=\"text-align: center;\"><strong>Dank an das B\u00fcchereiteam, das die Auswahl der B\u00fccher f\u00fcr die Buchliebhaber zusammengestellt hat und f\u00fcr die Betreuung des B\u00fcchereistandes.\u00a0<\/strong><\/h4>\n","protected":false},"excerpt":{"rendered":"<p>Samstag, 8. August &#8211; Schn\u00e4ppchenjagd des B\u00fcchereiteams nach guten B\u00fcchern am Marktplatz\u00a0 Auch an diesem hei\u00dfen Augustsamstag war das B\u00fcchereiteam wieder mit ihrem B\u00fccher\u2013Flohmarkt-Stand am Marktsamstag, vertreten. Herzlichen Dank an die Besucher f\u00fcr die Spenden, die komplett f\u00fcr den\u00a0 Einkauf von neuen B\u00fcchern und Medien verwendet werden ! Dank an das B\u00fcchereiteam, das die Auswahl &hellip; <\/p>\n<p><a class=\"more-link btn\" href=\"https:\/\/gemeindebuechereikastl.de\/?p=1489\">Weiterlesen<\/a><\/p>\n","protected":false},"author":1,"featured_media":1512,"comment_status":"closed","ping_status":"closed","sticky":false,"template":"","format":"standard","meta":{"footnotes":""},"categories":[5],"tags":[58,64,60,59,176,177],"class_list":["post-1489","post","type-post","status-publish","format-standard","has-post-thumbnail","hentry","category-news","tag-buecher","tag-buechereiteam","tag-buecherflohmarkt","tag-flohmarkt","tag-markt","tag-marktplatz","item-wrap"],"_links":{"self":[{"href":"https:\/\/gemeindebuechereikastl.de\/index.php?rest_route=\/wp\/v2\/posts\/1489","targetHints":{"allow":["GET"]}}],"collection":[{"href":"https:\/\/gemeindebuechereikastl.de\/index.php?rest_route=\/wp\/v2\/posts"}],"about":[{"href":"https:\/\/gemeindebuechereikastl.de\/index.php?rest_route=\/wp\/v2\/types\/post"}],"author":[{"embeddable":true,"href":"https:\/\/gemeindebuechereikastl.de\/index.php?rest_route=\/wp\/v2\/users\/1"}],"replies":[{"embeddable":true,"href":"https:\/\/gemeindebuechereikastl.de\/index.php?rest_route=%2Fwp%2Fv2%2Fcomments&post=1489"}],"version-history":[{"count":12,"href":"https:\/\/gemeindebuechereikastl.de\/index.php?rest_route=\/wp\/v2\/posts\/1489\/revisions"}],"predecessor-version":[{"id":1520,"href":"https:\/\/gemeindebuechereikastl.de\/index.php?rest_route=\/wp\/v2\/posts\/1489\/revisions\/1520"}],"wp:featuredmedia":[{"embeddable":true,"href":"https:\/\/gemeindebuechereikastl.de\/index.php?rest_route=\/wp\/v2\/media\/1512"}],"wp:attachment":[{"href":"https:\/\/gemeindebuechereikastl.de\/index.php?rest_route=%2Fwp%2Fv2%2Fmedia&parent=1489"}],"wp:term":[{"taxonomy":"category","embeddable":true,"href":"https:\/\/gemeindebuechereikastl.de\/index.php?rest_route=%2Fwp%2Fv2%2Fcategories&post=1489"},{"taxonomy":"post_tag","embeddable":true,"href":"https:\/\/gemeindebuechereikastl.de\/index.php?rest_route=%2Fwp%2Fv2%2Ftags&post=1489"}],"curies":[{"name":"wp","href":"https:\/\/api.w.org\/{rel}","templated":true}]}}