{"id":1576,"date":"2020-08-17T07:14:29","date_gmt":"2020-08-17T07:14:29","guid":{"rendered":"http:\/\/gemeindebuechereikastl.de\/?p=1576"},"modified":"2020-08-20T14:43:36","modified_gmt":"2020-08-20T14:43:36","slug":"leser-wunschbuch-aktion-vom-buechereiteam-gestartet","status":"publish","type":"post","link":"https:\/\/gemeindebuechereikastl.de\/?p=1576","title":{"rendered":"Leser-Wunschbuch Aktion vom B\u00fcchereiteam gestartet"},"content":{"rendered":"<h2 style=\"text-align: center;\"><span style=\"color: #ff6600;\"><strong>Die Leser der Gemeindeb\u00fccherei Kastl k\u00f6nnen ab sofort auch Vorschl\u00e4ge f\u00fcr den Kauf von neuen B\u00fcchern und Medien machen.<\/strong><\/span><\/h2>\n<p style=\"text-align: center;\">Stellvertretend f\u00fcr das B\u00fcchereiteam gaben B\u00fcrgermeister Stefan Braun und B\u00fcchereileiter Georg D\u00fcrr den Startschuss zu dieser \u201eLeser-Wunschbuch Aktion\u201c in den R\u00e4umen der Gemeindeb\u00fccherei Kastl.<\/p>\n<p><img loading=\"lazy\" decoding=\"async\" class=\"size-large wp-image-1563 aligncenter\" src=\"https:\/\/gemeindebuechereikastl.de\/wp-content\/uploads\/2020\/08\/Wunschbuch-1024x762.jpg\" alt=\"\" width=\"750\" height=\"558\" srcset=\"https:\/\/gemeindebuechereikastl.de\/wp-content\/uploads\/2020\/08\/Wunschbuch-1024x762.jpg 1024w, https:\/\/gemeindebuechereikastl.de\/wp-content\/uploads\/2020\/08\/Wunschbuch-300x223.jpg 300w, https:\/\/gemeindebuechereikastl.de\/wp-content\/uploads\/2020\/08\/Wunschbuch-768x571.jpg 768w, https:\/\/gemeindebuechereikastl.de\/wp-content\/uploads\/2020\/08\/Wunschbuch-1536x1143.jpg 1536w, https:\/\/gemeindebuechereikastl.de\/wp-content\/uploads\/2020\/08\/Wunschbuch-2048x1524.jpg 2048w, https:\/\/gemeindebuechereikastl.de\/wp-content\/uploads\/2020\/08\/Wunschbuch-750x558.jpg 750w\" sizes=\"auto, (max-width: 750px) 100vw, 750px\" \/><\/p>\n<p>Gem\u00e4\u00df unserem Leitsatz \u201eGemeindeb\u00fccherei Kastl \u2013 Das Haus der B\u00fccher und Medienvielfalt\u201c erweiterten wir unseren Bestand laufend um aktuelle B\u00fccher und Medien. Dabei achten wir stets darauf, dass wir f\u00fcr <img loading=\"lazy\" decoding=\"async\" class=\" wp-image-1580 alignleft\" src=\"https:\/\/gemeindebuechereikastl.de\/wp-content\/uploads\/2020\/08\/Pinnwand-917x1024.jpg\" alt=\"\" width=\"269\" height=\"300\" srcset=\"https:\/\/gemeindebuechereikastl.de\/wp-content\/uploads\/2020\/08\/Pinnwand-917x1024.jpg 917w, https:\/\/gemeindebuechereikastl.de\/wp-content\/uploads\/2020\/08\/Pinnwand-269x300.jpg 269w, https:\/\/gemeindebuechereikastl.de\/wp-content\/uploads\/2020\/08\/Pinnwand-768x858.jpg 768w, https:\/\/gemeindebuechereikastl.de\/wp-content\/uploads\/2020\/08\/Pinnwand-1375x1536.jpg 1375w, https:\/\/gemeindebuechereikastl.de\/wp-content\/uploads\/2020\/08\/Pinnwand-1833x2048.jpg 1833w, https:\/\/gemeindebuechereikastl.de\/wp-content\/uploads\/2020\/08\/Pinnwand-750x838.jpg 750w\" sizes=\"auto, (max-width: 269px) 100vw, 269px\" \/>jeden unserer Leser etwas passendes zur Verf\u00fcgung stellen k\u00f6nnen. Aber die Geschm\u00e4cker sind eben verschieden\u2026<\/p>\n<p>Da wir trotz der langj\u00e4hrigen Erfahrung in der B\u00fcchereiarbeit, nicht immer wissen k\u00f6nnen, was Sie bei uns Vermissen, sind wir f\u00fcr jeden Buchwunsch dankbar.<img loading=\"lazy\" decoding=\"async\" class=\"wp-image-1549 alignright\" src=\"https:\/\/gemeindebuechereikastl.de\/wp-content\/uploads\/2020\/08\/wunschbuch-leser.jpg\" alt=\"\" width=\"244\" height=\"151\" srcset=\"https:\/\/gemeindebuechereikastl.de\/wp-content\/uploads\/2020\/08\/wunschbuch-leser.jpg 686w, https:\/\/gemeindebuechereikastl.de\/wp-content\/uploads\/2020\/08\/wunschbuch-leser-300x186.jpg 300w\" sizes=\"auto, (max-width: 244px) 100vw, 244px\" \/><\/p>\n<p>Diesen k\u00f6nnen Sie uns jetzt \u00fcber eine \u201eBuch-Wunsch-Karte\u201c in der B\u00fccherei bei den \u00d6ffnungszeiten gerne mitteilenund an die <strong>&#8222;Buchwunsch-Pinnwand&#8220;<\/strong> h\u00e4ngen.<\/p>\n<p>Oder Sie schicken uns ihren Buchwunsch einfach per Mail, mit dem Stichwort \u201eBuchwunsch\u201c an <strong><span style=\"color: #ff0000;\"><a style=\"color: #ff0000;\" href=\"mailto:info@gemeindebuechereikastl.de\">info@gemeindebuechereikastl.de<\/a><\/span><\/strong><\/p>\n<h4 style=\"text-align: center;\">Weitere Infos zur Buchwunsch-Aktion, finden Sie hier auf unserer Homepage ganz ober in der Navigationsleiste unter<span style=\"color: #ff0000;\"><strong><a style=\"color: #ff0000;\" href=\"https:\/\/gemeindebuechereikastl.de\/?page_id=1521\"> \u201eBuchwunsch\u2013Leser\u201c<\/a><\/strong><\/span><\/h4>\n","protected":false},"excerpt":{"rendered":"<p>Die Leser der Gemeindeb\u00fccherei Kastl k\u00f6nnen ab sofort auch Vorschl\u00e4ge f\u00fcr den Kauf von neuen B\u00fcchern und Medien machen. Stellvertretend f\u00fcr das B\u00fcchereiteam gaben B\u00fcrgermeister Stefan Braun und B\u00fcchereileiter Georg D\u00fcrr den Startschuss zu dieser \u201eLeser-Wunschbuch Aktion\u201c in den R\u00e4umen der Gemeindeb\u00fccherei Kastl. Gem\u00e4\u00df unserem Leitsatz \u201eGemeindeb\u00fccherei Kastl \u2013 Das Haus der B\u00fccher und Medienvielfalt\u201c &hellip; <\/p>\n<p><a class=\"more-link btn\" href=\"https:\/\/gemeindebuechereikastl.de\/?p=1576\">Weiterlesen<\/a><\/p>\n","protected":false},"author":1,"featured_media":1563,"comment_status":"closed","ping_status":"closed","sticky":false,"template":"","format":"standard","meta":{"footnotes":""},"categories":[5],"tags":[187,85,86],"class_list":["post-1576","post","type-post","status-publish","format-standard","has-post-thumbnail","hentry","category-news","tag-buchwunsch","tag-neue-buecher","tag-neue-medien","item-wrap"],"_links":{"self":[{"href":"https:\/\/gemeindebuechereikastl.de\/index.php?rest_route=\/wp\/v2\/posts\/1576","targetHints":{"allow":["GET"]}}],"collection":[{"href":"https:\/\/gemeindebuechereikastl.de\/index.php?rest_route=\/wp\/v2\/posts"}],"about":[{"href":"https:\/\/gemeindebuechereikastl.de\/index.php?rest_route=\/wp\/v2\/types\/post"}],"author":[{"embeddable":true,"href":"https:\/\/gemeindebuechereikastl.de\/index.php?rest_route=\/wp\/v2\/users\/1"}],"replies":[{"embeddable":true,"href":"https:\/\/gemeindebuechereikastl.de\/index.php?rest_route=%2Fwp%2Fv2%2Fcomments&post=1576"}],"version-history":[{"count":6,"href":"https:\/\/gemeindebuechereikastl.de\/index.php?rest_route=\/wp\/v2\/posts\/1576\/revisions"}],"predecessor-version":[{"id":1586,"href":"https:\/\/gemeindebuechereikastl.de\/index.php?rest_route=\/wp\/v2\/posts\/1576\/revisions\/1586"}],"wp:featuredmedia":[{"embeddable":true,"href":"https:\/\/gemeindebuechereikastl.de\/index.php?rest_route=\/wp\/v2\/media\/1563"}],"wp:attachment":[{"href":"https:\/\/gemeindebuechereikastl.de\/index.php?rest_route=%2Fwp%2Fv2%2Fmedia&parent=1576"}],"wp:term":[{"taxonomy":"category","embeddable":true,"href":"https:\/\/gemeindebuechereikastl.de\/index.php?rest_route=%2Fwp%2Fv2%2Fcategories&post=1576"},{"taxonomy":"post_tag","embeddable":true,"href":"https:\/\/gemeindebuechereikastl.de\/index.php?rest_route=%2Fwp%2Fv2%2Ftags&post=1576"}],"curies":[{"name":"wp","href":"https:\/\/api.w.org\/{rel}","templated":true}]}}