{"id":1588,"date":"2020-08-24T11:29:13","date_gmt":"2020-08-24T11:29:13","guid":{"rendered":"http:\/\/gemeindebuechereikastl.de\/?p=1588"},"modified":"2020-08-27T06:32:41","modified_gmt":"2020-08-27T06:32:41","slug":"die-beliebten-abenteuer-der-muellmonster-feiern-geburtstag","status":"publish","type":"post","link":"https:\/\/gemeindebuechereikastl.de\/?p=1588","title":{"rendered":"Die beliebten Abenteuer der M\u00fcllmonster feiern Geburtstag"},"content":{"rendered":"<h2><span style=\"color: #ff6600;\"><strong>Erhard Dietls Olchis werden 30!<\/strong><\/span><\/h2>\n<p><strong><span style=\"color: #333333;\"><img loading=\"lazy\" decoding=\"async\" class=\" wp-image-1591 alignleft\" src=\"https:\/\/gemeindebuechereikastl.de\/wp-content\/uploads\/2020\/08\/olchis.jpg\" alt=\"\" width=\"304\" height=\"312\" srcset=\"https:\/\/gemeindebuechereikastl.de\/wp-content\/uploads\/2020\/08\/olchis.jpg 428w, https:\/\/gemeindebuechereikastl.de\/wp-content\/uploads\/2020\/08\/olchis-292x300.jpg 292w\" sizes=\"auto, (max-width: 304px) 100vw, 304px\" \/>In diesem Monat feiern die von Erhard Dietl erfundenen Bewohner einer M\u00fcllkippe im \u00d6rtchen Schmuddelfing die Olchis ihren 30. Geburtstag. (Das erste Buch erschien am 24. August 199<\/span>0)<\/strong><\/p>\n<p><span style=\"color: #000000;\">Seit 30 Jahren bringen die gr\u00fcnen Olchis Kinder zum Lesen. Erfinder Erhard Dietl blickt auf ihre Erfolgsgeschichte zur\u00fcck und ist sicher: Die Botschaft der Familie von der M\u00fcllkippe ist auch heute aktuell.<\/span><\/p>\n<p><span style=\"color: #000000;\">Die Olchis leben in einer H\u00f6hle auf der M\u00fcllkippe von Schmuddelfing. Sie m\u00f6gen es, wenn es mieft, muffelt und furzt. Olchis waschen sich nie. Wenn sie g\u00e4hnen, dann st\u00fcrzen die Fliegen ab und fallen tot auf den Fu\u00dfboden.<\/span><strong><img loading=\"lazy\" decoding=\"async\" class=\"wp-image-1600 alignright\" src=\"https:\/\/gemeindebuechereikastl.de\/wp-content\/uploads\/2020\/08\/Olchis-Ausstellung-scaled-e1598437775634-816x1024.jpg\" alt=\"\" width=\"388\" height=\"487\" srcset=\"https:\/\/gemeindebuechereikastl.de\/wp-content\/uploads\/2020\/08\/Olchis-Ausstellung-scaled-e1598437775634-816x1024.jpg 816w, https:\/\/gemeindebuechereikastl.de\/wp-content\/uploads\/2020\/08\/Olchis-Ausstellung-scaled-e1598437775634-239x300.jpg 239w, https:\/\/gemeindebuechereikastl.de\/wp-content\/uploads\/2020\/08\/Olchis-Ausstellung-scaled-e1598437775634-768x964.jpg 768w, https:\/\/gemeindebuechereikastl.de\/wp-content\/uploads\/2020\/08\/Olchis-Ausstellung-scaled-e1598437775634-1224x1536.jpg 1224w, https:\/\/gemeindebuechereikastl.de\/wp-content\/uploads\/2020\/08\/Olchis-Ausstellung-scaled-e1598437775634-1632x2048.jpg 1632w, https:\/\/gemeindebuechereikastl.de\/wp-content\/uploads\/2020\/08\/Olchis-Ausstellung-scaled-e1598437775634-750x941.jpg 750w, https:\/\/gemeindebuechereikastl.de\/wp-content\/uploads\/2020\/08\/Olchis-Ausstellung-scaled-e1598437775634.jpg 2040w\" sizes=\"auto, (max-width: 388px) 100vw, 388px\" \/><\/strong><\/p>\n<p><strong>Fast alle Abenteuer der Olchis gibt es in der B\u00fccherei bei den Kinderb\u00fcchern zu entdecken. Auch sind die Geschichten aus Schmuddelfing auch bei den H\u00f6rb\u00fcchern aufzusp\u00fcren und auch bei den Tonies wird man f\u00fcndig. Die in der B\u00fccherei vorhanden Olchi B\u00fccher und Medien gibt es in einer Ausstellung zu entdecken.<\/strong><\/p>\n<p>Weitere Infos \u00fcber die Olchi-B\u00fccher, -CDs und -Tonie, gibt es\u00a0 bei einem Besuch in der B\u00fccherei zu den \u00d6ffnungszeiten und nat\u00fcrlich auch in unserem <span style=\"color: #ff0000;\"><strong><u><a style=\"color: #ff0000;\" href=\"https:\/\/iopac.gemeindebuechereikastl.de\/iopac\/\">Online-Katalog &#8211; Unter dem Stichwort &#8222;Olchis&#8220;<\/a><\/u><\/strong><\/span><strong>\u00a0 \u00a0<\/strong><\/p>\n<h4><strong>Weiter Infos \u00fcber den Autor Erhard Dietl unter: <span style=\"color: #ff0000;\"><a style=\"color: #ff0000;\" href=\"https:\/\/www.erhard-dietl.de\/\">https:\/\/www.erhard-dietl.de\/<\/a><\/span><\/strong><\/h4>\n<h4><strong> und \u00fcber die Olchis selbst unter: <a href=\"https:\/\/www.oetinger.de\/special\/die-olchis\"><span style=\"color: #ff0000;\">www.olchis.de\u00a0<\/span><\/a><\/strong><\/h4>\n","protected":false},"excerpt":{"rendered":"<p>Erhard Dietls Olchis werden 30! In diesem Monat feiern die von Erhard Dietl erfundenen Bewohner einer M\u00fcllkippe im \u00d6rtchen Schmuddelfing die Olchis ihren 30. Geburtstag. (Das erste Buch erschien am 24. August 1990) Seit 30 Jahren bringen die gr\u00fcnen Olchis Kinder zum Lesen. Erfinder Erhard Dietl blickt auf ihre Erfolgsgeschichte zur\u00fcck und ist sicher: Die &hellip; <\/p>\n<p><a class=\"more-link btn\" href=\"https:\/\/gemeindebuechereikastl.de\/?p=1588\">Weiterlesen<\/a><\/p>\n","protected":false},"author":1,"featured_media":1600,"comment_status":"closed","ping_status":"closed","sticky":false,"template":"","format":"standard","meta":{"footnotes":""},"categories":[5],"tags":[192,191,189,190,188],"class_list":["post-1588","post","type-post","status-publish","format-standard","has-post-thumbnail","hentry","category-news","tag-ausstellung","tag-erhard-dietl","tag-jubilaeum","tag-kinderbuecher","tag-olchis","item-wrap"],"_links":{"self":[{"href":"https:\/\/gemeindebuechereikastl.de\/index.php?rest_route=\/wp\/v2\/posts\/1588","targetHints":{"allow":["GET"]}}],"collection":[{"href":"https:\/\/gemeindebuechereikastl.de\/index.php?rest_route=\/wp\/v2\/posts"}],"about":[{"href":"https:\/\/gemeindebuechereikastl.de\/index.php?rest_route=\/wp\/v2\/types\/post"}],"author":[{"embeddable":true,"href":"https:\/\/gemeindebuechereikastl.de\/index.php?rest_route=\/wp\/v2\/users\/1"}],"replies":[{"embeddable":true,"href":"https:\/\/gemeindebuechereikastl.de\/index.php?rest_route=%2Fwp%2Fv2%2Fcomments&post=1588"}],"version-history":[{"count":8,"href":"https:\/\/gemeindebuechereikastl.de\/index.php?rest_route=\/wp\/v2\/posts\/1588\/revisions"}],"predecessor-version":[{"id":1604,"href":"https:\/\/gemeindebuechereikastl.de\/index.php?rest_route=\/wp\/v2\/posts\/1588\/revisions\/1604"}],"wp:featuredmedia":[{"embeddable":true,"href":"https:\/\/gemeindebuechereikastl.de\/index.php?rest_route=\/wp\/v2\/media\/1600"}],"wp:attachment":[{"href":"https:\/\/gemeindebuechereikastl.de\/index.php?rest_route=%2Fwp%2Fv2%2Fmedia&parent=1588"}],"wp:term":[{"taxonomy":"category","embeddable":true,"href":"https:\/\/gemeindebuechereikastl.de\/index.php?rest_route=%2Fwp%2Fv2%2Fcategories&post=1588"},{"taxonomy":"post_tag","embeddable":true,"href":"https:\/\/gemeindebuechereikastl.de\/index.php?rest_route=%2Fwp%2Fv2%2Ftags&post=1588"}],"curies":[{"name":"wp","href":"https:\/\/api.w.org\/{rel}","templated":true}]}}