{"id":1605,"date":"2020-08-29T15:30:44","date_gmt":"2020-08-29T15:30:44","guid":{"rendered":"http:\/\/gemeindebuechereikastl.de\/?p=1605"},"modified":"2020-08-29T16:16:51","modified_gmt":"2020-08-29T16:16:51","slug":"buchausstellung-zu-kindergarten-und-schule","status":"publish","type":"post","link":"https:\/\/gemeindebuechereikastl.de\/?p=1605","title":{"rendered":"Buchausstellung mit B\u00fcchern und Medien zu Kindergarten und Schule"},"content":{"rendered":"<h2 style=\"text-align: center;\"><span style=\"color: #ff6600;\"><strong>Von B\u00fcchern kann man nie genug bekommen \u2013 sie entf\u00fchren uns in ganz und gar fremde Welten, befl\u00fcgeln unsere Fantasie und lassen uns unseren manchmal ganz sch\u00f6n hektischen Alltag ruckzuck vergessen.<\/strong><\/span><\/h2>\n<h4 style=\"text-align: center;\"><img loading=\"lazy\" decoding=\"async\" class=\"size-large wp-image-1606 aligncenter\" src=\"https:\/\/gemeindebuechereikastl.de\/wp-content\/uploads\/2020\/08\/20200829_151443-1024x861.jpg\" alt=\"\" width=\"750\" height=\"631\" srcset=\"https:\/\/gemeindebuechereikastl.de\/wp-content\/uploads\/2020\/08\/20200829_151443-1024x861.jpg 1024w, https:\/\/gemeindebuechereikastl.de\/wp-content\/uploads\/2020\/08\/20200829_151443-300x252.jpg 300w, https:\/\/gemeindebuechereikastl.de\/wp-content\/uploads\/2020\/08\/20200829_151443-768x646.jpg 768w, https:\/\/gemeindebuechereikastl.de\/wp-content\/uploads\/2020\/08\/20200829_151443-1536x1292.jpg 1536w, https:\/\/gemeindebuechereikastl.de\/wp-content\/uploads\/2020\/08\/20200829_151443-2048x1722.jpg 2048w, https:\/\/gemeindebuechereikastl.de\/wp-content\/uploads\/2020\/08\/20200829_151443-750x631.jpg 750w\" sizes=\"auto, (max-width: 750px) 100vw, 750px\" \/><strong>Deshalb pr\u00e4sentiert das B\u00fcchereiteam Ihren Lesern laufend verschiedene Buch \u2013 und Medientische mit wechselnden Themen in der B\u00fccherei an.<\/strong><\/h4>\n<p>Es beginnt in K\u00fcrze wieder der Kindergarten und die Schule. <img loading=\"lazy\" decoding=\"async\" class=\"wp-image-1609 alignright\" src=\"https:\/\/gemeindebuechereikastl.de\/wp-content\/uploads\/2020\/08\/kiga-schule.jpg\" alt=\"\" width=\"412\" height=\"288\" srcset=\"https:\/\/gemeindebuechereikastl.de\/wp-content\/uploads\/2020\/08\/kiga-schule.jpg 763w, https:\/\/gemeindebuechereikastl.de\/wp-content\/uploads\/2020\/08\/kiga-schule-300x210.jpg 300w, https:\/\/gemeindebuechereikastl.de\/wp-content\/uploads\/2020\/08\/kiga-schule-750x524.jpg 750w\" sizes=\"auto, (max-width: 412px) 100vw, 412px\" \/>Zu beiden Themen Kindergarten + Schule haben wir eine kleine Auswahl von interessanten, wissenswerten, kurzweiliegen und lustigen B\u00fcchern und Medien f\u00fcr Sie zusammengestellt.<br \/>\nDie Palette reicht von Bilderb\u00fcchern, Erstleseb\u00fccher, Kinderb\u00fccher, Ratgebern sowie DVDs, H\u00f6rb\u00fccher und Tonies.<br \/>\n<strong>Komme Sie einfach vorbei und informieren Sie sich!<\/strong><\/p>\n<p>Mit beiden, Kindergarten und Schule pflegt das Team der Gemeindeb\u00fccherei Kastl seit Jahren eine gute Zusammenarbeit.<\/p>\n<p><a href=\"https:\/\/iopac.gemeindebuechereikastl.de\/iopac\/\"><img loading=\"lazy\" decoding=\"async\" class=\" wp-image-1611 alignleft\" src=\"https:\/\/gemeindebuechereikastl.de\/wp-content\/uploads\/2020\/08\/online-Katalog.jpg\" alt=\"\" width=\"250\" height=\"169\" srcset=\"https:\/\/gemeindebuechereikastl.de\/wp-content\/uploads\/2020\/08\/online-Katalog.jpg 941w, https:\/\/gemeindebuechereikastl.de\/wp-content\/uploads\/2020\/08\/online-Katalog-300x203.jpg 300w, https:\/\/gemeindebuechereikastl.de\/wp-content\/uploads\/2020\/08\/online-Katalog-768x520.jpg 768w, https:\/\/gemeindebuechereikastl.de\/wp-content\/uploads\/2020\/08\/online-Katalog-750x508.jpg 750w\" sizes=\"auto, (max-width: 250px) 100vw, 250px\" \/><\/a>Zu beiden Themen &#8222;<strong>Kindergarten und Schule<\/strong>&#8220; gibt es noch weitere B\u00fccher und Medien bei einem Besuch in der B\u00fccherei zu\u00a0 entdecken.<br \/>\nWeiterf\u00fchrende Infos \u00fcber B\u00fccher und Medien <strong>(auch E-Books)<\/strong> findet man nat\u00fcrlich auch in unserem<span style=\"color: #ff0000;\"><strong><a style=\"color: #ff0000;\" href=\"https:\/\/iopac.gemeindebuechereikastl.de\/iopac\/\"> Online Katalog<\/a> <\/strong><\/span>unter den <strong>Stichw\u00f6rtern: Kindergarten oder Schule.<\/strong><\/p>\n","protected":false},"excerpt":{"rendered":"<p>Von B\u00fcchern kann man nie genug bekommen \u2013 sie entf\u00fchren uns in ganz und gar fremde Welten, befl\u00fcgeln unsere Fantasie und lassen uns unseren manchmal ganz sch\u00f6n hektischen Alltag ruckzuck vergessen. Deshalb pr\u00e4sentiert das B\u00fcchereiteam Ihren Lesern laufend verschiedene Buch \u2013 und Medientische mit wechselnden Themen in der B\u00fccherei an. Es beginnt in K\u00fcrze wieder &hellip; <\/p>\n<p><a class=\"more-link btn\" href=\"https:\/\/gemeindebuechereikastl.de\/?p=1605\">Weiterlesen<\/a><\/p>\n","protected":false},"author":1,"featured_media":1606,"comment_status":"closed","ping_status":"closed","sticky":false,"template":"","format":"standard","meta":{"footnotes":""},"categories":[5],"tags":[194,181,193],"class_list":["post-1605","post","type-post","status-publish","format-standard","has-post-thumbnail","hentry","category-news","tag-buchausstellung","tag-kindergarten","tag-schule","item-wrap"],"_links":{"self":[{"href":"https:\/\/gemeindebuechereikastl.de\/index.php?rest_route=\/wp\/v2\/posts\/1605","targetHints":{"allow":["GET"]}}],"collection":[{"href":"https:\/\/gemeindebuechereikastl.de\/index.php?rest_route=\/wp\/v2\/posts"}],"about":[{"href":"https:\/\/gemeindebuechereikastl.de\/index.php?rest_route=\/wp\/v2\/types\/post"}],"author":[{"embeddable":true,"href":"https:\/\/gemeindebuechereikastl.de\/index.php?rest_route=\/wp\/v2\/users\/1"}],"replies":[{"embeddable":true,"href":"https:\/\/gemeindebuechereikastl.de\/index.php?rest_route=%2Fwp%2Fv2%2Fcomments&post=1605"}],"version-history":[{"count":18,"href":"https:\/\/gemeindebuechereikastl.de\/index.php?rest_route=\/wp\/v2\/posts\/1605\/revisions"}],"predecessor-version":[{"id":1629,"href":"https:\/\/gemeindebuechereikastl.de\/index.php?rest_route=\/wp\/v2\/posts\/1605\/revisions\/1629"}],"wp:featuredmedia":[{"embeddable":true,"href":"https:\/\/gemeindebuechereikastl.de\/index.php?rest_route=\/wp\/v2\/media\/1606"}],"wp:attachment":[{"href":"https:\/\/gemeindebuechereikastl.de\/index.php?rest_route=%2Fwp%2Fv2%2Fmedia&parent=1605"}],"wp:term":[{"taxonomy":"category","embeddable":true,"href":"https:\/\/gemeindebuechereikastl.de\/index.php?rest_route=%2Fwp%2Fv2%2Fcategories&post=1605"},{"taxonomy":"post_tag","embeddable":true,"href":"https:\/\/gemeindebuechereikastl.de\/index.php?rest_route=%2Fwp%2Fv2%2Ftags&post=1605"}],"curies":[{"name":"wp","href":"https:\/\/api.w.org\/{rel}","templated":true}]}}