{"id":1639,"date":"2020-09-07T14:08:13","date_gmt":"2020-09-07T14:08:13","guid":{"rendered":"http:\/\/gemeindebuechereikastl.de\/?p=1639"},"modified":"2020-09-13T17:42:41","modified_gmt":"2020-09-13T17:42:41","slug":"am-kommenden-samstag-12-september-ist-es-wieder-soweit","status":"publish","type":"post","link":"https:\/\/gemeindebuechereikastl.de\/?p=1639","title":{"rendered":"B\u00fccherflohmarkt am Markt im Markt Kastl gut besucht"},"content":{"rendered":"<h2 style=\"text-align: center;\"><strong style=\"color: #4a474b; font-size: 16px;\"><img loading=\"lazy\" decoding=\"async\" class=\"wp-image-1646 alignleft\" style=\"margin-top: 6px;\" src=\"https:\/\/gemeindebuechereikastl.de\/wp-content\/uploads\/2020\/09\/Markt-9-2020-848x1024.jpg\" alt=\"\" width=\"277\" height=\"334\" srcset=\"https:\/\/gemeindebuechereikastl.de\/wp-content\/uploads\/2020\/09\/Markt-9-2020-848x1024.jpg 848w, https:\/\/gemeindebuechereikastl.de\/wp-content\/uploads\/2020\/09\/Markt-9-2020-249x300.jpg 249w, https:\/\/gemeindebuechereikastl.de\/wp-content\/uploads\/2020\/09\/Markt-9-2020-768x927.jpg 768w, https:\/\/gemeindebuechereikastl.de\/wp-content\/uploads\/2020\/09\/Markt-9-2020-1272x1536.jpg 1272w, https:\/\/gemeindebuechereikastl.de\/wp-content\/uploads\/2020\/09\/Markt-9-2020-1696x2048.jpg 1696w, https:\/\/gemeindebuechereikastl.de\/wp-content\/uploads\/2020\/09\/Markt-9-2020-750x905.jpg 750w, https:\/\/gemeindebuechereikastl.de\/wp-content\/uploads\/2020\/09\/Markt-9-2020.jpg 1771w\" sizes=\"auto, (max-width: 277px) 100vw, 277px\" \/><\/strong><\/h2>\n<h2 style=\"text-align: center;\"><span style=\"color: #ff6600;\"><strong>12. September &#8211; B\u00fcchereiteam war wieder mit ihrem B\u00fccherstand am Markttag\u00a0<\/strong><\/span><strong style=\"color: #ff6600; font-family: inherit;\"> vertreten!<\/strong><\/h2>\n<p style=\"text-align: center;\" align=\"center\"><strong>Der B\u00fccherstand der Gemeindeb\u00fccherei Kastl geh\u00f6rt mittlerweile zum festen Bestandteil des Marktes<br \/>\nim Markt Kastl.<img loading=\"lazy\" decoding=\"async\" class=\"wp-image-1647 alignright\" src=\"https:\/\/gemeindebuechereikastl.de\/wp-content\/uploads\/2020\/09\/20200912_093213-1024x749.jpg\" alt=\"\" width=\"439\" height=\"321\" data-wp-editing=\"1\" srcset=\"https:\/\/gemeindebuechereikastl.de\/wp-content\/uploads\/2020\/09\/20200912_093213-1024x749.jpg 1024w, https:\/\/gemeindebuechereikastl.de\/wp-content\/uploads\/2020\/09\/20200912_093213-300x220.jpg 300w, https:\/\/gemeindebuechereikastl.de\/wp-content\/uploads\/2020\/09\/20200912_093213-768x562.jpg 768w, https:\/\/gemeindebuechereikastl.de\/wp-content\/uploads\/2020\/09\/20200912_093213-1536x1124.jpg 1536w, https:\/\/gemeindebuechereikastl.de\/wp-content\/uploads\/2020\/09\/20200912_093213-2048x1498.jpg 2048w, https:\/\/gemeindebuechereikastl.de\/wp-content\/uploads\/2020\/09\/20200912_093213-750x549.jpg 750w\" sizes=\"auto, (max-width: 439px) 100vw, 439px\" \/><\/strong><\/p>\n<p style=\"text-align: center;\"><strong>Am September Markttag freute sich das Team wieder \u00fcber die vielen und gro\u00dfz\u00fcgigen Spenden, die sie f\u00fcr die B\u00fccher erhalten hat. <\/strong><\/p>\n<p style=\"text-align: center;\" align=\"center\"><strong>Diese Spenden werden komplett f\u00fcr den Einkauf von neuen\u00a0 B\u00fccher und Medien verwendet.<\/strong><\/p>\n<h3 style=\"text-align: center;\" align=\"center\"><strong><span style=\"color: #ff0000;\"><br \/>\nDas B\u00fcchereiteam dankt\u00a0<\/span><\/strong><strong><span style=\"color: #ff0000;\">allen Buchliebhabern und Spendern!<\/span><\/strong><\/h3>\n","protected":false},"excerpt":{"rendered":"<p>12. September &#8211; B\u00fcchereiteam war wieder mit ihrem B\u00fccherstand am Markttag\u00a0 vertreten! Der B\u00fccherstand der Gemeindeb\u00fccherei Kastl geh\u00f6rt mittlerweile zum festen Bestandteil des Marktes im Markt Kastl. Am September Markttag freute sich das Team wieder \u00fcber die vielen und gro\u00dfz\u00fcgigen Spenden, die sie f\u00fcr die B\u00fccher erhalten hat. Diese Spenden werden komplett f\u00fcr den Einkauf &hellip; <\/p>\n<p><a class=\"more-link btn\" href=\"https:\/\/gemeindebuechereikastl.de\/?p=1639\">Weiterlesen<\/a><\/p>\n","protected":false},"author":1,"featured_media":1648,"comment_status":"closed","ping_status":"closed","sticky":false,"template":"","format":"standard","meta":{"footnotes":""},"categories":[5],"tags":[58,60,73,176,197,198],"class_list":["post-1639","post","type-post","status-publish","format-standard","has-post-thumbnail","hentry","category-news","tag-buecher","tag-buecherflohmarkt","tag-kastl","tag-markt","tag-markt-im-markt-kastl","tag-markt-kastl","item-wrap"],"_links":{"self":[{"href":"https:\/\/gemeindebuechereikastl.de\/index.php?rest_route=\/wp\/v2\/posts\/1639","targetHints":{"allow":["GET"]}}],"collection":[{"href":"https:\/\/gemeindebuechereikastl.de\/index.php?rest_route=\/wp\/v2\/posts"}],"about":[{"href":"https:\/\/gemeindebuechereikastl.de\/index.php?rest_route=\/wp\/v2\/types\/post"}],"author":[{"embeddable":true,"href":"https:\/\/gemeindebuechereikastl.de\/index.php?rest_route=\/wp\/v2\/users\/1"}],"replies":[{"embeddable":true,"href":"https:\/\/gemeindebuechereikastl.de\/index.php?rest_route=%2Fwp%2Fv2%2Fcomments&post=1639"}],"version-history":[{"count":12,"href":"https:\/\/gemeindebuechereikastl.de\/index.php?rest_route=\/wp\/v2\/posts\/1639\/revisions"}],"predecessor-version":[{"id":1655,"href":"https:\/\/gemeindebuechereikastl.de\/index.php?rest_route=\/wp\/v2\/posts\/1639\/revisions\/1655"}],"wp:featuredmedia":[{"embeddable":true,"href":"https:\/\/gemeindebuechereikastl.de\/index.php?rest_route=\/wp\/v2\/media\/1648"}],"wp:attachment":[{"href":"https:\/\/gemeindebuechereikastl.de\/index.php?rest_route=%2Fwp%2Fv2%2Fmedia&parent=1639"}],"wp:term":[{"taxonomy":"category","embeddable":true,"href":"https:\/\/gemeindebuechereikastl.de\/index.php?rest_route=%2Fwp%2Fv2%2Fcategories&post=1639"},{"taxonomy":"post_tag","embeddable":true,"href":"https:\/\/gemeindebuechereikastl.de\/index.php?rest_route=%2Fwp%2Fv2%2Ftags&post=1639"}],"curies":[{"name":"wp","href":"https:\/\/api.w.org\/{rel}","templated":true}]}}