{"id":1657,"date":"2020-09-18T06:43:17","date_gmt":"2020-09-18T06:43:17","guid":{"rendered":"http:\/\/gemeindebuechereikastl.de\/?p=1657"},"modified":"2020-09-18T06:51:44","modified_gmt":"2020-09-18T06:51:44","slug":"der-grand-prix-der-schreiberlinge-geht-in-die-endrunde","status":"publish","type":"post","link":"https:\/\/gemeindebuechereikastl.de\/?p=1657","title":{"rendered":"Der Grand Prix der Schreiberlinge geht in die Endrunde"},"content":{"rendered":"<div class=\"entry-content clearfix\">\n<h2 style=\"text-align: center;\"><span style=\"color: #ff6600;\">Noch bis Endes September k\u00f6nnen die Kinder, Jugendlichen und Erwachsenen beim Grand Prix der Schreiberlinge ihrer Fantasie freien Lauf lassen !<\/span><\/h2>\n<p><img loading=\"lazy\" decoding=\"async\" class=\"alignnone size-large wp-image-1403\" src=\"https:\/\/gemeindebuechereikastl.de\/wp-content\/uploads\/2020\/06\/Grand-Prix-der-Schreiberlinge-1024x601.jpg\" sizes=\"auto, (max-width: 750px) 100vw, 750px\" srcset=\"https:\/\/gemeindebuechereikastl.de\/wp-content\/uploads\/2020\/06\/Grand-Prix-der-Schreiberlinge-1024x601.jpg 1024w, https:\/\/gemeindebuechereikastl.de\/wp-content\/uploads\/2020\/06\/Grand-Prix-der-Schreiberlinge-300x176.jpg 300w, https:\/\/gemeindebuechereikastl.de\/wp-content\/uploads\/2020\/06\/Grand-Prix-der-Schreiberlinge-768x451.jpg 768w, https:\/\/gemeindebuechereikastl.de\/wp-content\/uploads\/2020\/06\/Grand-Prix-der-Schreiberlinge-1536x902.jpg 1536w, https:\/\/gemeindebuechereikastl.de\/wp-content\/uploads\/2020\/06\/Grand-Prix-der-Schreiberlinge-2048x1202.jpg 2048w\" alt=\"\" width=\"750\" height=\"440\" \/><\/p>\n<p>Bei der Er\u00f6ffnung dieses Wettbewerbes der B\u00fcchereien des Landkreises Amberg Sulzbach \u00a0in den R\u00e4umen der Gemeindeb\u00fccherei Kastl, betonte der Schirmherr dieser Aktion, stellv. Landrat Stefan Braun: Das es ihm eine gro\u00dfe Freude und Ehre sei, die Schirmherrschaft f\u00fcr diesen besonderen Wettbewerb zu \u00fcbernehmen. Die katholischen \u00f6ffentlichen B\u00fcchereien des Landkreise Amberg-Sulzbach haben hier eine gro\u00dfartige Idee in die Praxis umgesetzt. Der Grand Prix f\u00f6rdert den Spa\u00df am Schreiben, trainiert den Umgang mit Sprache, und st\u00e4rkt die Fantasie der Teilnehmer*innen. Jetzt gilt es seiner Fantasie freien Lauf zu lassen und mit zu machen. Er betonte, dass er als Schirmherr gespannt ist, mit welchen Erz\u00e4hlungen uns die Teilnehmer*innen begeistern. Er dr\u00fccke allen die Daumen und w\u00fcnschte den \u201eSchreiberlingen\u201c viel Erfolg.<\/p>\n<p style=\"text-align: center;\"><img loading=\"lazy\" decoding=\"async\" class=\"wp-image-1404 aligncenter\" src=\"https:\/\/gemeindebuechereikastl.de\/wp-content\/uploads\/2020\/06\/Feder.jpg\" sizes=\"auto, (max-width: 610px) 100vw, 610px\" srcset=\"https:\/\/gemeindebuechereikastl.de\/wp-content\/uploads\/2020\/06\/Feder.jpg 466w, https:\/\/gemeindebuechereikastl.de\/wp-content\/uploads\/2020\/06\/Feder-300x119.jpg 300w\" alt=\"\" width=\"610\" height=\"242\" \/><strong>Dieser Schreibwettbewerb richtet sich an alle die gerne schreiben, phantasieren und Geschichten erfinden. Die Form des Beitrages zu den Themen: \u201eWenn ich Bundeskanzlerin bin\u2026\u201c, \u201eMein Virus und ich\u201c, \u201eDie Maske\u201c.\u00a0\u00a0kann jeder Teilnehmer frei w\u00e4hlen, ob er eine Kurzgeschichte, Bericht, Gedicht, Interview, Brief, Drehbuch, usw. einreicht. Der Umfang sollte 20 DIN A4 Seiten nicht \u00fcberschreiten.<\/strong><\/p>\n<h4 style=\"text-align: center;\"><span style=\"color: #ff0000;\">Es winken Ruhm, Ehre, Buchgutscheine und diverse Sachpreise in den 3 Altersklassen !<\/span><br \/>\n<span style=\"color: #ff0000;\">Kinder bis 12 Jahre \/ Jugendliche\u00a0 bis 18 Jahren \/\u00a0Erwachsene ab 18. Jahren<\/p>\n<p><\/span><\/h4>\n<p><img loading=\"lazy\" decoding=\"async\" class=\"wp-image-1658 aligncenter\" src=\"https:\/\/gemeindebuechereikastl.de\/wp-content\/uploads\/2020\/09\/Preise-Schreibwettbewerb.jpg\" alt=\"\" width=\"478\" height=\"431\" srcset=\"https:\/\/gemeindebuechereikastl.de\/wp-content\/uploads\/2020\/09\/Preise-Schreibwettbewerb.jpg 716w, https:\/\/gemeindebuechereikastl.de\/wp-content\/uploads\/2020\/09\/Preise-Schreibwettbewerb-300x271.jpg 300w\" sizes=\"auto, (max-width: 478px) 100vw, 478px\" \/><\/div>\n<div class=\"entry-content clearfix\">\n<p>Die Beitr\u00e4ge k\u00f6nnen bei der\u00a0<strong>Gemeindeb\u00fccherei Kastl<\/strong>\u00a0w\u00e4hrend der \u00d6ffnungszeiten ODER bei <img loading=\"lazy\" decoding=\"async\" class=\"wp-image-1388 alignleft\" src=\"https:\/\/gemeindebuechereikastl.de\/wp-content\/uploads\/2020\/06\/Logo-Schreibwettbewerb-1024x730.png\" sizes=\"auto, (max-width: 212px) 100vw, 212px\" srcset=\"https:\/\/gemeindebuechereikastl.de\/wp-content\/uploads\/2020\/06\/Logo-Schreibwettbewerb-1024x730.png 1024w, https:\/\/gemeindebuechereikastl.de\/wp-content\/uploads\/2020\/06\/Logo-Schreibwettbewerb-300x214.png 300w, https:\/\/gemeindebuechereikastl.de\/wp-content\/uploads\/2020\/06\/Logo-Schreibwettbewerb-768x548.png 768w, https:\/\/gemeindebuechereikastl.de\/wp-content\/uploads\/2020\/06\/Logo-Schreibwettbewerb-1536x1095.png 1536w, https:\/\/gemeindebuechereikastl.de\/wp-content\/uploads\/2020\/06\/Logo-Schreibwettbewerb.png 1572w\" alt=\"\" width=\"212\" height=\"151\" \/>der\u00a0<strong>Gemeindeverwaltung<\/strong>, Marktplatz 1, 92280 Kastl. ODER per Mail an:\u00a0<strong>info@gemeindebuechereikastl.de<\/strong>, abgegeben werden.<\/p>\n<p><strong>Die Beitr\u00e4ge sollten den Namen, die Adresse und das Alter der Teilnehmer*innen enthalten<\/strong>.<\/p>\n<h4><span style=\"color: #ff0000;\"><strong>Der letzte m\u00f6gliche Abgabetermin ist der 30. September 2020.<\/strong>.<\/span><\/h4>\n<h3><a href=\"https:\/\/gemeindebuechereikastl.de\/wp-content\/uploads\/2020\/06\/Flyer-Schreibwettbewerb.pdf\">Weitere Infos hier \u2013\u00a0<\/a><a href=\"https:\/\/gemeindebuechereikastl.de\/wp-content\/uploads\/2020\/06\/Flyer-Schreibwettbewerb-Kastl.pdf\">Flyer Schreibwettbewerb<\/a><\/h3>\n<\/div>\n","protected":false},"excerpt":{"rendered":"<p>Noch bis Endes September k\u00f6nnen die Kinder, Jugendlichen und Erwachsenen beim Grand Prix der Schreiberlinge ihrer Fantasie freien Lauf lassen ! Bei der Er\u00f6ffnung dieses Wettbewerbes der B\u00fcchereien des Landkreises Amberg Sulzbach \u00a0in den R\u00e4umen der Gemeindeb\u00fccherei Kastl, betonte der Schirmherr dieser Aktion, stellv. Landrat Stefan Braun: Das es ihm eine gro\u00dfe Freude und Ehre &hellip; <\/p>\n<p><a class=\"more-link btn\" href=\"https:\/\/gemeindebuechereikastl.de\/?p=1657\">Weiterlesen<\/a><\/p>\n","protected":false},"author":1,"featured_media":1403,"comment_status":"closed","ping_status":"closed","sticky":false,"template":"","format":"standard","meta":{"footnotes":""},"categories":[5],"tags":[171,163],"class_list":["post-1657","post","type-post","status-publish","format-standard","has-post-thumbnail","hentry","category-news","tag-grand-prix","tag-schreibwettbewerb","item-wrap"],"_links":{"self":[{"href":"https:\/\/gemeindebuechereikastl.de\/index.php?rest_route=\/wp\/v2\/posts\/1657","targetHints":{"allow":["GET"]}}],"collection":[{"href":"https:\/\/gemeindebuechereikastl.de\/index.php?rest_route=\/wp\/v2\/posts"}],"about":[{"href":"https:\/\/gemeindebuechereikastl.de\/index.php?rest_route=\/wp\/v2\/types\/post"}],"author":[{"embeddable":true,"href":"https:\/\/gemeindebuechereikastl.de\/index.php?rest_route=\/wp\/v2\/users\/1"}],"replies":[{"embeddable":true,"href":"https:\/\/gemeindebuechereikastl.de\/index.php?rest_route=%2Fwp%2Fv2%2Fcomments&post=1657"}],"version-history":[{"count":5,"href":"https:\/\/gemeindebuechereikastl.de\/index.php?rest_route=\/wp\/v2\/posts\/1657\/revisions"}],"predecessor-version":[{"id":1663,"href":"https:\/\/gemeindebuechereikastl.de\/index.php?rest_route=\/wp\/v2\/posts\/1657\/revisions\/1663"}],"wp:featuredmedia":[{"embeddable":true,"href":"https:\/\/gemeindebuechereikastl.de\/index.php?rest_route=\/wp\/v2\/media\/1403"}],"wp:attachment":[{"href":"https:\/\/gemeindebuechereikastl.de\/index.php?rest_route=%2Fwp%2Fv2%2Fmedia&parent=1657"}],"wp:term":[{"taxonomy":"category","embeddable":true,"href":"https:\/\/gemeindebuechereikastl.de\/index.php?rest_route=%2Fwp%2Fv2%2Fcategories&post=1657"},{"taxonomy":"post_tag","embeddable":true,"href":"https:\/\/gemeindebuechereikastl.de\/index.php?rest_route=%2Fwp%2Fv2%2Ftags&post=1657"}],"curies":[{"name":"wp","href":"https:\/\/api.w.org\/{rel}","templated":true}]}}