{"id":1676,"date":"2020-10-12T09:52:33","date_gmt":"2020-10-12T09:52:33","guid":{"rendered":"http:\/\/gemeindebuechereikastl.de\/?p=1676"},"modified":"2020-10-22T19:22:38","modified_gmt":"2020-10-22T19:22:38","slug":"es-ist-wieder-soweit-ueber-350-neue-buecher-und-medien","status":"publish","type":"post","link":"https:\/\/gemeindebuechereikastl.de\/?p=1676","title":{"rendered":"Tag der offenen T\u00fcr &#8211; Corona beding abgesagt"},"content":{"rendered":"<h2 style=\"text-align: center;\"><span style=\"color: #ff6600;\"><strong>Der f\u00fcr Sonntag, 25. Oktober geplante<br \/>\n<\/strong><\/span><span style=\"color: #ff6600;\"><strong>TAG\u00a0 DER\u00a0 OFFENEN\u00a0 T\u00dcR<br \/>\nmuss leider Corona bedingt abgesagt werden.<img loading=\"lazy\" decoding=\"async\" class=\"size-large wp-image-1690 aligncenter\" src=\"https:\/\/gemeindebuechereikastl.de\/wp-content\/uploads\/2020\/10\/Absage-1024x616.jpg\" alt=\"\" width=\"750\" height=\"451\" srcset=\"https:\/\/gemeindebuechereikastl.de\/wp-content\/uploads\/2020\/10\/Absage-1024x616.jpg 1024w, https:\/\/gemeindebuechereikastl.de\/wp-content\/uploads\/2020\/10\/Absage-300x181.jpg 300w, https:\/\/gemeindebuechereikastl.de\/wp-content\/uploads\/2020\/10\/Absage-768x462.jpg 768w, https:\/\/gemeindebuechereikastl.de\/wp-content\/uploads\/2020\/10\/Absage-750x451.jpg 750w, https:\/\/gemeindebuechereikastl.de\/wp-content\/uploads\/2020\/10\/Absage.jpg 1218w\" sizes=\"auto, (max-width: 750px) 100vw, 750px\" \/><\/strong><\/span><\/h2>\n<p><img loading=\"lazy\" decoding=\"async\" class=\" wp-image-1681 alignleft\" src=\"https:\/\/gemeindebuechereikastl.de\/wp-content\/uploads\/2020\/10\/buecherboy-1.jpg\" alt=\"\" width=\"176\" height=\"226\" srcset=\"https:\/\/gemeindebuechereikastl.de\/wp-content\/uploads\/2020\/10\/buecherboy-1.jpg 250w, https:\/\/gemeindebuechereikastl.de\/wp-content\/uploads\/2020\/10\/buecherboy-1-234x300.jpg 234w\" sizes=\"auto, (max-width: 176px) 100vw, 176px\" \/><\/p>\n<h4 style=\"text-align: center;\"><strong>Am Sonntag, 25. 10. ist wie gewohnt am Vormittag<br \/>\n<\/strong><strong>von 10.00 bis 11.30 Uhr ganz normale Ausleihe<\/strong>.<\/h4>\n<h4 style=\"text-align: center;\"><strong>Alle Buchliebhaber k\u00f6nnen die \u00fcber 350 neuen B\u00fccher und Medien dann ab Dienstag, 27. Oktober im Rahmen der B\u00fccherei \u00d6ffnungszeit von 17.00 bis 18.30 Uhr in der B\u00fccherei entdecken und auch gleich ausleihen<\/strong>.<\/h4>\n<h4 style=\"text-align: center;\">Alle Infos \u00fcber die neuen B\u00fccher und Medien vorab hier auf<br \/>\nunserer Homepage im<\/h4>\n<h3 style=\"text-align: center;\"><a href=\"https:\/\/iopac.gemeindebuechereikastl.de\/iopac\/\">&#8222;ONLINE &#8211; KATALOG&#8220;<\/a><\/h3>\n<h3 style=\"text-align: center;\"><span style=\"color: #ff0000;\">Bleiben Sie Gesund Ihr B\u00fcchereiteam der Gemeindeb\u00fccherei Kastl<\/span><\/h3>\n","protected":false},"excerpt":{"rendered":"<p>Der f\u00fcr Sonntag, 25. Oktober geplante TAG\u00a0 DER\u00a0 OFFENEN\u00a0 T\u00dcR muss leider Corona bedingt abgesagt werden. Am Sonntag, 25. 10. ist wie gewohnt am Vormittag von 10.00 bis 11.30 Uhr ganz normale Ausleihe. Alle Buchliebhaber k\u00f6nnen die \u00fcber 350 neuen B\u00fccher und Medien dann ab Dienstag, 27. Oktober im Rahmen der B\u00fccherei \u00d6ffnungszeit von 17.00 &hellip; <\/p>\n<p><a class=\"more-link btn\" href=\"https:\/\/gemeindebuechereikastl.de\/?p=1676\">Weiterlesen<\/a><\/p>\n","protected":false},"author":1,"featured_media":1690,"comment_status":"closed","ping_status":"closed","sticky":false,"template":"","format":"standard","meta":{"footnotes":""},"categories":[1],"tags":[],"class_list":["post-1676","post","type-post","status-publish","format-standard","has-post-thumbnail","hentry","category-team","item-wrap"],"_links":{"self":[{"href":"https:\/\/gemeindebuechereikastl.de\/index.php?rest_route=\/wp\/v2\/posts\/1676","targetHints":{"allow":["GET"]}}],"collection":[{"href":"https:\/\/gemeindebuechereikastl.de\/index.php?rest_route=\/wp\/v2\/posts"}],"about":[{"href":"https:\/\/gemeindebuechereikastl.de\/index.php?rest_route=\/wp\/v2\/types\/post"}],"author":[{"embeddable":true,"href":"https:\/\/gemeindebuechereikastl.de\/index.php?rest_route=\/wp\/v2\/users\/1"}],"replies":[{"embeddable":true,"href":"https:\/\/gemeindebuechereikastl.de\/index.php?rest_route=%2Fwp%2Fv2%2Fcomments&post=1676"}],"version-history":[{"count":7,"href":"https:\/\/gemeindebuechereikastl.de\/index.php?rest_route=\/wp\/v2\/posts\/1676\/revisions"}],"predecessor-version":[{"id":1692,"href":"https:\/\/gemeindebuechereikastl.de\/index.php?rest_route=\/wp\/v2\/posts\/1676\/revisions\/1692"}],"wp:featuredmedia":[{"embeddable":true,"href":"https:\/\/gemeindebuechereikastl.de\/index.php?rest_route=\/wp\/v2\/media\/1690"}],"wp:attachment":[{"href":"https:\/\/gemeindebuechereikastl.de\/index.php?rest_route=%2Fwp%2Fv2%2Fmedia&parent=1676"}],"wp:term":[{"taxonomy":"category","embeddable":true,"href":"https:\/\/gemeindebuechereikastl.de\/index.php?rest_route=%2Fwp%2Fv2%2Fcategories&post=1676"},{"taxonomy":"post_tag","embeddable":true,"href":"https:\/\/gemeindebuechereikastl.de\/index.php?rest_route=%2Fwp%2Fv2%2Ftags&post=1676"}],"curies":[{"name":"wp","href":"https:\/\/api.w.org\/{rel}","templated":true}]}}