{"id":1693,"date":"2020-10-26T19:48:17","date_gmt":"2020-10-26T19:48:17","guid":{"rendered":"http:\/\/gemeindebuechereikastl.de\/?p=1693"},"modified":"2020-10-26T19:49:38","modified_gmt":"2020-10-26T19:49:38","slug":"es-warten-viele-neue-buecher-mitgenommen-zu-werden","status":"publish","type":"post","link":"https:\/\/gemeindebuechereikastl.de\/?p=1693","title":{"rendered":"Es warten viele neue B\u00fccher mitgenommen zu werden &#8211; Ab sofort zum Entleihen!"},"content":{"rendered":"<h2 style=\"text-align: center;\"><span style=\"color: #ff6600;\"><strong>Alle 350 neuen B\u00fccher und Medien sind ab sofort ausleihbar!<\/strong><\/span><\/h2>\n<p style=\"text-align: center;\"><strong>Das B\u00fcchereiteam hat wieder \u00fcber 350\u00a0 neue B\u00fccher und Medien f\u00fcr alle angeschafft. Vom Bilderbuch f\u00fcr die Kleinsten \u00fcber die Erstleseb\u00fccher bis hin zu Kinderb\u00fcchern f\u00fcr Jungs und M\u00e4dchen (Abenteuer-, Fantasy-, Pferde\u2013, Schul-, Ferien-, Detektivgeschichten usw.). Auch im Bereich der Kindersachb\u00fccher gibt es wieder Interessantes zu entdecken.<\/strong><img loading=\"lazy\" decoding=\"async\" class=\"size-large wp-image-1694 aligncenter\" src=\"https:\/\/gemeindebuechereikastl.de\/wp-content\/uploads\/2020\/10\/Bilderbuecher-1-1024x837.jpg\" alt=\"\" width=\"750\" height=\"613\" srcset=\"https:\/\/gemeindebuechereikastl.de\/wp-content\/uploads\/2020\/10\/Bilderbuecher-1-1024x837.jpg 1024w, https:\/\/gemeindebuechereikastl.de\/wp-content\/uploads\/2020\/10\/Bilderbuecher-1-300x245.jpg 300w, https:\/\/gemeindebuechereikastl.de\/wp-content\/uploads\/2020\/10\/Bilderbuecher-1-768x628.jpg 768w, https:\/\/gemeindebuechereikastl.de\/wp-content\/uploads\/2020\/10\/Bilderbuecher-1-1536x1255.jpg 1536w, https:\/\/gemeindebuechereikastl.de\/wp-content\/uploads\/2020\/10\/Bilderbuecher-1-2048x1674.jpg 2048w, https:\/\/gemeindebuechereikastl.de\/wp-content\/uploads\/2020\/10\/Bilderbuecher-1-750x613.jpg 750w\" sizes=\"auto, (max-width: 750px) 100vw, 750px\" \/><\/p>\n<p><img loading=\"lazy\" decoding=\"async\" class=\"size-large wp-image-1695 alignnone\" src=\"https:\/\/gemeindebuechereikastl.de\/wp-content\/uploads\/2020\/10\/Kinderbuecher-1-1024x725.jpg\" alt=\"\" width=\"750\" height=\"531\" srcset=\"https:\/\/gemeindebuechereikastl.de\/wp-content\/uploads\/2020\/10\/Kinderbuecher-1-1024x725.jpg 1024w, https:\/\/gemeindebuechereikastl.de\/wp-content\/uploads\/2020\/10\/Kinderbuecher-1-300x212.jpg 300w, https:\/\/gemeindebuechereikastl.de\/wp-content\/uploads\/2020\/10\/Kinderbuecher-1-768x544.jpg 768w, https:\/\/gemeindebuechereikastl.de\/wp-content\/uploads\/2020\/10\/Kinderbuecher-1-1536x1087.jpg 1536w, https:\/\/gemeindebuechereikastl.de\/wp-content\/uploads\/2020\/10\/Kinderbuecher-1-2048x1449.jpg 2048w, https:\/\/gemeindebuechereikastl.de\/wp-content\/uploads\/2020\/10\/Kinderbuecher-1-750x531.jpg 750w\" sizes=\"auto, (max-width: 750px) 100vw, 750px\" \/><\/p>\n<p><img loading=\"lazy\" decoding=\"async\" class=\"size-large wp-image-1696 aligncenter\" src=\"https:\/\/gemeindebuechereikastl.de\/wp-content\/uploads\/2020\/10\/Kindersachbuecher-1-1024x673.jpg\" alt=\"\" width=\"750\" height=\"493\" srcset=\"https:\/\/gemeindebuechereikastl.de\/wp-content\/uploads\/2020\/10\/Kindersachbuecher-1-1024x673.jpg 1024w, https:\/\/gemeindebuechereikastl.de\/wp-content\/uploads\/2020\/10\/Kindersachbuecher-1-300x197.jpg 300w, https:\/\/gemeindebuechereikastl.de\/wp-content\/uploads\/2020\/10\/Kindersachbuecher-1-768x505.jpg 768w, https:\/\/gemeindebuechereikastl.de\/wp-content\/uploads\/2020\/10\/Kindersachbuecher-1-1536x1009.jpg 1536w, https:\/\/gemeindebuechereikastl.de\/wp-content\/uploads\/2020\/10\/Kindersachbuecher-1-2048x1346.jpg 2048w, https:\/\/gemeindebuechereikastl.de\/wp-content\/uploads\/2020\/10\/Kindersachbuecher-1-750x493.jpg 750w\" sizes=\"auto, (max-width: 750px) 100vw, 750px\" \/><\/p>\n<p style=\"text-align: center;\"><strong>Auch im Obergeschoss f\u00fcr die Erwachsenen warten viele neue Romane mit diversen Bestsellern darauf mitgenommen zu werden. Auch im Bereich der Sachliteratur warten interessante und topaktuelle B\u00fccher darauf von den Lesern endeckt zu werden.\u00a0<\/strong><\/p>\n<p><img loading=\"lazy\" decoding=\"async\" class=\"size-large wp-image-1697 aligncenter\" src=\"https:\/\/gemeindebuechereikastl.de\/wp-content\/uploads\/2020\/10\/Romane-1-1024x662.jpg\" alt=\"\" width=\"750\" height=\"485\" srcset=\"https:\/\/gemeindebuechereikastl.de\/wp-content\/uploads\/2020\/10\/Romane-1-1024x662.jpg 1024w, https:\/\/gemeindebuechereikastl.de\/wp-content\/uploads\/2020\/10\/Romane-1-300x194.jpg 300w, https:\/\/gemeindebuechereikastl.de\/wp-content\/uploads\/2020\/10\/Romane-1-768x496.jpg 768w, https:\/\/gemeindebuechereikastl.de\/wp-content\/uploads\/2020\/10\/Romane-1-1536x993.jpg 1536w, https:\/\/gemeindebuechereikastl.de\/wp-content\/uploads\/2020\/10\/Romane-1-2048x1324.jpg 2048w, https:\/\/gemeindebuechereikastl.de\/wp-content\/uploads\/2020\/10\/Romane-1-750x485.jpg 750w\" sizes=\"auto, (max-width: 750px) 100vw, 750px\" \/><\/p>\n<p><img loading=\"lazy\" decoding=\"async\" class=\"size-large wp-image-1698 aligncenter\" src=\"https:\/\/gemeindebuechereikastl.de\/wp-content\/uploads\/2020\/10\/Sachbueber-1-1024x785.jpg\" alt=\"\" width=\"750\" height=\"575\" srcset=\"https:\/\/gemeindebuechereikastl.de\/wp-content\/uploads\/2020\/10\/Sachbueber-1-1024x785.jpg 1024w, https:\/\/gemeindebuechereikastl.de\/wp-content\/uploads\/2020\/10\/Sachbueber-1-300x230.jpg 300w, https:\/\/gemeindebuechereikastl.de\/wp-content\/uploads\/2020\/10\/Sachbueber-1-768x588.jpg 768w, https:\/\/gemeindebuechereikastl.de\/wp-content\/uploads\/2020\/10\/Sachbueber-1-1536x1177.jpg 1536w, https:\/\/gemeindebuechereikastl.de\/wp-content\/uploads\/2020\/10\/Sachbueber-1-2048x1569.jpg 2048w, https:\/\/gemeindebuechereikastl.de\/wp-content\/uploads\/2020\/10\/Sachbueber-1-750x575.jpg 750w\" sizes=\"auto, (max-width: 750px) 100vw, 750px\" \/><\/p>\n<div class=\"container boxed-wrapper\">\n<div id=\"content\" class=\"clearfix hfeed row\">\n<div id=\"content-main\" class=\"clearfix content-main col-md-8\">\n<div class=\"entries-wrapper\">\n<div id=\"post-1676\" class=\"clearfix post post-1676 type-post status-publish format-standard has-post-thumbnail hentry category-team item-wrap\">\n<div class=\"entry clearfix\">\n<div class=\"entry-content clearfix\">\n<h4 style=\"text-align: center;\"><strong>Alle Buchliebhaber k\u00f6nnen ab sofort bei den \u00d6ffnungszeiten der Gemeindeb\u00fccherei\u00a0<\/strong><strong>die\u00a0 neuen B\u00fccher und Medien\u00a0<\/strong><strong>entdecken und auch gleich ausleihen<\/strong>. Kommen Sie vorbei und entdecken Sie die Vielfalt der neuen B\u00fccher und Medien<\/h4>\n<h4 style=\"text-align: center;\">Weitere Infos \u00fcber die neuen B\u00fccher und Medien, sowie \u00fcber unser gesamtes Angebot<br \/>\nfinden Sie in unserem\u00a0 <a href=\"https:\/\/iopac.gemeindebuechereikastl.de\/iopac\/\">\u201eONLINE \u2013 KATALOG\u201c<\/a><\/h4>\n<\/div>\n<\/div>\n<\/div>\n<\/div>\n<\/div>\n<\/div>\n<\/div>\n","protected":false},"excerpt":{"rendered":"<p>Alle 350 neuen B\u00fccher und Medien sind ab sofort ausleihbar! Das B\u00fcchereiteam hat wieder \u00fcber 350\u00a0 neue B\u00fccher und Medien f\u00fcr alle angeschafft. Vom Bilderbuch f\u00fcr die Kleinsten \u00fcber die Erstleseb\u00fccher bis hin zu Kinderb\u00fcchern f\u00fcr Jungs und M\u00e4dchen (Abenteuer-, Fantasy-, Pferde\u2013, Schul-, Ferien-, Detektivgeschichten usw.). Auch im Bereich der Kindersachb\u00fccher gibt es wieder Interessantes &hellip; <\/p>\n<p><a class=\"more-link btn\" href=\"https:\/\/gemeindebuechereikastl.de\/?p=1693\">Weiterlesen<\/a><\/p>\n","protected":false},"author":1,"featured_media":1697,"comment_status":"closed","ping_status":"closed","sticky":false,"template":"","format":"standard","meta":{"footnotes":""},"categories":[5],"tags":[85,86],"class_list":["post-1693","post","type-post","status-publish","format-standard","has-post-thumbnail","hentry","category-news","tag-neue-buecher","tag-neue-medien","item-wrap"],"_links":{"self":[{"href":"https:\/\/gemeindebuechereikastl.de\/index.php?rest_route=\/wp\/v2\/posts\/1693","targetHints":{"allow":["GET"]}}],"collection":[{"href":"https:\/\/gemeindebuechereikastl.de\/index.php?rest_route=\/wp\/v2\/posts"}],"about":[{"href":"https:\/\/gemeindebuechereikastl.de\/index.php?rest_route=\/wp\/v2\/types\/post"}],"author":[{"embeddable":true,"href":"https:\/\/gemeindebuechereikastl.de\/index.php?rest_route=\/wp\/v2\/users\/1"}],"replies":[{"embeddable":true,"href":"https:\/\/gemeindebuechereikastl.de\/index.php?rest_route=%2Fwp%2Fv2%2Fcomments&post=1693"}],"version-history":[{"count":2,"href":"https:\/\/gemeindebuechereikastl.de\/index.php?rest_route=\/wp\/v2\/posts\/1693\/revisions"}],"predecessor-version":[{"id":1700,"href":"https:\/\/gemeindebuechereikastl.de\/index.php?rest_route=\/wp\/v2\/posts\/1693\/revisions\/1700"}],"wp:featuredmedia":[{"embeddable":true,"href":"https:\/\/gemeindebuechereikastl.de\/index.php?rest_route=\/wp\/v2\/media\/1697"}],"wp:attachment":[{"href":"https:\/\/gemeindebuechereikastl.de\/index.php?rest_route=%2Fwp%2Fv2%2Fmedia&parent=1693"}],"wp:term":[{"taxonomy":"category","embeddable":true,"href":"https:\/\/gemeindebuechereikastl.de\/index.php?rest_route=%2Fwp%2Fv2%2Fcategories&post=1693"},{"taxonomy":"post_tag","embeddable":true,"href":"https:\/\/gemeindebuechereikastl.de\/index.php?rest_route=%2Fwp%2Fv2%2Ftags&post=1693"}],"curies":[{"name":"wp","href":"https:\/\/api.w.org\/{rel}","templated":true}]}}