{"id":1701,"date":"2020-10-29T15:36:26","date_gmt":"2020-10-29T15:36:26","guid":{"rendered":"http:\/\/gemeindebuechereikastl.de\/?p=1701"},"modified":"2020-10-29T17:16:41","modified_gmt":"2020-10-29T17:16:41","slug":"gemeindebuecherei-kastl-bleibt-geoeffnet","status":"publish","type":"post","link":"https:\/\/gemeindebuechereikastl.de\/?p=1701","title":{"rendered":"Gemeindeb\u00fccherei Kastl bleibt ge\u00f6ffnet!!!"},"content":{"rendered":"<h2 style=\"text-align: center;\"><span style=\"color: #ff6600;\"><strong><img loading=\"lazy\" decoding=\"async\" class=\" wp-image-1347 alignleft\" src=\"https:\/\/gemeindebuechereikastl.de\/wp-content\/uploads\/2020\/05\/B\u00fccherei\u00f6ffnung-scaled-e1589127288687-829x1024.jpg\" alt=\"\" width=\"278\" height=\"343\" srcset=\"https:\/\/gemeindebuechereikastl.de\/wp-content\/uploads\/2020\/05\/B\u00fccherei\u00f6ffnung-scaled-e1589127288687-829x1024.jpg 829w, https:\/\/gemeindebuechereikastl.de\/wp-content\/uploads\/2020\/05\/B\u00fccherei\u00f6ffnung-scaled-e1589127288687-243x300.jpg 243w, https:\/\/gemeindebuechereikastl.de\/wp-content\/uploads\/2020\/05\/B\u00fccherei\u00f6ffnung-scaled-e1589127288687-768x949.jpg 768w, https:\/\/gemeindebuechereikastl.de\/wp-content\/uploads\/2020\/05\/B\u00fccherei\u00f6ffnung-scaled-e1589127288687.jpg 1062w\" sizes=\"auto, (max-width: 278px) 100vw, 278px\" \/><\/strong><\/span><span style=\"color: #ff6600;\">Trotz der ab Montag,<\/span><br \/>\n<span style=\"color: #ff6600;\">2. November, in Kraft tretenden <\/span><span style=\"color: #ff6600;\">neuen Beschr\u00e4nkungen und <\/span><br \/>\n<span style=\"color: #ff6600;\">Schlie\u00dfungen zahlreicher <\/span><br \/>\n<span style=\"color: #ff6600;\">Einrichtungen d\u00fcrfen B\u00dcCHEREIEN\u00a0<\/span><br \/>\n<span style=\"color: #ff6600;\">als Tr\u00e4gerinnen der Bildungsarbeit <\/span><br \/>\n<span style=\"color: #ff6600;\">weiterhin ge\u00f6ffnet bleiben.<\/span><\/h2>\n<h2 style=\"text-align: center;\"><\/h2>\n<p style=\"text-align: center;\"><strong><a href=\"https:\/\/gemeindebuechereikastl.de\/wp-content\/uploads\/2020\/05\/Regeln-Besucher.jpg\"><img loading=\"lazy\" decoding=\"async\" class=\"wp-image-1356 alignright\" src=\"https:\/\/gemeindebuechereikastl.de\/wp-content\/uploads\/2020\/05\/Regeln-Besucher-724x1024.jpg\" alt=\"\" width=\"135\" height=\"191\" srcset=\"https:\/\/gemeindebuechereikastl.de\/wp-content\/uploads\/2020\/05\/Regeln-Besucher-724x1024.jpg 724w, https:\/\/gemeindebuechereikastl.de\/wp-content\/uploads\/2020\/05\/Regeln-Besucher-212x300.jpg 212w, https:\/\/gemeindebuechereikastl.de\/wp-content\/uploads\/2020\/05\/Regeln-Besucher-768x1086.jpg 768w, https:\/\/gemeindebuechereikastl.de\/wp-content\/uploads\/2020\/05\/Regeln-Besucher-1086x1536.jpg 1086w, https:\/\/gemeindebuechereikastl.de\/wp-content\/uploads\/2020\/05\/Regeln-Besucher.jpg 1240w\" sizes=\"auto, (max-width: 135px) 100vw, 135px\" \/><\/a>Das B\u00fcchereiteam ist weiter zu den gewohnten \u00d6ffnungszeiten am Sonntag, Dienstag und Donnerstag\u00a0 f\u00fcr Sie da. Entdecken Sie die \u00fcber 350\u00a0 neuen B\u00fccher und Medien des B\u00fccherherbstes bei einem Besuch bei uns in der B\u00fccherei.<br \/>\nEs gelten weiter die Hygiene Regeln in den R\u00e4umen der B\u00fccherei.<br \/>\nIHR B\u00dcCHEREITEAM<\/strong><\/p>\n<h3 style=\"text-align: center;\" align=\"center\"><strong><span style=\"color: #ff0000;\">Weitere Infos zu den Regeln finden Sie\u00a0 HIER \u2192<\/span><\/strong><\/h3>\n","protected":false},"excerpt":{"rendered":"<p>Trotz der ab Montag, 2. November, in Kraft tretenden neuen Beschr\u00e4nkungen und Schlie\u00dfungen zahlreicher Einrichtungen d\u00fcrfen B\u00dcCHEREIEN\u00a0 als Tr\u00e4gerinnen der Bildungsarbeit weiterhin ge\u00f6ffnet bleiben. Das B\u00fcchereiteam ist weiter zu den gewohnten \u00d6ffnungszeiten am Sonntag, Dienstag und Donnerstag\u00a0 f\u00fcr Sie da. Entdecken Sie die \u00fcber 350\u00a0 neuen B\u00fccher und Medien des B\u00fccherherbstes bei einem Besuch bei &hellip; <\/p>\n<p><a class=\"more-link btn\" href=\"https:\/\/gemeindebuechereikastl.de\/?p=1701\">Weiterlesen<\/a><\/p>\n","protected":false},"author":1,"featured_media":1071,"comment_status":"closed","ping_status":"closed","sticky":false,"template":"","format":"standard","meta":{"footnotes":""},"categories":[5],"tags":[],"class_list":["post-1701","post","type-post","status-publish","format-standard","has-post-thumbnail","hentry","category-news","item-wrap"],"_links":{"self":[{"href":"https:\/\/gemeindebuechereikastl.de\/index.php?rest_route=\/wp\/v2\/posts\/1701","targetHints":{"allow":["GET"]}}],"collection":[{"href":"https:\/\/gemeindebuechereikastl.de\/index.php?rest_route=\/wp\/v2\/posts"}],"about":[{"href":"https:\/\/gemeindebuechereikastl.de\/index.php?rest_route=\/wp\/v2\/types\/post"}],"author":[{"embeddable":true,"href":"https:\/\/gemeindebuechereikastl.de\/index.php?rest_route=\/wp\/v2\/users\/1"}],"replies":[{"embeddable":true,"href":"https:\/\/gemeindebuechereikastl.de\/index.php?rest_route=%2Fwp%2Fv2%2Fcomments&post=1701"}],"version-history":[{"count":7,"href":"https:\/\/gemeindebuechereikastl.de\/index.php?rest_route=\/wp\/v2\/posts\/1701\/revisions"}],"predecessor-version":[{"id":1708,"href":"https:\/\/gemeindebuechereikastl.de\/index.php?rest_route=\/wp\/v2\/posts\/1701\/revisions\/1708"}],"wp:featuredmedia":[{"embeddable":true,"href":"https:\/\/gemeindebuechereikastl.de\/index.php?rest_route=\/wp\/v2\/media\/1071"}],"wp:attachment":[{"href":"https:\/\/gemeindebuechereikastl.de\/index.php?rest_route=%2Fwp%2Fv2%2Fmedia&parent=1701"}],"wp:term":[{"taxonomy":"category","embeddable":true,"href":"https:\/\/gemeindebuechereikastl.de\/index.php?rest_route=%2Fwp%2Fv2%2Fcategories&post=1701"},{"taxonomy":"post_tag","embeddable":true,"href":"https:\/\/gemeindebuechereikastl.de\/index.php?rest_route=%2Fwp%2Fv2%2Ftags&post=1701"}],"curies":[{"name":"wp","href":"https:\/\/api.w.org\/{rel}","templated":true}]}}