{"id":1710,"date":"2020-11-07T15:08:14","date_gmt":"2020-11-07T15:08:14","guid":{"rendered":"http:\/\/gemeindebuechereikastl.de\/?p=1710"},"modified":"2020-11-07T15:10:24","modified_gmt":"2020-11-07T15:10:24","slug":"kinder-der-zweiten-klasse-staunten-ueber-das-umfangreiche-angebot-der-gemeindebuecherei","status":"publish","type":"post","link":"https:\/\/gemeindebuechereikastl.de\/?p=1710","title":{"rendered":"Kinder der zweiten Klasse staunten \u00fcber das umfangreiche Angebot der Gemeindeb\u00fccherei"},"content":{"rendered":"<h2 style=\"text-align: center;\"><span style=\"color: #ff6600;\"><strong>Die Sch\u00fcler der 2. Klasse besuchten zum ersten Mal gemeinsam im Rahmen der Schulausleihe die Gemeindeb\u00fccherei Kastl<\/strong><\/span><\/h2>\n<p style=\"text-align: left;\">Corona bedingt mit einem halben Jahr Versp\u00e4tung, besuchten die Kinder der 2. Klasse der Seyfried-Schweppermann \u2013 Schule Kastl zum ersten Mal im Rahmen der Schulausleihe gemeinsam mit ihrer Klassenlehrerin Frau Ulrike Hampel-Sperlich die Gemeindeb\u00fccherei zur Schulausleihe.<\/p>\n<p style=\"text-align: left;\">B\u00fcchereileiter Georg D\u00fcrr und die Mitarbeiterinnen Christa Kastner begr\u00fc\u00dften die Sch\u00fclerinnen und Sch\u00fcler der 2. Klasse recht herzlich in der B\u00fccherei.<img loading=\"lazy\" decoding=\"async\" class=\" wp-image-1712 aligncenter\" src=\"https:\/\/gemeindebuechereikastl.de\/wp-content\/uploads\/2020\/11\/2.-Klasse-1024x666.jpg\" alt=\"\" width=\"705\" height=\"459\" srcset=\"https:\/\/gemeindebuechereikastl.de\/wp-content\/uploads\/2020\/11\/2.-Klasse-1024x666.jpg 1024w, https:\/\/gemeindebuechereikastl.de\/wp-content\/uploads\/2020\/11\/2.-Klasse-300x195.jpg 300w, https:\/\/gemeindebuechereikastl.de\/wp-content\/uploads\/2020\/11\/2.-Klasse-768x499.jpg 768w, https:\/\/gemeindebuechereikastl.de\/wp-content\/uploads\/2020\/11\/2.-Klasse-1536x998.jpg 1536w, https:\/\/gemeindebuechereikastl.de\/wp-content\/uploads\/2020\/11\/2.-Klasse-2048x1331.jpg 2048w, https:\/\/gemeindebuechereikastl.de\/wp-content\/uploads\/2020\/11\/2.-Klasse-750x488.jpg 750w\" sizes=\"auto, (max-width: 705px) 100vw, 705px\" \/><\/p>\n<p>Da die meisten im Vorjahr schon den B\u00fccherei &#8211; F\u00fchrerschein gemacht hatten und sie sich schon einigerma\u00dfen in der B\u00fccherei zurechtfinden, stellte D\u00fcrr nur noch ein paar Fragen zum Angebot, was es in der B\u00fccherei alles zum Entleihen gibt (B\u00fccher, Spiele, Zeitschriften, H\u00f6rb\u00fccher, DVDs und Tonies), wieviel <img loading=\"lazy\" decoding=\"async\" class=\" wp-image-1713 alignleft\" src=\"https:\/\/gemeindebuechereikastl.de\/wp-content\/uploads\/2020\/11\/Schule-2.-Klasse-1024x646.jpg\" alt=\"\" width=\"440\" height=\"277\" srcset=\"https:\/\/gemeindebuechereikastl.de\/wp-content\/uploads\/2020\/11\/Schule-2.-Klasse-1024x646.jpg 1024w, https:\/\/gemeindebuechereikastl.de\/wp-content\/uploads\/2020\/11\/Schule-2.-Klasse-300x189.jpg 300w, https:\/\/gemeindebuechereikastl.de\/wp-content\/uploads\/2020\/11\/Schule-2.-Klasse-768x484.jpg 768w, https:\/\/gemeindebuechereikastl.de\/wp-content\/uploads\/2020\/11\/Schule-2.-Klasse-1536x968.jpg 1536w, https:\/\/gemeindebuechereikastl.de\/wp-content\/uploads\/2020\/11\/Schule-2.-Klasse-2048x1291.jpg 2048w, https:\/\/gemeindebuechereikastl.de\/wp-content\/uploads\/2020\/11\/Schule-2.-Klasse-750x473.jpg 750w\" sizes=\"auto, (max-width: 440px) 100vw, 440px\" \/>B\u00fccher und Medien es in der B\u00fccherei gibt, wo was zu finden ist und was die verschiedenen Farben an den B\u00fcchern zu bedeuten haben usw. Bei einer Sch\u00e4tzung der Kinder wie viele Medien in der B\u00fccherei sind waren sie \u00fcberrascht das die Kastler B\u00fccher an die 8500 B\u00fccher und weitere 1500 Nichtbuchmedien wie Spiele, DVDs, H\u00f6rb\u00fccher f\u00fcr Kinder und Erwachsene sowie diverse Zeitschriften hat. Ganz speziell fragten auch einige nach B\u00fcchern, die im Antolin Programm mit dabei sind. Hier erkl\u00e4rte D\u00fcrr das die Kastler B\u00fccherei ca. 3000 Antolin B\u00fccher besitze. Er erw\u00e4hnte auch das Angebot der B\u00fccherei die Ausleihe von E-Books und wie die B\u00fccher und Medien sowie die E-Books \u00fcber den &#8222;Online-Katalog&#8220; zu finden sind. Nach der Einf\u00fchrung hatten die Kinder dann noch Zeit selbst im Angebot der B\u00fccherei zu st\u00f6bern und alle fanden ihre Lieblingsb\u00fccher zum Mitnehmen.<\/p>\n<p>Als kleines Dankesch\u00f6n und f\u00fcr die weiteren Besuche bekamen alle Kinder von B\u00fcchereileiter Georg D\u00fcrr eine B\u00fcchereitasche und ein Lesezeichen geschenkt. In der sch\u00f6nen B\u00fcchereitasche wurden gleich die ausgesuchten Lieblingsb\u00fccher eingepackt.<\/p>\n","protected":false},"excerpt":{"rendered":"<p>Die Sch\u00fcler der 2. Klasse besuchten zum ersten Mal gemeinsam im Rahmen der Schulausleihe die Gemeindeb\u00fccherei Kastl Corona bedingt mit einem halben Jahr Versp\u00e4tung, besuchten die Kinder der 2. Klasse der Seyfried-Schweppermann \u2013 Schule Kastl zum ersten Mal im Rahmen der Schulausleihe gemeinsam mit ihrer Klassenlehrerin Frau Ulrike Hampel-Sperlich die Gemeindeb\u00fccherei zur Schulausleihe. B\u00fcchereileiter Georg &hellip; <\/p>\n<p><a class=\"more-link btn\" href=\"https:\/\/gemeindebuechereikastl.de\/?p=1710\">Weiterlesen<\/a><\/p>\n","protected":false},"author":1,"featured_media":0,"comment_status":"closed","ping_status":"closed","sticky":false,"template":"","format":"standard","meta":{"footnotes":""},"categories":[5],"tags":[119,23,22,193],"class_list":["post-1710","post","type-post","status-publish","format-standard","hentry","category-news","tag-antolin","tag-buechertasche","tag-schulausleihe","tag-schule","item-wrap"],"_links":{"self":[{"href":"https:\/\/gemeindebuechereikastl.de\/index.php?rest_route=\/wp\/v2\/posts\/1710","targetHints":{"allow":["GET"]}}],"collection":[{"href":"https:\/\/gemeindebuechereikastl.de\/index.php?rest_route=\/wp\/v2\/posts"}],"about":[{"href":"https:\/\/gemeindebuechereikastl.de\/index.php?rest_route=\/wp\/v2\/types\/post"}],"author":[{"embeddable":true,"href":"https:\/\/gemeindebuechereikastl.de\/index.php?rest_route=\/wp\/v2\/users\/1"}],"replies":[{"embeddable":true,"href":"https:\/\/gemeindebuechereikastl.de\/index.php?rest_route=%2Fwp%2Fv2%2Fcomments&post=1710"}],"version-history":[{"count":1,"href":"https:\/\/gemeindebuechereikastl.de\/index.php?rest_route=\/wp\/v2\/posts\/1710\/revisions"}],"predecessor-version":[{"id":1714,"href":"https:\/\/gemeindebuechereikastl.de\/index.php?rest_route=\/wp\/v2\/posts\/1710\/revisions\/1714"}],"wp:attachment":[{"href":"https:\/\/gemeindebuechereikastl.de\/index.php?rest_route=%2Fwp%2Fv2%2Fmedia&parent=1710"}],"wp:term":[{"taxonomy":"category","embeddable":true,"href":"https:\/\/gemeindebuechereikastl.de\/index.php?rest_route=%2Fwp%2Fv2%2Fcategories&post=1710"},{"taxonomy":"post_tag","embeddable":true,"href":"https:\/\/gemeindebuechereikastl.de\/index.php?rest_route=%2Fwp%2Fv2%2Ftags&post=1710"}],"curies":[{"name":"wp","href":"https:\/\/api.w.org\/{rel}","templated":true}]}}