{"id":1715,"date":"2020-11-08T16:13:40","date_gmt":"2020-11-08T16:13:40","guid":{"rendered":"http:\/\/gemeindebuechereikastl.de\/?p=1715"},"modified":"2020-11-08T16:14:32","modified_gmt":"2020-11-08T16:14:32","slug":"buchausstellung-zum-monat-der-spiritualitaet-mit-dem-thema-spiritualitaet-heute-leben","status":"publish","type":"post","link":"https:\/\/gemeindebuechereikastl.de\/?p=1715","title":{"rendered":"Buchausstellung zum MONAT DER SPIRITUALIT\u00c4T"},"content":{"rendered":"<h2 style=\"text-align: center;\"><span style=\"color: #ff6600;\">Im November pr\u00e4stiert das Team wieder eine Ausstellung mit B\u00fcchern zum \u201eMonat der Spiritualit\u00e4t\u201c<\/span><\/h2>\n<p><img loading=\"lazy\" decoding=\"async\" class=\"wp-image-1717 alignleft\" src=\"https:\/\/gemeindebuechereikastl.de\/wp-content\/uploads\/2020\/11\/spiritualitaet-1-1024x450.jpg\" alt=\"\" width=\"364\" height=\"160\" srcset=\"https:\/\/gemeindebuechereikastl.de\/wp-content\/uploads\/2020\/11\/spiritualitaet-1-1024x450.jpg 1024w, https:\/\/gemeindebuechereikastl.de\/wp-content\/uploads\/2020\/11\/spiritualitaet-1-300x132.jpg 300w, https:\/\/gemeindebuechereikastl.de\/wp-content\/uploads\/2020\/11\/spiritualitaet-1-768x338.jpg 768w, https:\/\/gemeindebuechereikastl.de\/wp-content\/uploads\/2020\/11\/spiritualitaet-1-1536x676.jpg 1536w, https:\/\/gemeindebuechereikastl.de\/wp-content\/uploads\/2020\/11\/spiritualitaet-1-750x330.jpg 750w, https:\/\/gemeindebuechereikastl.de\/wp-content\/uploads\/2020\/11\/spiritualitaet-1.jpg 1598w\" sizes=\"auto, (max-width: 364px) 100vw, 364px\" \/>Unter dem Motto \u201eSpiritualit\u00e4t. Heute. Leben\u201c diverse interessante und Lesenswerte B\u00fccher. Dieses Haupt-Thema wird auch noch zwei weitere Einzelaspekte umfassen. \u201eVerantwortung f\u00fcr die Sch\u00f6pfung\u201c \u2013 in den letzten Jahren ist die Sensibilit\u00e4t f\u00fcr die Verantwortung des Menschen f\u00fcr die Umwelt verst\u00e4rkt wach geworden.<br \/>\n<img loading=\"lazy\" decoding=\"async\" class=\" wp-image-1716 alignright\" src=\"https:\/\/gemeindebuechereikastl.de\/wp-content\/uploads\/2020\/11\/Spiritualitaet-674x1024.jpg\" alt=\"\" width=\"421\" height=\"638\" \/><\/p>\n<p>Gerade auch im kirchlichen Umfeld sehen es viele als christliche Aufgabe und Motivation an, an der Bewahrung der Sch\u00f6pfung mitzuwirken. Wie kann gelebte Spiritualit\u00e4t dazu beitragen, diese Sch\u00f6pfungsverantwortung zu erkennen und umzusetzen? Au\u00dferdem: \u201eGlaube und Musik\u201c \u2013 welche Formen sprechen Menschen heute an? Wie dr\u00fccken sie ihre Spiritualit\u00e4t im Gesang aus? Welchen Einfluss haben Kl\u00e4nge auf unsere Seele?<\/p>\n<p>Zu der Ausstellung gibt es f\u00fcr die Leser der B\u00fccherei wieder passende Lesezeichen und das \u201eLeseforum\u201c, die Sonderbeilage der Kirchenzeitung mit Buchtipps und inhaltlichen Beitr\u00e4gen zum Thema, zum kostenlosen Mitnehmen.<\/p>\n<p>Entdecken Sie die diversen B\u00fccher und Medien zum <strong>\u201eMonat der Spiritualit\u00e4t\u201c<\/strong>, entweder in unserem <strong><a href=\"https:\/\/iopac.gemeindebuechereikastl.de\/iopac\/\">ONLINE-KATALOG<\/a><\/strong> unter dem Suchwort \u201eSpiritualit\u00e4t\u201c oder auch als E-Book bei <strong><a href=\"https:\/\/leo-nord.onleihe.de\/\">LEO-NORD<\/a><\/strong> oder am besten bei einem Besuch in unserer\u00a0 <strong>GEMEINDEB\u00dcCHEREI:<\/strong><\/p>\n","protected":false},"excerpt":{"rendered":"<p>Im November pr\u00e4stiert das Team wieder eine Ausstellung mit B\u00fcchern zum \u201eMonat der Spiritualit\u00e4t\u201c Unter dem Motto \u201eSpiritualit\u00e4t. Heute. Leben\u201c diverse interessante und Lesenswerte B\u00fccher. Dieses Haupt-Thema wird auch noch zwei weitere Einzelaspekte umfassen. \u201eVerantwortung f\u00fcr die Sch\u00f6pfung\u201c \u2013 in den letzten Jahren ist die Sensibilit\u00e4t f\u00fcr die Verantwortung des Menschen f\u00fcr die Umwelt verst\u00e4rkt &hellip; <\/p>\n<p><a class=\"more-link btn\" href=\"https:\/\/gemeindebuechereikastl.de\/?p=1715\">Weiterlesen<\/a><\/p>\n","protected":false},"author":1,"featured_media":1716,"comment_status":"closed","ping_status":"closed","sticky":false,"template":"","format":"standard","meta":{"footnotes":""},"categories":[5],"tags":[192,194,201,200],"class_list":["post-1715","post","type-post","status-publish","format-standard","has-post-thumbnail","hentry","category-news","tag-ausstellung","tag-buchausstellung","tag-monat-der-spiritualitaet","tag-spiritualitaet","item-wrap"],"_links":{"self":[{"href":"https:\/\/gemeindebuechereikastl.de\/index.php?rest_route=\/wp\/v2\/posts\/1715","targetHints":{"allow":["GET"]}}],"collection":[{"href":"https:\/\/gemeindebuechereikastl.de\/index.php?rest_route=\/wp\/v2\/posts"}],"about":[{"href":"https:\/\/gemeindebuechereikastl.de\/index.php?rest_route=\/wp\/v2\/types\/post"}],"author":[{"embeddable":true,"href":"https:\/\/gemeindebuechereikastl.de\/index.php?rest_route=\/wp\/v2\/users\/1"}],"replies":[{"embeddable":true,"href":"https:\/\/gemeindebuechereikastl.de\/index.php?rest_route=%2Fwp%2Fv2%2Fcomments&post=1715"}],"version-history":[{"count":2,"href":"https:\/\/gemeindebuechereikastl.de\/index.php?rest_route=\/wp\/v2\/posts\/1715\/revisions"}],"predecessor-version":[{"id":1719,"href":"https:\/\/gemeindebuechereikastl.de\/index.php?rest_route=\/wp\/v2\/posts\/1715\/revisions\/1719"}],"wp:featuredmedia":[{"embeddable":true,"href":"https:\/\/gemeindebuechereikastl.de\/index.php?rest_route=\/wp\/v2\/media\/1716"}],"wp:attachment":[{"href":"https:\/\/gemeindebuechereikastl.de\/index.php?rest_route=%2Fwp%2Fv2%2Fmedia&parent=1715"}],"wp:term":[{"taxonomy":"category","embeddable":true,"href":"https:\/\/gemeindebuechereikastl.de\/index.php?rest_route=%2Fwp%2Fv2%2Fcategories&post=1715"},{"taxonomy":"post_tag","embeddable":true,"href":"https:\/\/gemeindebuechereikastl.de\/index.php?rest_route=%2Fwp%2Fv2%2Ftags&post=1715"}],"curies":[{"name":"wp","href":"https:\/\/api.w.org\/{rel}","templated":true}]}}