{"id":1735,"date":"2020-11-19T17:05:29","date_gmt":"2020-11-19T17:05:29","guid":{"rendered":"http:\/\/gemeindebuechereikastl.de\/?p=1735"},"modified":"2020-11-19T17:20:15","modified_gmt":"2020-11-19T17:20:15","slug":"herbstzeit-ist-filmezeit-neue-dvds-eingetroffen","status":"publish","type":"post","link":"https:\/\/gemeindebuechereikastl.de\/?p=1735","title":{"rendered":"Herbstzeit ist Filmezeit &#8211; Neue DVDs eingetroffen"},"content":{"rendered":"<p><img loading=\"lazy\" decoding=\"async\" class=\" wp-image-1736 aligncenter\" src=\"https:\/\/gemeindebuechereikastl.de\/wp-content\/uploads\/2020\/11\/filmzeit-1024x685.jpg\" alt=\"\" width=\"710\" height=\"475\" srcset=\"https:\/\/gemeindebuechereikastl.de\/wp-content\/uploads\/2020\/11\/filmzeit-1024x685.jpg 1024w, https:\/\/gemeindebuechereikastl.de\/wp-content\/uploads\/2020\/11\/filmzeit-300x201.jpg 300w, https:\/\/gemeindebuechereikastl.de\/wp-content\/uploads\/2020\/11\/filmzeit-768x514.jpg 768w, https:\/\/gemeindebuechereikastl.de\/wp-content\/uploads\/2020\/11\/filmzeit-1536x1028.jpg 1536w, https:\/\/gemeindebuechereikastl.de\/wp-content\/uploads\/2020\/11\/filmzeit-750x502.jpg 750w, https:\/\/gemeindebuechereikastl.de\/wp-content\/uploads\/2020\/11\/filmzeit.jpg 1603w\" sizes=\"auto, (max-width: 710px) 100vw, 710px\" \/><\/p>\n<div id=\"page\">\n<div class=\"pagepadding\">\n<article class=\"w100 \">\n<div class=\"modulepadding copytext\">\n<header class=\"articlehead boxed\">\n<p class=\"preface\" style=\"text-align: center;\">Viele Filmstarts wurden 2020 aufgrund der Corona-Pandemie verschoben &#8211; zum Teil ins Jahr 2021. Doch es gab gen\u00fcgend Filmperlen die es nun als DVD in der B\u00fccherei zu entdecken gibt.<img loading=\"lazy\" decoding=\"async\" class=\" wp-image-1737 alignleft\" src=\"https:\/\/gemeindebuechereikastl.de\/wp-content\/uploads\/2020\/11\/neue-DVDs-2020-1024x896.jpg\" alt=\"\" width=\"348\" height=\"304\" srcset=\"https:\/\/gemeindebuechereikastl.de\/wp-content\/uploads\/2020\/11\/neue-DVDs-2020-1024x896.jpg 1024w, https:\/\/gemeindebuechereikastl.de\/wp-content\/uploads\/2020\/11\/neue-DVDs-2020-300x263.jpg 300w, https:\/\/gemeindebuechereikastl.de\/wp-content\/uploads\/2020\/11\/neue-DVDs-2020-768x672.jpg 768w, https:\/\/gemeindebuechereikastl.de\/wp-content\/uploads\/2020\/11\/neue-DVDs-2020-1536x1344.jpg 1536w, https:\/\/gemeindebuechereikastl.de\/wp-content\/uploads\/2020\/11\/neue-DVDs-2020-2048x1792.jpg 2048w, https:\/\/gemeindebuechereikastl.de\/wp-content\/uploads\/2020\/11\/neue-DVDs-2020-750x656.jpg 750w\" sizes=\"auto, (max-width: 348px) 100vw, 348px\" \/><\/p>\n<p>Alle Infos \u00fcber die neuen DVDs wie immer in unserem <strong><a href=\"https:\/\/iopac.gemeindebuechereikastl.de\/iopac\/\">ONLINE-KATALOG<\/a>\u00a0<\/strong>und hier unter &#8222;Neue Titel&#8220;<\/p>\n<p>In unserer Ausstellung pr\u00e4sentieren wir die neu angeschafften Filme und auch alle DVDs, die im laufe dieses Jahres vom Team f\u00fcr Kinder und Erwachsene erworben wurden.<\/p>\n<p>Neben den aktuellen Filmen stehen allen Interessierten in der B\u00fccherei die gro\u00dfe Auswahl von \u00fcber\u00a0 <strong><span style=\"color: #ff0000;\">420 DVDs<\/span><\/strong>\u00a0 zum Ausleihen zur Verf\u00fcgung.<br \/>\n\u00dcbersicht und Infos im <strong><a href=\"https:\/\/iopac.gemeindebuechereikastl.de\/iopac\/\">ONLINE-KATALOG<\/a>\u00a0<\/strong><\/p>\n<\/header>\n<\/div>\n<\/article>\n<\/div>\n<\/div>\n","protected":false},"excerpt":{"rendered":"<p>Viele Filmstarts wurden 2020 aufgrund der Corona-Pandemie verschoben &#8211; zum Teil ins Jahr 2021. Doch es gab gen\u00fcgend Filmperlen die es nun als DVD in der B\u00fccherei zu entdecken gibt. Alle Infos \u00fcber die neuen DVDs wie immer in unserem ONLINE-KATALOG\u00a0und hier unter &#8222;Neue Titel&#8220; In unserer Ausstellung pr\u00e4sentieren wir die neu angeschafften Filme und &hellip; <\/p>\n<p><a class=\"more-link btn\" href=\"https:\/\/gemeindebuechereikastl.de\/?p=1735\">Weiterlesen<\/a><\/p>\n","protected":false},"author":1,"featured_media":1739,"comment_status":"closed","ping_status":"closed","sticky":false,"template":"","format":"standard","meta":{"footnotes":""},"categories":[5],"tags":[30,207],"class_list":["post-1735","post","type-post","status-publish","format-standard","has-post-thumbnail","hentry","category-news","tag-dvds","tag-filme","item-wrap"],"_links":{"self":[{"href":"https:\/\/gemeindebuechereikastl.de\/index.php?rest_route=\/wp\/v2\/posts\/1735","targetHints":{"allow":["GET"]}}],"collection":[{"href":"https:\/\/gemeindebuechereikastl.de\/index.php?rest_route=\/wp\/v2\/posts"}],"about":[{"href":"https:\/\/gemeindebuechereikastl.de\/index.php?rest_route=\/wp\/v2\/types\/post"}],"author":[{"embeddable":true,"href":"https:\/\/gemeindebuechereikastl.de\/index.php?rest_route=\/wp\/v2\/users\/1"}],"replies":[{"embeddable":true,"href":"https:\/\/gemeindebuechereikastl.de\/index.php?rest_route=%2Fwp%2Fv2%2Fcomments&post=1735"}],"version-history":[{"count":4,"href":"https:\/\/gemeindebuechereikastl.de\/index.php?rest_route=\/wp\/v2\/posts\/1735\/revisions"}],"predecessor-version":[{"id":1742,"href":"https:\/\/gemeindebuechereikastl.de\/index.php?rest_route=\/wp\/v2\/posts\/1735\/revisions\/1742"}],"wp:featuredmedia":[{"embeddable":true,"href":"https:\/\/gemeindebuechereikastl.de\/index.php?rest_route=\/wp\/v2\/media\/1739"}],"wp:attachment":[{"href":"https:\/\/gemeindebuechereikastl.de\/index.php?rest_route=%2Fwp%2Fv2%2Fmedia&parent=1735"}],"wp:term":[{"taxonomy":"category","embeddable":true,"href":"https:\/\/gemeindebuechereikastl.de\/index.php?rest_route=%2Fwp%2Fv2%2Fcategories&post=1735"},{"taxonomy":"post_tag","embeddable":true,"href":"https:\/\/gemeindebuechereikastl.de\/index.php?rest_route=%2Fwp%2Fv2%2Ftags&post=1735"}],"curies":[{"name":"wp","href":"https:\/\/api.w.org\/{rel}","templated":true}]}}