{"id":1751,"date":"2020-11-27T08:03:42","date_gmt":"2020-11-27T08:03:42","guid":{"rendered":"http:\/\/gemeindebuechereikastl.de\/?p=1751"},"modified":"2020-12-01T15:28:35","modified_gmt":"2020-12-01T15:28:35","slug":"buechereien-muessen-ab-1-dezember-schliessen-letzte-ausleihmoeglichkeit-am-29-und-30-november","status":"publish","type":"post","link":"https:\/\/gemeindebuechereikastl.de\/?p=1751","title":{"rendered":"Gemeindeb\u00fccherei ist ab 1. Dezember bis voraussichtlich 20. Dezember geschlossen!"},"content":{"rendered":"<h2 style=\"text-align: center;\"><span style=\"color: #ff6600;\"><strong>Ma\u00dfnahmen zur Bek\u00e4mpfung der Corona-Pandemie werden versch\u00e4rft. Bibliotheken und Archive werden ab 1. Dezember geschlossen!<\/strong><\/span><\/h2>\n<p><img loading=\"lazy\" decoding=\"async\" class=\"wp-image-1233 alignleft\" src=\"https:\/\/gemeindebuechereikastl.de\/wp-content\/uploads\/2020\/03\/Geschlossen-1024x581.jpg\" alt=\"\" width=\"358\" height=\"203\" srcset=\"https:\/\/gemeindebuechereikastl.de\/wp-content\/uploads\/2020\/03\/Geschlossen-1024x581.jpg 1024w, https:\/\/gemeindebuechereikastl.de\/wp-content\/uploads\/2020\/03\/Geschlossen-300x170.jpg 300w, https:\/\/gemeindebuechereikastl.de\/wp-content\/uploads\/2020\/03\/Geschlossen-768x436.jpg 768w, https:\/\/gemeindebuechereikastl.de\/wp-content\/uploads\/2020\/03\/Geschlossen.jpg 1175w\" sizes=\"auto, (max-width: 358px) 100vw, 358px\" \/><\/p>\n<p>In der bayerischen Ministerratssitzung am 26. November 2020 wurde beschlossen, dass die aktuell geltenden Ma\u00dfnahmen \u00fcber den 30. November hinaus zun\u00e4chst bis zum 20. Dezember 2020 verl\u00e4ngert werden.<\/p>\n<p><strong>Hinzu kommen versch\u00e4rfte Ma\u00dfnahmen. Dies betrifft auch B\u00fcchereien: Unter Punkt B. e. im Bericht aus der Kabinettssitzung hei\u00dft es:<\/strong><\/p>\n<h4><span style=\"color: #ff0000;\"><strong>\u201eBibliotheken und Archive werden geschlossen\u00a0(ausgenommen Hochschulbibliotheken)\u201c<\/strong><\/span><\/h4>\n","protected":false},"excerpt":{"rendered":"<p>Ma\u00dfnahmen zur Bek\u00e4mpfung der Corona-Pandemie werden versch\u00e4rft. Bibliotheken und Archive werden ab 1. Dezember geschlossen! In der bayerischen Ministerratssitzung am 26. November 2020 wurde beschlossen, dass die aktuell geltenden Ma\u00dfnahmen \u00fcber den 30. November hinaus zun\u00e4chst bis zum 20. Dezember 2020 verl\u00e4ngert werden. Hinzu kommen versch\u00e4rfte Ma\u00dfnahmen. Dies betrifft auch B\u00fcchereien: Unter Punkt B. e. &hellip; <\/p>\n<p><a class=\"more-link btn\" href=\"https:\/\/gemeindebuechereikastl.de\/?p=1751\">Weiterlesen<\/a><\/p>\n","protected":false},"author":1,"featured_media":1233,"comment_status":"closed","ping_status":"closed","sticky":false,"template":"","format":"standard","meta":{"footnotes":""},"categories":[5],"tags":[150,208],"class_list":["post-1751","post","type-post","status-publish","format-standard","has-post-thumbnail","hentry","category-news","tag-geschlossen","tag-schliessung","item-wrap"],"_links":{"self":[{"href":"https:\/\/gemeindebuechereikastl.de\/index.php?rest_route=\/wp\/v2\/posts\/1751","targetHints":{"allow":["GET"]}}],"collection":[{"href":"https:\/\/gemeindebuechereikastl.de\/index.php?rest_route=\/wp\/v2\/posts"}],"about":[{"href":"https:\/\/gemeindebuechereikastl.de\/index.php?rest_route=\/wp\/v2\/types\/post"}],"author":[{"embeddable":true,"href":"https:\/\/gemeindebuechereikastl.de\/index.php?rest_route=\/wp\/v2\/users\/1"}],"replies":[{"embeddable":true,"href":"https:\/\/gemeindebuechereikastl.de\/index.php?rest_route=%2Fwp%2Fv2%2Fcomments&post=1751"}],"version-history":[{"count":4,"href":"https:\/\/gemeindebuechereikastl.de\/index.php?rest_route=\/wp\/v2\/posts\/1751\/revisions"}],"predecessor-version":[{"id":1761,"href":"https:\/\/gemeindebuechereikastl.de\/index.php?rest_route=\/wp\/v2\/posts\/1751\/revisions\/1761"}],"wp:featuredmedia":[{"embeddable":true,"href":"https:\/\/gemeindebuechereikastl.de\/index.php?rest_route=\/wp\/v2\/media\/1233"}],"wp:attachment":[{"href":"https:\/\/gemeindebuechereikastl.de\/index.php?rest_route=%2Fwp%2Fv2%2Fmedia&parent=1751"}],"wp:term":[{"taxonomy":"category","embeddable":true,"href":"https:\/\/gemeindebuechereikastl.de\/index.php?rest_route=%2Fwp%2Fv2%2Fcategories&post=1751"},{"taxonomy":"post_tag","embeddable":true,"href":"https:\/\/gemeindebuechereikastl.de\/index.php?rest_route=%2Fwp%2Fv2%2Ftags&post=1751"}],"curies":[{"name":"wp","href":"https:\/\/api.w.org\/{rel}","templated":true}]}}