{"id":1771,"date":"2020-12-06T17:14:53","date_gmt":"2020-12-06T17:14:53","guid":{"rendered":"http:\/\/gemeindebuechereikastl.de\/?p=1771"},"modified":"2020-12-06T18:19:19","modified_gmt":"2020-12-06T18:19:19","slug":"teil-lockdown-bis-vorerst-10-januar-2021-verlaengert-das-betrifft-auch-die-buechereischliessung","status":"publish","type":"post","link":"https:\/\/gemeindebuechereikastl.de\/?p=1771","title":{"rendered":"Teil-Lockdown bis vorerst 10. Januar 2021 verl\u00e4ngert.  Eventuell soll ein Abholdienst angeboten werden"},"content":{"rendered":"<h2 style=\"text-align: center;\"><img loading=\"lazy\" decoding=\"async\" class=\"wp-image-1233 alignright\" src=\"https:\/\/gemeindebuechereikastl.de\/wp-content\/uploads\/2020\/03\/Geschlossen-1024x581.jpg\" alt=\"\" width=\"324\" height=\"183\" srcset=\"https:\/\/gemeindebuechereikastl.de\/wp-content\/uploads\/2020\/03\/Geschlossen-1024x581.jpg 1024w, https:\/\/gemeindebuechereikastl.de\/wp-content\/uploads\/2020\/03\/Geschlossen-300x170.jpg 300w, https:\/\/gemeindebuechereikastl.de\/wp-content\/uploads\/2020\/03\/Geschlossen-768x436.jpg 768w, https:\/\/gemeindebuechereikastl.de\/wp-content\/uploads\/2020\/03\/Geschlossen.jpg 1175w\" sizes=\"auto, (max-width: 324px) 100vw, 324px\" \/><span style=\"color: #ff6600;\">Aufgrund der Verl\u00e4ngerung des Teil-Lockdown <\/span><br \/>\n<span style=\"color: #ff6600;\">bis vorerst 10. Januar 2021\u00a0 muss auch unsere B\u00fccherei bis zu diesem Zeitpunkt geschlossen bleiben.<\/span><\/h2>\n<h2><img loading=\"lazy\" decoding=\"async\" class=\" wp-image-1755 alignleft\" src=\"https:\/\/gemeindebuechereikastl.de\/wp-content\/uploads\/2020\/11\/Buecherhamstern.jpg\" alt=\"\" width=\"275\" height=\"337\" \/><span style=\"color: #ff6600;\">Aber!! <\/span><\/h2>\n<h4><span style=\"color: #000000;\">Aufgrund der Entscheidung der Bayerischen Staatsregierung, sind Hol- und Bringdienste in den bayerischen Bibliotheken zu erm\u00f6glichen. Deshalb\u00a0 m\u00f6chte das Team der Gemeindeb\u00fccherei einen Abh<\/span><span style=\"color: #000000;\">oldienst f\u00fcr ihre Leser installieren.<\/span><\/h4>\n<h4><span style=\"color: #000000;\">Damit k\u00f6nnen die \u00f6ffentlichen Bibliotheken ihren Bildungsauftrag erf\u00fcllen und einen Beitrag zur Pandemiebek\u00e4mpfung leisten, weil beim gem\u00fctlichen Lesen zuhause die Ansteckungsgefahr vermutlich am geringsten ist.<\/span><\/h4>\n<h3 style=\"text-align: center;\"><span style=\"color: #ff0000;\">Wann der Abholdienst an den Start geht erfahren Sie in k\u00fcrze hier auf unserer Homepage!!!<\/span><\/h3>\n","protected":false},"excerpt":{"rendered":"<p>Aufgrund der Verl\u00e4ngerung des Teil-Lockdown bis vorerst 10. Januar 2021\u00a0 muss auch unsere B\u00fccherei bis zu diesem Zeitpunkt geschlossen bleiben. Aber!! Aufgrund der Entscheidung der Bayerischen Staatsregierung, sind Hol- und Bringdienste in den bayerischen Bibliotheken zu erm\u00f6glichen. Deshalb\u00a0 m\u00f6chte das Team der Gemeindeb\u00fccherei einen Abholdienst f\u00fcr ihre Leser installieren. Damit k\u00f6nnen die \u00f6ffentlichen Bibliotheken ihren &hellip; <\/p>\n<p><a class=\"more-link btn\" href=\"https:\/\/gemeindebuechereikastl.de\/?p=1771\">Weiterlesen<\/a><\/p>\n","protected":false},"author":1,"featured_media":1755,"comment_status":"closed","ping_status":"closed","sticky":false,"template":"","format":"standard","meta":{"footnotes":""},"categories":[5],"tags":[209,208],"class_list":["post-1771","post","type-post","status-publish","format-standard","has-post-thumbnail","hentry","category-news","tag-abholdienst","tag-schliessung","item-wrap"],"_links":{"self":[{"href":"https:\/\/gemeindebuechereikastl.de\/index.php?rest_route=\/wp\/v2\/posts\/1771","targetHints":{"allow":["GET"]}}],"collection":[{"href":"https:\/\/gemeindebuechereikastl.de\/index.php?rest_route=\/wp\/v2\/posts"}],"about":[{"href":"https:\/\/gemeindebuechereikastl.de\/index.php?rest_route=\/wp\/v2\/types\/post"}],"author":[{"embeddable":true,"href":"https:\/\/gemeindebuechereikastl.de\/index.php?rest_route=\/wp\/v2\/users\/1"}],"replies":[{"embeddable":true,"href":"https:\/\/gemeindebuechereikastl.de\/index.php?rest_route=%2Fwp%2Fv2%2Fcomments&post=1771"}],"version-history":[{"count":4,"href":"https:\/\/gemeindebuechereikastl.de\/index.php?rest_route=\/wp\/v2\/posts\/1771\/revisions"}],"predecessor-version":[{"id":1775,"href":"https:\/\/gemeindebuechereikastl.de\/index.php?rest_route=\/wp\/v2\/posts\/1771\/revisions\/1775"}],"wp:featuredmedia":[{"embeddable":true,"href":"https:\/\/gemeindebuechereikastl.de\/index.php?rest_route=\/wp\/v2\/media\/1755"}],"wp:attachment":[{"href":"https:\/\/gemeindebuechereikastl.de\/index.php?rest_route=%2Fwp%2Fv2%2Fmedia&parent=1771"}],"wp:term":[{"taxonomy":"category","embeddable":true,"href":"https:\/\/gemeindebuechereikastl.de\/index.php?rest_route=%2Fwp%2Fv2%2Fcategories&post=1771"},{"taxonomy":"post_tag","embeddable":true,"href":"https:\/\/gemeindebuechereikastl.de\/index.php?rest_route=%2Fwp%2Fv2%2Ftags&post=1771"}],"curies":[{"name":"wp","href":"https:\/\/api.w.org\/{rel}","templated":true}]}}