{"id":1776,"date":"2020-12-12T18:42:09","date_gmt":"2020-12-12T18:42:09","guid":{"rendered":"http:\/\/gemeindebuechereikastl.de\/?p=1776"},"modified":"2020-12-16T07:30:24","modified_gmt":"2020-12-16T07:30:24","slug":"buecherei-to-go-buechereiteam-bietet-ab-14-dezember-einen-abholservice-an","status":"publish","type":"post","link":"https:\/\/gemeindebuechereikastl.de\/?p=1776","title":{"rendered":"B\u00fccherei to Go &#8211; Abholservice des B\u00fcchereiteams erfolgreich gestartet"},"content":{"rendered":"<h1 style=\"text-align: center;\"><img loading=\"lazy\" decoding=\"async\" class=\" wp-image-1755 alignleft\" src=\"https:\/\/gemeindebuechereikastl.de\/wp-content\/uploads\/2020\/11\/Buecherhamstern.jpg\" alt=\"\" width=\"322\" height=\"394\" \/><span style=\"color: #ff0000;\"> &#8222;B\u00dcCHEREI\u00a0 TO\u00a0 GO&#8220;<\/span><\/h1>\n<h2 style=\"text-align: center;\"><span style=\"color: #ff6600;\">Abholservice der Gemeindeb\u00fccherei\u00a0 Kastl<\/span><\/h2>\n<h4 style=\"text-align: center;\"><strong>Das gesamte Angebot der B\u00fccherei ist in unserem\u00a0 <a href=\"https:\/\/iopac.gemeindebuechereikastl.de\/iopac\/\"><span style=\"color: #ff0000;\">ONLINE &#8211; KATALOG<\/span><\/a>\u00a0 abrufbar!<\/strong><\/h4>\n<h4 style=\"text-align: center;\"><strong>Alle B\u00fccher und Medien der Gemeindeb\u00fccherei Kastl k\u00f6nnen im <a href=\"https:\/\/iopac.gemeindebuechereikastl.de\/iopac\/\"><span style=\"color: #ff0000;\">Online-Katalog<\/span><\/a> entsprechenden reserviert werden.<\/strong><\/h4>\n<h4 style=\"text-align: center;\"><strong>Und so geht&#8217;s: Buch aussuchen<br \/>\n(muss<span style=\"color: #339966;\"> entleihbar<\/span> sein), anklicken, reservieren, einloggen mit Lesernummer und Passwort<br \/>\n(Geburtsdatum: TT.MM.JJJJ) fertig.<\/strong><\/h4>\n<h4 style=\"text-align: center;\"><strong>Reservierte B\u00fccher liegen bei der<br \/>\nn\u00e4chsten \u00d6ffnungszeit im Eingang der B\u00fccherei (Windfang)\u00a0 f\u00fcr Sie bereit.<\/strong><\/h4>\n<h3>&#8212;&#8212;&#8212;&#8212;&#8212;&#8212;&#8212;&#8212;&#8212;&#8212;&#8212;&#8212;&#8212;&#8212;&#8212;&#8212;&#8212;&#8212;&#8212;&#8212;&#8212;&#8212;&#8212;&#8212;&#8212;&#8211;<img loading=\"lazy\" decoding=\"async\" class=\" wp-image-1777 alignleft\" src=\"https:\/\/gemeindebuechereikastl.de\/wp-content\/uploads\/2020\/12\/mail.png\" alt=\"\" width=\"51\" height=\"51\" srcset=\"https:\/\/gemeindebuechereikastl.de\/wp-content\/uploads\/2020\/12\/mail.png 720w, https:\/\/gemeindebuechereikastl.de\/wp-content\/uploads\/2020\/12\/mail-300x300.png 300w, https:\/\/gemeindebuechereikastl.de\/wp-content\/uploads\/2020\/12\/mail-150x150.png 150w\" sizes=\"auto, (max-width: 51px) 100vw, 51px\" \/><\/h3>\n<h4 style=\"text-align: center;\"><strong>Die zweite Variante w\u00e4re eine Mail an: <span style=\"color: #0000ff;\">info@gemeindebuechereikastl.de<\/span> mit den gew\u00fcnschten B\u00fcchern oder Medien, dieses sollte aber jeweils einen Tag vor der Abholung bei uns eingegangen sein.<\/strong><\/h4>\n<h3>&#8212;&#8212;&#8212;&#8212;&#8212;&#8212;&#8212;&#8212;&#8212;&#8212;&#8212;&#8212;&#8212;&#8212;&#8212;&#8212;&#8212;&#8212;&#8212;&#8212;&#8212;&#8212;&#8212;&#8212;&#8212;&#8211;<\/h3>\n<p style=\"text-align: center;\"><strong>Da die Gemeindeb\u00fccherei Kastl wegen der neuen Corona-Ma\u00dfnahmen bis voraussichtlich 11. Januar geschlossen hat,\u00a0 gibt es f\u00fcr diesen Zeitraum <span style=\"color: #ff0000;\">&#8222;B\u00fccherei to Go&#8220; (Abholservice).<\/span><br \/>\nZu den \u00d6ffnungszeiten (dienstags und donnerstags von 17 bis 18 Uhr und sonntags von 10.30 bis 11.30 Uhr) k\u00f6nnen im Windfang am Eingang kontaktfrei die reservierten B\u00fccher und Medien abgeholt und auch zur\u00fcckgegeben werden.\u00a0<\/strong><\/p>\n","protected":false},"excerpt":{"rendered":"<p>&#8222;B\u00dcCHEREI\u00a0 TO\u00a0 GO&#8220; Abholservice der Gemeindeb\u00fccherei\u00a0 Kastl Das gesamte Angebot der B\u00fccherei ist in unserem\u00a0 ONLINE &#8211; KATALOG\u00a0 abrufbar! Alle B\u00fccher und Medien der Gemeindeb\u00fccherei Kastl k\u00f6nnen im Online-Katalog entsprechenden reserviert werden. Und so geht&#8217;s: Buch aussuchen (muss entleihbar sein), anklicken, reservieren, einloggen mit Lesernummer und Passwort (Geburtsdatum: TT.MM.JJJJ) fertig. Reservierte B\u00fccher liegen bei der &hellip; <\/p>\n<p><a class=\"more-link btn\" href=\"https:\/\/gemeindebuechereikastl.de\/?p=1776\">Weiterlesen<\/a><\/p>\n","protected":false},"author":1,"featured_media":1071,"comment_status":"closed","ping_status":"closed","sticky":false,"template":"","format":"standard","meta":{"footnotes":""},"categories":[5],"tags":[211,210,212,20],"class_list":["post-1776","post","type-post","status-publish","format-standard","has-post-thumbnail","hentry","category-news","tag-abholservice","tag-buecherei-to-go","tag-mail","tag-online","item-wrap"],"_links":{"self":[{"href":"https:\/\/gemeindebuechereikastl.de\/index.php?rest_route=\/wp\/v2\/posts\/1776","targetHints":{"allow":["GET"]}}],"collection":[{"href":"https:\/\/gemeindebuechereikastl.de\/index.php?rest_route=\/wp\/v2\/posts"}],"about":[{"href":"https:\/\/gemeindebuechereikastl.de\/index.php?rest_route=\/wp\/v2\/types\/post"}],"author":[{"embeddable":true,"href":"https:\/\/gemeindebuechereikastl.de\/index.php?rest_route=\/wp\/v2\/users\/1"}],"replies":[{"embeddable":true,"href":"https:\/\/gemeindebuechereikastl.de\/index.php?rest_route=%2Fwp%2Fv2%2Fcomments&post=1776"}],"version-history":[{"count":4,"href":"https:\/\/gemeindebuechereikastl.de\/index.php?rest_route=\/wp\/v2\/posts\/1776\/revisions"}],"predecessor-version":[{"id":1782,"href":"https:\/\/gemeindebuechereikastl.de\/index.php?rest_route=\/wp\/v2\/posts\/1776\/revisions\/1782"}],"wp:featuredmedia":[{"embeddable":true,"href":"https:\/\/gemeindebuechereikastl.de\/index.php?rest_route=\/wp\/v2\/media\/1071"}],"wp:attachment":[{"href":"https:\/\/gemeindebuechereikastl.de\/index.php?rest_route=%2Fwp%2Fv2%2Fmedia&parent=1776"}],"wp:term":[{"taxonomy":"category","embeddable":true,"href":"https:\/\/gemeindebuechereikastl.de\/index.php?rest_route=%2Fwp%2Fv2%2Fcategories&post=1776"},{"taxonomy":"post_tag","embeddable":true,"href":"https:\/\/gemeindebuechereikastl.de\/index.php?rest_route=%2Fwp%2Fv2%2Ftags&post=1776"}],"curies":[{"name":"wp","href":"https:\/\/api.w.org\/{rel}","templated":true}]}}