{"id":1783,"date":"2020-12-18T15:54:17","date_gmt":"2020-12-18T15:54:17","guid":{"rendered":"http:\/\/gemeindebuechereikastl.de\/?p=1783"},"modified":"2020-12-19T13:56:37","modified_gmt":"2020-12-19T13:56:37","slug":"buechereiteam-muss-abholdienst-wieder-einstellen","status":"publish","type":"post","link":"https:\/\/gemeindebuechereikastl.de\/?p=1783","title":{"rendered":"B\u00fcchereiteam muss Abholdienst wieder einstellen!"},"content":{"rendered":"<h2 style=\"text-align: center;\"><span style=\"color: #ff6600;\"><strong>Aufgrund neuerer Informationen m\u00fcssen wir leider mitteilen, dass eine Abholung von Medien durch die \u00c4nderung von \u00a7 12, Abs. 1 der 11. BayIfSMV vom 15.12.2020 nicht mehr m\u00f6glich ist .<\/strong><\/span><\/h2>\n<p><strong><br \/>\nLiebe Leserinnen und Leser,<img loading=\"lazy\" decoding=\"async\" class=\" wp-image-1789 alignleft\" src=\"https:\/\/gemeindebuechereikastl.de\/wp-content\/uploads\/2020\/12\/eilmeldung-1024x640.jpg\" alt=\"\" width=\"387\" height=\"242\" srcset=\"https:\/\/gemeindebuechereikastl.de\/wp-content\/uploads\/2020\/12\/eilmeldung-1024x640.jpg 1024w, https:\/\/gemeindebuechereikastl.de\/wp-content\/uploads\/2020\/12\/eilmeldung-300x188.jpg 300w, https:\/\/gemeindebuechereikastl.de\/wp-content\/uploads\/2020\/12\/eilmeldung-768x480.jpg 768w, https:\/\/gemeindebuechereikastl.de\/wp-content\/uploads\/2020\/12\/eilmeldung-750x469.jpg 750w, https:\/\/gemeindebuechereikastl.de\/wp-content\/uploads\/2020\/12\/eilmeldung.jpg 1280w\" sizes=\"auto, (max-width: 387px) 100vw, 387px\" \/><\/strong><\/p>\n<p><strong>leid<\/strong><strong>er m\u00fcssen wir unseren Abholservice nach kurzer Zeit wieder einstellen. Tut uns leid, aber in Bayern sind &#8222;Click &amp; Collect&#8220; (eine Online-Bestellung die in einem station\u00e4ren Einzelhandelsgesch\u00e4ft, bzw. in einer B\u00fccherei abgeholt wird)\u00a0 nicht mehr m\u00f6glich. Nach der neuen &#8222;Elften Bayerische Infektionsschutzma\u00dfnahmenve<\/strong><strong>rordnung<br \/>\n(11. BayIfSMV) ist bei geschlossenen Bibliotheken keine Abholung mehr zugelassen.<\/strong><\/p>\n<p><strong><img loading=\"lazy\" decoding=\"async\" class=\" wp-image-1788 alignright\" src=\"https:\/\/gemeindebuechereikastl.de\/wp-content\/uploads\/2020\/12\/buecher-558x1024.png\" alt=\"\" width=\"131\" height=\"238\" \/>Die Gemeindeb\u00fccherei bleibt nun bis voraussichtlich <span style=\"color: #ff0000;\">11. Januar geschlossen. <\/span><\/strong><\/p>\n<p><strong><span style=\"color: #ff0000;\">F\u00fcr die bereits ausgeliehenen B\u00fccher und Medien werden die Ausleihfristen automatisch verl\u00e4ngert und es fallen daf\u00fcr keine \u00dcberziehungs-Geb\u00fchren an, bis die Corona-Vorschriften wieder eine Ausleihe bzw. eine R\u00fcckgabe erlauben.\u00a0<\/span><\/strong><\/p>\n<p><strong><img loading=\"lazy\" decoding=\"async\" class=\"wp-image-77 alignleft\" src=\"https:\/\/gemeindebuechereikastl.de\/wp-content\/uploads\/2018\/01\/Leo-nord.jpg\" alt=\"\" width=\"106\" height=\"105\" srcset=\"https:\/\/gemeindebuechereikastl.de\/wp-content\/uploads\/2018\/01\/Leo-nord.jpg 230w, https:\/\/gemeindebuechereikastl.de\/wp-content\/uploads\/2018\/01\/Leo-nord-150x150.jpg 150w, https:\/\/gemeindebuechereikastl.de\/wp-content\/uploads\/2018\/01\/Leo-nord-60x60.jpg 60w\" sizes=\"auto, (max-width: 106px) 100vw, 106px\" \/>Grunds\u00e4tzlich gibt es f\u00fcr alle angemeldeten Leser die M\u00f6glichkeit das Angebot der Onleihe \u00fcber <a href=\"https:\/\/leo-nord.onleihe.de\">www.leo-nord.de<\/a> zu nutzen. Der Zugang erfolgt bequem von der heimischen Couch aus. Weitere Infos und Hilfe hier unter &#8222;Leo-Nord (E-Books)&#8220; oder bei\u00a0<\/strong> <span style=\"color: #ff0000;\"><strong><a style=\"color: #ff0000;\" href=\"https:\/\/hilfe.onleihe.de\/site\/on\">https:\/\/hilfe.onleihe.de\/site\/on<\/a><\/strong><\/span><\/p>\n<p><strong>B<\/strong><strong>leiben Sie gesund bis wir uns wiedersehen d\u00fcrfen.<\/strong><br \/>\n<strong>IHR B\u00dcCHEREITEAM<\/strong><\/p>\n","protected":false},"excerpt":{"rendered":"<p>Aufgrund neuerer Informationen m\u00fcssen wir leider mitteilen, dass eine Abholung von Medien durch die \u00c4nderung von \u00a7 12, Abs. 1 der 11. BayIfSMV vom 15.12.2020 nicht mehr m\u00f6glich ist . Liebe Leserinnen und Leser, leider m\u00fcssen wir unseren Abholservice nach kurzer Zeit wieder einstellen. Tut uns leid, aber in Bayern sind &#8222;Click &amp; Collect&#8220; (eine &hellip; <\/p>\n<p><a class=\"more-link btn\" href=\"https:\/\/gemeindebuechereikastl.de\/?p=1783\">Weiterlesen<\/a><\/p>\n","protected":false},"author":1,"featured_media":1789,"comment_status":"closed","ping_status":"closed","sticky":false,"template":"","format":"standard","meta":{"footnotes":""},"categories":[5],"tags":[213,150,144],"class_list":["post-1783","post","type-post","status-publish","format-standard","has-post-thumbnail","hentry","category-news","tag-corona","tag-geschlossen","tag-leo-nord","item-wrap"],"_links":{"self":[{"href":"https:\/\/gemeindebuechereikastl.de\/index.php?rest_route=\/wp\/v2\/posts\/1783","targetHints":{"allow":["GET"]}}],"collection":[{"href":"https:\/\/gemeindebuechereikastl.de\/index.php?rest_route=\/wp\/v2\/posts"}],"about":[{"href":"https:\/\/gemeindebuechereikastl.de\/index.php?rest_route=\/wp\/v2\/types\/post"}],"author":[{"embeddable":true,"href":"https:\/\/gemeindebuechereikastl.de\/index.php?rest_route=\/wp\/v2\/users\/1"}],"replies":[{"embeddable":true,"href":"https:\/\/gemeindebuechereikastl.de\/index.php?rest_route=%2Fwp%2Fv2%2Fcomments&post=1783"}],"version-history":[{"count":8,"href":"https:\/\/gemeindebuechereikastl.de\/index.php?rest_route=\/wp\/v2\/posts\/1783\/revisions"}],"predecessor-version":[{"id":1794,"href":"https:\/\/gemeindebuechereikastl.de\/index.php?rest_route=\/wp\/v2\/posts\/1783\/revisions\/1794"}],"wp:featuredmedia":[{"embeddable":true,"href":"https:\/\/gemeindebuechereikastl.de\/index.php?rest_route=\/wp\/v2\/media\/1789"}],"wp:attachment":[{"href":"https:\/\/gemeindebuechereikastl.de\/index.php?rest_route=%2Fwp%2Fv2%2Fmedia&parent=1783"}],"wp:term":[{"taxonomy":"category","embeddable":true,"href":"https:\/\/gemeindebuechereikastl.de\/index.php?rest_route=%2Fwp%2Fv2%2Fcategories&post=1783"},{"taxonomy":"post_tag","embeddable":true,"href":"https:\/\/gemeindebuechereikastl.de\/index.php?rest_route=%2Fwp%2Fv2%2Ftags&post=1783"}],"curies":[{"name":"wp","href":"https:\/\/api.w.org\/{rel}","templated":true}]}}