{"id":1802,"date":"2021-01-04T17:34:11","date_gmt":"2021-01-04T17:34:11","guid":{"rendered":"http:\/\/gemeindebuechereikastl.de\/?p=1802"},"modified":"2021-01-04T17:36:13","modified_gmt":"2021-01-04T17:36:13","slug":"vorlesezeit-neue-video-reihe-fuer-kinder-auf-dem-youtube-kanal-von-mk-online","status":"publish","type":"post","link":"https:\/\/gemeindebuechereikastl.de\/?p=1802","title":{"rendered":"Vorlesezeit &#8211; Neue Video-Reihe f\u00fcr Kinder auf dem Youtube-Kanal von mk-online"},"content":{"rendered":"<h2 style=\"text-align: center;\"><span style=\"color: #ff6600; font-family: 'Times New Roman',serif;\">Im Zwei-Wochen-Takt lesen Autor:innen aus ihren Werken. <\/span><\/h2>\n<p><span style=\"font-family: 'Times New Roman',serif;\"><span style=\"color: #000000;\">Damit Eltern in Zeiten von Home-Office und gleichzeitiger Kinderbetreuung auch mal Luft zum Durchatmen bekommen und Schulen und B\u00fcchereien ihr virtuelles Angebotsspektrum erweitern k\u00f6nnen,<br \/>\nhaben die <img loading=\"lazy\" decoding=\"async\" class=\" wp-image-1803 alignleft\" src=\"https:\/\/gemeindebuechereikastl.de\/wp-content\/uploads\/2021\/01\/lesezeit.jpg\" alt=\"\" width=\"503\" height=\"283\" srcset=\"https:\/\/gemeindebuechereikastl.de\/wp-content\/uploads\/2021\/01\/lesezeit.jpg 853w, https:\/\/gemeindebuechereikastl.de\/wp-content\/uploads\/2021\/01\/lesezeit-300x169.jpg 300w, https:\/\/gemeindebuechereikastl.de\/wp-content\/uploads\/2021\/01\/lesezeit-768x432.jpg 768w, https:\/\/gemeindebuechereikastl.de\/wp-content\/uploads\/2021\/01\/lesezeit-750x422.jpg 750w\" sizes=\"auto, (max-width: 503px) 100vw, 503px\" \/>Landesfachstelle des Sankt Michaelsbundes und<br \/>\nmk-online in Zusammenarbeit mit der Deutschen Akademie f\u00fcr Kinder- und Jugendliteratur e.V. p\u00fcnktlich zum Welttag des Buches erste virtuelle Lesungen mit M\u00fcnchner Kinder- und Jugendbuchautor:innen und Illustrator:innen gestartet.<\/span><\/span><\/p>\n<p>&nbsp;<\/p>\n<h2><span style=\"color: #ff6600; font-family: 'Times New Roman',serif;\">Folgende Lesungen f\u00fcr Kinder stehen auf dem Programm der &#8222;Lesezeit&#8220;<\/span><\/h2>\n<h4><strong><span style=\"font-family: 'Times New Roman',serif;\"><span style=\"color: #000000;\">\u201eMit Lyrik in das neue Jahr\u201c: \u201eVorlesezeit Spezial\u201c zum Jahresbeginn<\/span><\/span><\/strong><\/h4>\n<p><span style=\"font-family: 'Times New Roman',serif;\"><span style=\"color: #000000;\">08. Januar: Matthias G\u00f6ritz<br \/>\n<\/span><\/span><span style=\"font-family: 'Times New Roman',serif;\"><span style=\"color: #000000;\">22. Januar: Christine Kn\u00f6dler<br \/>\n<\/span><\/span><span style=\"font-family: 'Times New Roman',serif;\"><span style=\"color: #000000;\">05. Februar: Andrea Heuser<br \/>\n<\/span><\/span><span style=\"font-family: 'Times New Roman',serif;\"><span style=\"color: #000000;\">19. Februar: Reinhard Michl<\/span><\/span><\/p>\n<h4 style=\"text-align: center;\"><span style=\"color: #0000ff; font-family: 'Times New Roman',serif;\">Die aktuellen Videos und die\u00a0von den bereits gelesenen Autoren gibt es unter <span style=\"color: #ff0000;\"><strong><a style=\"color: #ff0000;\" href=\"https:\/\/www.michaelsbund.de\/buechereien\/vorlesezeit\/\">https:\/\/www.michaelsbund.de\/buechereien\/vorlesezeit\/<\/a> <\/strong><\/span>zu sehen und zu erleben.<\/span><\/h4>\n<h4><strong><span style=\"font-family: 'Times New Roman',serif;\"><span style=\"color: #000000;\">Bisher haben gelesen: <\/span><\/span><\/strong><\/h4>\n<p><span style=\"font-family: 'Times New Roman',serif;\"><span style=\"color: #000000;\">\u00a0<\/span><\/span><span style=\"font-family: 'Times New Roman',serif;\"><span style=\"color: #000000;\">17. Juli: Susanne Stra\u00dfer<br \/>\n<\/span><\/span><span style=\"font-family: 'Times New Roman',serif;\"><span style=\"color: #000000;\">31. Juli: Daniela Kulot (Sommerwerkstatt)<br \/>\n<\/span><\/span><span style=\"font-family: 'Times New Roman',serif;\"><span style=\"color: #000000;\">14. August: Heike Nieder (Sommerwerkstatt)<br \/>\n<\/span><\/span><span style=\"font-family: 'Times New Roman',serif;\"><span style=\"color: #000000;\">28. August: Anja Janotta (Sommerwerkstatt)<br \/>\n<\/span><\/span><span style=\"font-family: 'Times New Roman',serif;\"><span style=\"color: #000000;\">11. September: Oliver P\u00f6tzsch (Sommerwerkstatt)<br \/>\n<\/span><\/span><span style=\"font-family: 'Times New Roman',serif;\"><span style=\"color: #000000;\">25. September: Harald Parigger<br \/>\n<\/span><\/span><span style=\"font-family: 'Times New Roman',serif;\"><span style=\"color: #000000;\">09. Oktober: Kristina Dumas<br \/>\n<\/span><\/span><span style=\"font-family: 'Times New Roman',serif;\"><span style=\"color: #000000;\">23. Oktober: Barbara Yelin<br \/>\n<\/span><\/span><span style=\"font-family: 'Times New Roman',serif;\"><span style=\"color: #000000;\">06. November: Wolfram Franke<br \/>\n<\/span><\/span><span style=\"font-family: 'Times New Roman',serif;\"><span style=\"color: #000000;\">20. November: Heidemarie Brosche<br \/>\n<\/span><\/span><span style=\"font-family: 'Times New Roman',serif;\"><span style=\"color: #000000;\">04. Dezember: Nora Gomringer<br \/>\n<\/span><\/span><span style=\"font-family: 'Times New Roman',serif;\"><span style=\"color: #000000;\">18. Dezember: Dorit Linke<br \/>\n<\/span><\/span><span style=\"font-family: 'Times New Roman',serif;\"><span style=\"color: #000000;\">27. Dezember: Maren Briswalter \u201eBergkristall\u201c<br \/>\n<\/span><\/span><span style=\"font-family: 'Times New Roman',serif;\"><span style=\"color: #000000;\">31. Dezember: Maren Briswalter \u201eBeethovens 9. Sinfonie<\/span><\/span><strong><span style=\"font-family: 'Times New Roman',serif;\"><span style=\"color: #000000;\">\u00a0<\/span><\/span><\/strong><\/p>\n","protected":false},"excerpt":{"rendered":"<p>Im Zwei-Wochen-Takt lesen Autor:innen aus ihren Werken. Damit Eltern in Zeiten von Home-Office und gleichzeitiger Kinderbetreuung auch mal Luft zum Durchatmen bekommen und Schulen und B\u00fcchereien ihr virtuelles Angebotsspektrum erweitern k\u00f6nnen, haben die Landesfachstelle des Sankt Michaelsbundes und mk-online in Zusammenarbeit mit der Deutschen Akademie f\u00fcr Kinder- und Jugendliteratur e.V. p\u00fcnktlich zum Welttag des Buches &hellip; <\/p>\n<p><a class=\"more-link btn\" href=\"https:\/\/gemeindebuechereikastl.de\/?p=1802\">Weiterlesen<\/a><\/p>\n","protected":false},"author":1,"featured_media":0,"comment_status":"closed","ping_status":"closed","sticky":false,"template":"","format":"standard","meta":{"footnotes":""},"categories":[5],"tags":[215,20,175,173],"class_list":["post-1802","post","type-post","status-publish","format-standard","hentry","category-news","tag-lesezeit","tag-online","tag-video","tag-vorlesezeit","item-wrap"],"_links":{"self":[{"href":"https:\/\/gemeindebuechereikastl.de\/index.php?rest_route=\/wp\/v2\/posts\/1802","targetHints":{"allow":["GET"]}}],"collection":[{"href":"https:\/\/gemeindebuechereikastl.de\/index.php?rest_route=\/wp\/v2\/posts"}],"about":[{"href":"https:\/\/gemeindebuechereikastl.de\/index.php?rest_route=\/wp\/v2\/types\/post"}],"author":[{"embeddable":true,"href":"https:\/\/gemeindebuechereikastl.de\/index.php?rest_route=\/wp\/v2\/users\/1"}],"replies":[{"embeddable":true,"href":"https:\/\/gemeindebuechereikastl.de\/index.php?rest_route=%2Fwp%2Fv2%2Fcomments&post=1802"}],"version-history":[{"count":3,"href":"https:\/\/gemeindebuechereikastl.de\/index.php?rest_route=\/wp\/v2\/posts\/1802\/revisions"}],"predecessor-version":[{"id":1806,"href":"https:\/\/gemeindebuechereikastl.de\/index.php?rest_route=\/wp\/v2\/posts\/1802\/revisions\/1806"}],"wp:attachment":[{"href":"https:\/\/gemeindebuechereikastl.de\/index.php?rest_route=%2Fwp%2Fv2%2Fmedia&parent=1802"}],"wp:term":[{"taxonomy":"category","embeddable":true,"href":"https:\/\/gemeindebuechereikastl.de\/index.php?rest_route=%2Fwp%2Fv2%2Fcategories&post=1802"},{"taxonomy":"post_tag","embeddable":true,"href":"https:\/\/gemeindebuechereikastl.de\/index.php?rest_route=%2Fwp%2Fv2%2Ftags&post=1802"}],"curies":[{"name":"wp","href":"https:\/\/api.w.org\/{rel}","templated":true}]}}