{"id":1827,"date":"2021-01-10T13:44:41","date_gmt":"2021-01-10T13:44:41","guid":{"rendered":"http:\/\/gemeindebuechereikastl.de\/?p=1827"},"modified":"2021-01-21T18:51:31","modified_gmt":"2021-01-21T18:51:31","slug":"eroeffnung-der-gemeindebuecherei-verzoegert-sich-erneut","status":"publish","type":"post","link":"https:\/\/gemeindebuechereikastl.de\/?p=1827","title":{"rendered":"Der Lockdown wird verl\u00e4ngert bis 14. Februar somit auch die Gemeindeb\u00fccherei weiter geschlossen"},"content":{"rendered":"<h2 style=\"text-align: center;\"><span style=\"color: #ff6600;\"><strong>Aufgrund der\u00a0Verordnung zur \u00c4nderung der Elften Bayerischen Infektionsschutzma\u00dfnahmenverordnung\u00a0 verl\u00e4ngert sich der Lockdown bis 14. Februar<img loading=\"lazy\" decoding=\"async\" class=\" wp-image-1828 alignleft\" src=\"https:\/\/gemeindebuechereikastl.de\/wp-content\/uploads\/2021\/01\/geschlossen..png\" alt=\"\" width=\"217\" height=\"176\" srcset=\"https:\/\/gemeindebuechereikastl.de\/wp-content\/uploads\/2021\/01\/geschlossen..png 718w, https:\/\/gemeindebuechereikastl.de\/wp-content\/uploads\/2021\/01\/geschlossen.-300x244.png 300w\" sizes=\"auto, (max-width: 217px) 100vw, 217px\" \/><\/strong><\/span><\/h2>\n<h4 style=\"text-align: center;\"><strong>Somit verschiebt sich auch der Termin der Wiederer\u00f6ffnung der Gemeindeb\u00fccherei Kastl. \u00dcber den genauen Termin der Er\u00f6ffnung informieren wir Sie rechtzeitig, hier auf unserer Homepage.<\/strong><\/h4>\n<h2 style=\"text-align: center;\"><span style=\"color: #ff0000;\">Click&amp;Collect\u00a0 ist f\u00fcr B\u00fcchereien ab dem 21. Janaur wieder erlaubt.<\/span> Abholservice wieder aktiv!<\/h2>\n<h3 style=\"text-align: left;\"><span style=\"color: #ff0000;\">Was Sie wissen sollten:<\/span><\/h3>\n<p><strong><img loading=\"lazy\" decoding=\"async\" class=\" wp-image-1829 alignright\" src=\"https:\/\/gemeindebuechereikastl.de\/wp-content\/uploads\/2021\/01\/stapel.jpg\" alt=\"\" width=\"173\" height=\"152\" \/><\/strong><\/p>\n<p><strong>Die Leihfrist aller ausgeliehenen Medien wurde bereits automatisch bis zum 31. Januar 2021 verl\u00e4ngert. In diesem Zeitraum fallen keine Verl\u00e4ngerungs- und Fristgeb\u00fchren an.<\/strong><\/p>\n<p><strong>Reservierte Medien werden bis nach der Er\u00f6ffnung hinterlegt.<\/strong><\/p>\n<p><strong><img loading=\"lazy\" decoding=\"async\" class=\" wp-image-77 alignleft\" src=\"https:\/\/gemeindebuechereikastl.de\/wp-content\/uploads\/2018\/01\/Leo-nord.jpg\" alt=\"\" width=\"111\" height=\"110\" srcset=\"https:\/\/gemeindebuechereikastl.de\/wp-content\/uploads\/2018\/01\/Leo-nord.jpg 230w, https:\/\/gemeindebuechereikastl.de\/wp-content\/uploads\/2018\/01\/Leo-nord-150x150.jpg 150w, https:\/\/gemeindebuechereikastl.de\/wp-content\/uploads\/2018\/01\/Leo-nord-60x60.jpg 60w\" sizes=\"auto, (max-width: 111px) 100vw, 111px\" \/>Wir werden die G\u00fcltigkeit der Benutzerausweise, die seit dem 15.12.2020 abgelaufen sind oder demn\u00e4chst ablaufen, auf den 31. Januar 2021 verl\u00e4ngern. So k\u00f6nnen Sie weiterhin unsere digitalen Angebote wie die Onleihe auf <a href=\"https:\/\/leo-nord.onleihe.de\">LEO-NORD<\/a> nutzen.<\/strong><\/p>\n<p><strong>Wenn Sie noch kein B\u00fccherkunde sind und gerne unsere digitalen Angebote (E-Books, E-Audio, E-Magazine und E-Paper) auf <a href=\"https:\/\/leo-nord.onleihe.de\">www.leo-nord.de <\/a>\u00a0nutzen m\u00f6chten, k\u00f6nnen Sie sich auch w\u00e4hrend der Schlie\u00dfungszeit anmelden. Senden Sie uns eine E-Mail an:\u00a0 <span style=\"color: #3366ff;\">info@gemeindebuechereikastl.de<\/span> mit Ihrem Vornamen, Namen, Geburtsdatum, und Anschrift. Wir melden Sie bei uns an (G\u00fcltigkeit bis 31. Januar 2021) und senden Ihnen die Zugangsdaten. Nach der Wiederer\u00f6ffnung nach dem\u00a0 31. Januar 2021, k\u00f6nnen Sie die Anmeldung vor Ort best\u00e4tigen und die Jahresgeb\u00fchr bezahlen. Infos zu den Nutzungsbedingungen hier unter <span style=\"color: #ff0000;\">Anmeldung+Ausleihbedingungen<\/span><\/strong><\/p>\n<p><strong>Sie haben noch Fragen? Schreiben Sie uns eine E-Mail<span style=\"color: #000000;\"> (info@gemeindebuechereikastl.de)<\/span><\/strong><\/p>\n<p><strong>Wir bitten um Ihr Verst\u00e4ndnis!<br \/>\n<\/strong><strong>\u00a0Ihr Team der Gemeindeb\u00fccherei Kastl<\/strong><\/p>\n","protected":false},"excerpt":{"rendered":"<p>Aufgrund der\u00a0Verordnung zur \u00c4nderung der Elften Bayerischen Infektionsschutzma\u00dfnahmenverordnung\u00a0 verl\u00e4ngert sich der Lockdown bis 14. Februar Somit verschiebt sich auch der Termin der Wiederer\u00f6ffnung der Gemeindeb\u00fccherei Kastl. \u00dcber den genauen Termin der Er\u00f6ffnung informieren wir Sie rechtzeitig, hier auf unserer Homepage. Click&amp;Collect\u00a0 ist f\u00fcr B\u00fcchereien ab dem 21. Janaur wieder erlaubt. Abholservice wieder aktiv! Was Sie &hellip; <\/p>\n<p><a class=\"more-link btn\" href=\"https:\/\/gemeindebuechereikastl.de\/?p=1827\">Weiterlesen<\/a><\/p>\n","protected":false},"author":1,"featured_media":1828,"comment_status":"closed","ping_status":"closed","sticky":false,"template":"","format":"standard","meta":{"footnotes":""},"categories":[1],"tags":[],"class_list":["post-1827","post","type-post","status-publish","format-standard","has-post-thumbnail","hentry","category-team","item-wrap"],"_links":{"self":[{"href":"https:\/\/gemeindebuechereikastl.de\/index.php?rest_route=\/wp\/v2\/posts\/1827","targetHints":{"allow":["GET"]}}],"collection":[{"href":"https:\/\/gemeindebuechereikastl.de\/index.php?rest_route=\/wp\/v2\/posts"}],"about":[{"href":"https:\/\/gemeindebuechereikastl.de\/index.php?rest_route=\/wp\/v2\/types\/post"}],"author":[{"embeddable":true,"href":"https:\/\/gemeindebuechereikastl.de\/index.php?rest_route=\/wp\/v2\/users\/1"}],"replies":[{"embeddable":true,"href":"https:\/\/gemeindebuechereikastl.de\/index.php?rest_route=%2Fwp%2Fv2%2Fcomments&post=1827"}],"version-history":[{"count":11,"href":"https:\/\/gemeindebuechereikastl.de\/index.php?rest_route=\/wp\/v2\/posts\/1827\/revisions"}],"predecessor-version":[{"id":1856,"href":"https:\/\/gemeindebuechereikastl.de\/index.php?rest_route=\/wp\/v2\/posts\/1827\/revisions\/1856"}],"wp:featuredmedia":[{"embeddable":true,"href":"https:\/\/gemeindebuechereikastl.de\/index.php?rest_route=\/wp\/v2\/media\/1828"}],"wp:attachment":[{"href":"https:\/\/gemeindebuechereikastl.de\/index.php?rest_route=%2Fwp%2Fv2%2Fmedia&parent=1827"}],"wp:term":[{"taxonomy":"category","embeddable":true,"href":"https:\/\/gemeindebuechereikastl.de\/index.php?rest_route=%2Fwp%2Fv2%2Fcategories&post=1827"},{"taxonomy":"post_tag","embeddable":true,"href":"https:\/\/gemeindebuechereikastl.de\/index.php?rest_route=%2Fwp%2Fv2%2Ftags&post=1827"}],"curies":[{"name":"wp","href":"https:\/\/api.w.org\/{rel}","templated":true}]}}