{"id":1850,"date":"2021-01-21T18:32:56","date_gmt":"2021-01-21T18:32:56","guid":{"rendered":"http:\/\/gemeindebuechereikastl.de\/?p=1850"},"modified":"2021-01-24T14:25:20","modified_gmt":"2021-01-24T14:25:20","slug":"clickcollect-jetzt-auch-fuer-bibliotheken-erlaubt-team-aktiviert-buecherei-to-go","status":"publish","type":"post","link":"https:\/\/gemeindebuechereikastl.de\/?p=1850","title":{"rendered":"Click&#038;Collect jetzt auch f\u00fcr Bibliotheken wieder erlaubt &#8211; Team aktiviert &#8222;B\u00fccherei to go&#8220;"},"content":{"rendered":"<h2 style=\"text-align: center;\"><span style=\"color: #ff6600;\"><img loading=\"lazy\" decoding=\"async\" class=\" wp-image-1852 alignleft\" src=\"https:\/\/gemeindebuechereikastl.de\/wp-content\/uploads\/2021\/01\/jetzt-erst-recht.png\" alt=\"\" width=\"395\" height=\"659\" srcset=\"https:\/\/gemeindebuechereikastl.de\/wp-content\/uploads\/2021\/01\/jetzt-erst-recht.png 546w, https:\/\/gemeindebuechereikastl.de\/wp-content\/uploads\/2021\/01\/jetzt-erst-recht-180x300.png 180w\" sizes=\"auto, (max-width: 395px) 100vw, 395px\" \/>&#8222;B\u00dcCHER\u00a0 TO\u00a0 GO&#8220; der Abholservice der Gemeindeb\u00fccherei\u00a0 Kastl ab sofort wieder m\u00f6glich<\/span><\/h2>\n<p>\u201eClick&amp;Collect ist unter Einhaltung der g\u00e4ngigen Schutz- und Hygienema\u00dfnahmen in allen \u00f6ffentlichen und wissenschaftlichen Bibliotheken im Freistaat wieder m\u00f6glich.<\/p>\n<p>Daraufhin hat das B\u00fcchereiteam der Gemeindeb\u00fccherei Kastl ihren Service <span style=\"color: #ff6600;\"><strong>&#8222;B\u00fccher-to-go&#8220;<\/strong><\/span> sogleich wieder aktiviert. Dieses Angebot gilt ab sofort, erster Abholtag ist am kommenden Sonntag 24. Januar von 10.30 bis 11.30 Uhr.<\/p>\n<p>Das gesamte Angebot der B\u00fccherei ist in unserem\u00a0 <strong>ONLINE &#8211; KATALOG<\/strong>\u00a0 abrufbar!\u00a0Alle B\u00fccher und Medien der Gemeindeb\u00fccherei Kastl k\u00f6nnen im Online-Katalog entsprechenden reserviert werden.<\/p>\n<h3 style=\"font-family: Lato, sans-serif;\"><span style=\"color: #ff0000;\"><img loading=\"lazy\" decoding=\"async\" class=\" wp-image-1755 alignright\" src=\"https:\/\/gemeindebuechereikastl.de\/wp-content\/uploads\/2020\/11\/Buecherhamstern-e1611255367583.jpg\" alt=\"\" width=\"287\" height=\"351\" srcset=\"https:\/\/gemeindebuechereikastl.de\/wp-content\/uploads\/2020\/11\/Buecherhamstern-e1611255367583.jpg 250w, https:\/\/gemeindebuechereikastl.de\/wp-content\/uploads\/2020\/11\/Buecherhamstern-e1611255367583-245x300.jpg 245w\" sizes=\"auto, (max-width: 287px) 100vw, 287px\" \/><\/span><\/h3>\n<h3><\/h3>\n<h3><\/h3>\n<h3><span style=\"color: #ff0000;\"><br \/>\nUnd so geht&#8217;s:<\/span><\/h3>\n<ul>\n<li>Hier im <strong>ONLINE &#8211; KATALOG<\/strong> nach B\u00fcchern, H\u00f6rb\u00fcchern, Zeitschriften, DVDs, Spielen oder Tonies suchen.<\/li>\n<li>Ausgew\u00e4hlte B\u00fccher und Medien reservieren (gelber Button -Reservieren)<\/li>\n<li>Einloggen mit Lesernummer und Passwort (Geburtsdatum: TT.MM.JJJJ) fertig.<\/li>\n<li>Reservierte B\u00fccher und Medien liegen bei der n\u00e4chsten \u00d6ffnungszeit im Eingang der B\u00fccherei (Windfang)\u00a0 f\u00fcr Sie bereit. Abholzeiten: dienstags und donnerstags von 17.00 bis 18.00 Uhr und sonntags von 10.30 bis 11.30 Uhr.<\/li>\n<li>Bei den Abholzeiten k\u00f6nnen auch B\u00fccher und Medien zur\u00fcckgegeben werden<\/li>\n<\/ul>\n<h3><span style=\"color: #ff6600;\"><a style=\"color: #ff6600;\" href=\"https:\/\/gemeindebuechereikastl.de\/wp-content\/uploads\/2021\/01\/Abholservice-Info.pdf\"><em>Anleitung und Info f\u00fcr\u00a0<strong> &#8222;B\u00fccher to go<\/strong>&#8220;\u00a0 Hier<\/em><\/a><\/span><\/h3>\n<h3><span style=\"color: #ff0000;\">Wichtig!<\/span><\/h3>\n<ul>\n<li>Es darf nur<span style=\"color: #ff0000;\"> jeweils eine Person<\/span> den Windfang zur Abholung der B\u00fccher betreten.<\/li>\n<li>Es ist beim Betreten der B\u00fccherei (Windfang) eine <span style=\"color: #ff0000;\">FFP2-Maske zu tragen.<\/span><\/li>\n<\/ul>\n<p>&#8212;&#8212;&#8212;&#8212;&#8212;&#8212;&#8212;&#8212;&#8212;&#8212;&#8212;&#8212;&#8212;&#8212;&#8212;&#8212;&#8212;&#8212;&#8212;&#8212;&#8212;&#8212;&#8212;-<\/p>\n<p>Die zweite Variante w\u00e4re eine Mail an:<strong> <span style=\"color: #ff0000;\">info@gemeindebuechereikastl.de<\/span> <\/strong>mit den gew\u00fcnschten B\u00fcchern oder Medien, dieses sollte aber jeweils einen Tag vor der Abholung bei uns eingegangen sein.<\/p>\n<p>&#8212;&#8212;&#8212;&#8212;&#8212;&#8212;&#8212;&#8212;&#8212;&#8212;&#8212;&#8212;&#8212;&#8212;&#8212;&#8212;&#8212;&#8212;&#8212;&#8212;&#8212;&#8212;&#8212;-<\/p>\n","protected":false},"excerpt":{"rendered":"<p>&#8222;B\u00dcCHER\u00a0 TO\u00a0 GO&#8220; der Abholservice der Gemeindeb\u00fccherei\u00a0 Kastl ab sofort wieder m\u00f6glich \u201eClick&amp;Collect ist unter Einhaltung der g\u00e4ngigen Schutz- und Hygienema\u00dfnahmen in allen \u00f6ffentlichen und wissenschaftlichen Bibliotheken im Freistaat wieder m\u00f6glich. Daraufhin hat das B\u00fcchereiteam der Gemeindeb\u00fccherei Kastl ihren Service &#8222;B\u00fccher-to-go&#8220; sogleich wieder aktiviert. Dieses Angebot gilt ab sofort, erster Abholtag ist am kommenden Sonntag &hellip; <\/p>\n<p><a class=\"more-link btn\" href=\"https:\/\/gemeindebuechereikastl.de\/?p=1850\">Weiterlesen<\/a><\/p>\n","protected":false},"author":1,"featured_media":0,"comment_status":"closed","ping_status":"closed","sticky":false,"template":"","format":"standard","meta":{"footnotes":""},"categories":[1],"tags":[211,210,218],"class_list":["post-1850","post","type-post","status-publish","format-standard","hentry","category-team","tag-abholservice","tag-buecherei-to-go","tag-clickcollect","item-wrap"],"_links":{"self":[{"href":"https:\/\/gemeindebuechereikastl.de\/index.php?rest_route=\/wp\/v2\/posts\/1850","targetHints":{"allow":["GET"]}}],"collection":[{"href":"https:\/\/gemeindebuechereikastl.de\/index.php?rest_route=\/wp\/v2\/posts"}],"about":[{"href":"https:\/\/gemeindebuechereikastl.de\/index.php?rest_route=\/wp\/v2\/types\/post"}],"author":[{"embeddable":true,"href":"https:\/\/gemeindebuechereikastl.de\/index.php?rest_route=\/wp\/v2\/users\/1"}],"replies":[{"embeddable":true,"href":"https:\/\/gemeindebuechereikastl.de\/index.php?rest_route=%2Fwp%2Fv2%2Fcomments&post=1850"}],"version-history":[{"count":16,"href":"https:\/\/gemeindebuechereikastl.de\/index.php?rest_route=\/wp\/v2\/posts\/1850\/revisions"}],"predecessor-version":[{"id":1874,"href":"https:\/\/gemeindebuechereikastl.de\/index.php?rest_route=\/wp\/v2\/posts\/1850\/revisions\/1874"}],"wp:attachment":[{"href":"https:\/\/gemeindebuechereikastl.de\/index.php?rest_route=%2Fwp%2Fv2%2Fmedia&parent=1850"}],"wp:term":[{"taxonomy":"category","embeddable":true,"href":"https:\/\/gemeindebuechereikastl.de\/index.php?rest_route=%2Fwp%2Fv2%2Fcategories&post=1850"},{"taxonomy":"post_tag","embeddable":true,"href":"https:\/\/gemeindebuechereikastl.de\/index.php?rest_route=%2Fwp%2Fv2%2Ftags&post=1850"}],"curies":[{"name":"wp","href":"https:\/\/api.w.org\/{rel}","templated":true}]}}