{"id":1875,"date":"2021-01-24T14:40:18","date_gmt":"2021-01-24T14:40:18","guid":{"rendered":"http:\/\/gemeindebuechereikastl.de\/?p=1875"},"modified":"2021-01-24T15:52:04","modified_gmt":"2021-01-24T15:52:04","slug":"buecherei-to-go-der-abholservice-des-buechereiteam-erfolgreich-gestartet","status":"publish","type":"post","link":"https:\/\/gemeindebuechereikastl.de\/?p=1875","title":{"rendered":"B\u00fccherei to go &#8211; der Abholservice des B\u00fcchereiteams erfolgreich gestartet"},"content":{"rendered":"<h2 style=\"text-align: center;\"><span style=\"color: #ff6600;\">Seit dem 20. Januar d\u00fcrfen auch B\u00fcchereien in Bayern\u00a0 Click&amp;Collect wieder anbieten.<br \/>\n<\/span>~ Bereits am\u00a0 Sonntag, 24. Januar ging das Team mit ihrem Abholservice &#8222;B\u00fccherei to go&#8220; an den Start~<\/h2>\n<p><img loading=\"lazy\" decoding=\"async\" class=\" wp-image-1877 aligncenter\" style=\"font-family: inherit;\" src=\"https:\/\/gemeindebuechereikastl.de\/wp-content\/uploads\/2021\/01\/Buecher-to-go-1024x576.jpg\" alt=\"\" width=\"675\" height=\"380\" srcset=\"https:\/\/gemeindebuechereikastl.de\/wp-content\/uploads\/2021\/01\/Buecher-to-go-1024x576.jpg 1024w, https:\/\/gemeindebuechereikastl.de\/wp-content\/uploads\/2021\/01\/Buecher-to-go-300x169.jpg 300w, https:\/\/gemeindebuechereikastl.de\/wp-content\/uploads\/2021\/01\/Buecher-to-go-768x432.jpg 768w, https:\/\/gemeindebuechereikastl.de\/wp-content\/uploads\/2021\/01\/Buecher-to-go-1536x864.jpg 1536w, https:\/\/gemeindebuechereikastl.de\/wp-content\/uploads\/2021\/01\/Buecher-to-go-2048x1152.jpg 2048w, https:\/\/gemeindebuechereikastl.de\/wp-content\/uploads\/2021\/01\/Buecher-to-go-750x422.jpg 750w\" sizes=\"auto, (max-width: 675px) 100vw, 675px\" \/><\/p>\n<p style=\"text-align: center;\">Interessierte Lesser k\u00f6nnen ihre B\u00fccher- und Medienw\u00fcnsche hier im ONLINE &#8211; KATATLOG ausw\u00e4hlen, reservieren und dann kontaktlos im Windfang\u00a0 der B\u00fccherei abholen sowie auch B\u00fccher und Medien zur\u00fcckgegeben.<\/p>\n<p style=\"text-align: center;\"><strong>Gleich zu Beginn war es eine Freude f\u00fcr das B\u00fcchereiteam das dieser Service von den Lesern so hervorragend angenommen wurde!<\/strong><\/p>\n<h2><span style=\"color: #ff6600;\"><a style=\"color: #ff6600;\" href=\"https:\/\/gemeindebuechereikastl.de\/wp-content\/uploads\/2021\/01\/Abholservice-Info.pdf\"><em>Info und Anleitung f\u00fcr\u00a0<strong> &#8222;B\u00fccherei to go<\/strong>&#8220;\u00a0 Hier<\/em><\/a><\/span><\/h2>\n<p><img loading=\"lazy\" decoding=\"async\" class=\" wp-image-1181 alignleft\" src=\"https:\/\/gemeindebuechereikastl.de\/wp-content\/uploads\/2019\/12\/Marabu-rechts.jpg\" alt=\"\" width=\"258\" height=\"353\" srcset=\"https:\/\/gemeindebuechereikastl.de\/wp-content\/uploads\/2019\/12\/Marabu-rechts.jpg 288w, https:\/\/gemeindebuechereikastl.de\/wp-content\/uploads\/2019\/12\/Marabu-rechts-219x300.jpg 219w\" sizes=\"auto, (max-width: 258px) 100vw, 258px\" \/>Wer noch nicht Leser ist und ebenfalls unseren Service nutzen m\u00f6chte, einfach Anmeldformular hier von unserer Homepage unter &#8222;<strong>Anmeldung + Ausleihbedingungen&#8220;<\/strong> herunterladen, ausf\u00fcllen und uns per Mail an <strong><a href=\"mailto:info@gemeindebuchereikastl.de\">info@gemeindebuchereikastl.de<\/a><\/strong> zur\u00fccksenden. Wir legen f\u00fcr Sie ein Leserkonto an und Sie k\u00f6nne unser gesamtes Angebot (incl. E-Books) nutzen. Die anfallenden Verwaltungsgeb\u00fchren beglichen Sie einfach nach der Wiederer\u00f6ffnung.<\/p>\n<p>Dieser Service steht allen Leserinnen und Lesern w\u00e4hrend der Schlie\u00dfzeit zur Verf\u00fcgung, An folgenden Tagen und Zeiten k\u00f6nnen die B\u00fccher abgeholt bzw. zur\u00fcckgegeben werden.<\/p>\n<ul>\n<li><strong>Sonntag von 10.30 bis 11.30 Uhr<\/strong><\/li>\n<li><strong>Dienstag 17.00 bis 18.00 Uhr<\/strong><\/li>\n<li><strong>Donnerstag 17.00 bis 18.00 Uhr<\/strong><\/li>\n<\/ul>\n","protected":false},"excerpt":{"rendered":"<p>Seit dem 20. Januar d\u00fcrfen auch B\u00fcchereien in Bayern\u00a0 Click&amp;Collect wieder anbieten. ~ Bereits am\u00a0 Sonntag, 24. Januar ging das Team mit ihrem Abholservice &#8222;B\u00fccherei to go&#8220; an den Start~ Interessierte Lesser k\u00f6nnen ihre B\u00fccher- und Medienw\u00fcnsche hier im ONLINE &#8211; KATATLOG ausw\u00e4hlen, reservieren und dann kontaktlos im Windfang\u00a0 der B\u00fccherei abholen sowie auch B\u00fccher &hellip; <\/p>\n<p><a class=\"more-link btn\" href=\"https:\/\/gemeindebuechereikastl.de\/?p=1875\">Weiterlesen<\/a><\/p>\n","protected":false},"author":1,"featured_media":0,"comment_status":"closed","ping_status":"closed","sticky":false,"template":"","format":"standard","meta":{"footnotes":""},"categories":[1],"tags":[210,220,219],"class_list":["post-1875","post","type-post","status-publish","format-standard","hentry","category-team","tag-buecherei-to-go","tag-kontaktlos","tag-leserservice","item-wrap"],"_links":{"self":[{"href":"https:\/\/gemeindebuechereikastl.de\/index.php?rest_route=\/wp\/v2\/posts\/1875","targetHints":{"allow":["GET"]}}],"collection":[{"href":"https:\/\/gemeindebuechereikastl.de\/index.php?rest_route=\/wp\/v2\/posts"}],"about":[{"href":"https:\/\/gemeindebuechereikastl.de\/index.php?rest_route=\/wp\/v2\/types\/post"}],"author":[{"embeddable":true,"href":"https:\/\/gemeindebuechereikastl.de\/index.php?rest_route=\/wp\/v2\/users\/1"}],"replies":[{"embeddable":true,"href":"https:\/\/gemeindebuechereikastl.de\/index.php?rest_route=%2Fwp%2Fv2%2Fcomments&post=1875"}],"version-history":[{"count":11,"href":"https:\/\/gemeindebuechereikastl.de\/index.php?rest_route=\/wp\/v2\/posts\/1875\/revisions"}],"predecessor-version":[{"id":1887,"href":"https:\/\/gemeindebuechereikastl.de\/index.php?rest_route=\/wp\/v2\/posts\/1875\/revisions\/1887"}],"wp:attachment":[{"href":"https:\/\/gemeindebuechereikastl.de\/index.php?rest_route=%2Fwp%2Fv2%2Fmedia&parent=1875"}],"wp:term":[{"taxonomy":"category","embeddable":true,"href":"https:\/\/gemeindebuechereikastl.de\/index.php?rest_route=%2Fwp%2Fv2%2Fcategories&post=1875"},{"taxonomy":"post_tag","embeddable":true,"href":"https:\/\/gemeindebuechereikastl.de\/index.php?rest_route=%2Fwp%2Fv2%2Ftags&post=1875"}],"curies":[{"name":"wp","href":"https:\/\/api.w.org\/{rel}","templated":true}]}}