{"id":1902,"date":"2021-01-31T08:13:54","date_gmt":"2021-01-31T08:13:54","guid":{"rendered":"http:\/\/gemeindebuechereikastl.de\/?p=1902"},"modified":"2021-01-31T08:21:35","modified_gmt":"2021-01-31T08:21:35","slug":"winteransicht","status":"publish","type":"post","link":"https:\/\/gemeindebuechereikastl.de\/?p=1902","title":{"rendered":"Winteransicht"},"content":{"rendered":"<h2 style=\"text-align: center;\"><span style=\"color: #ff6600;\">Auch wenn die B\u00fccherei eingeschneit ist,<br \/>\nunser Abholservice ist trotzdem am<br \/>\nSonntag von 10.30 Uhr bis 11.30 Uhr und am<br \/>\nDienstag +\u00a0Donnerstag von 17.00 bis 18.00 Uhr<br \/>\nf\u00fcr Euch bereit<\/span><\/h2>\n<p><img loading=\"lazy\" decoding=\"async\" class=\"size-large wp-image-1903 aligncenter\" src=\"https:\/\/gemeindebuechereikastl.de\/wp-content\/uploads\/2021\/01\/Winteransicht-1-2021-1024x762.jpg\" alt=\"\" width=\"750\" height=\"558\" srcset=\"https:\/\/gemeindebuechereikastl.de\/wp-content\/uploads\/2021\/01\/Winteransicht-1-2021-1024x762.jpg 1024w, https:\/\/gemeindebuechereikastl.de\/wp-content\/uploads\/2021\/01\/Winteransicht-1-2021-300x223.jpg 300w, https:\/\/gemeindebuechereikastl.de\/wp-content\/uploads\/2021\/01\/Winteransicht-1-2021-768x571.jpg 768w, https:\/\/gemeindebuechereikastl.de\/wp-content\/uploads\/2021\/01\/Winteransicht-1-2021-1536x1143.jpg 1536w, https:\/\/gemeindebuechereikastl.de\/wp-content\/uploads\/2021\/01\/Winteransicht-1-2021-2048x1523.jpg 2048w, https:\/\/gemeindebuechereikastl.de\/wp-content\/uploads\/2021\/01\/Winteransicht-1-2021-750x558.jpg 750w\" sizes=\"auto, (max-width: 750px) 100vw, 750px\" \/><\/p>\n<h3 style=\"text-align: center;\">Das B\u00fcchereiteam bittet alle Leserinnen und Leser das die Reservierung der B\u00fccher und Medien, mindestens 1 Stunde vor Beginn der Abholzeiten erledigt sein sollte.<\/h3>\n","protected":false},"excerpt":{"rendered":"<p>Auch wenn die B\u00fccherei eingeschneit ist, unser Abholservice ist trotzdem am Sonntag von 10.30 Uhr bis 11.30 Uhr und am Dienstag +\u00a0Donnerstag von 17.00 bis 18.00 Uhr f\u00fcr Euch bereit Das B\u00fcchereiteam bittet alle Leserinnen und Leser das die Reservierung der B\u00fccher und Medien, mindestens 1 Stunde vor Beginn der Abholzeiten erledigt sein sollte.<\/p>\n","protected":false},"author":1,"featured_media":0,"comment_status":"closed","ping_status":"closed","sticky":false,"template":"","format":"standard","meta":{"footnotes":""},"categories":[1],"tags":[209,211,221],"class_list":["post-1902","post","type-post","status-publish","format-standard","hentry","category-team","tag-abholdienst","tag-abholservice","tag-winter","item-wrap"],"_links":{"self":[{"href":"https:\/\/gemeindebuechereikastl.de\/index.php?rest_route=\/wp\/v2\/posts\/1902","targetHints":{"allow":["GET"]}}],"collection":[{"href":"https:\/\/gemeindebuechereikastl.de\/index.php?rest_route=\/wp\/v2\/posts"}],"about":[{"href":"https:\/\/gemeindebuechereikastl.de\/index.php?rest_route=\/wp\/v2\/types\/post"}],"author":[{"embeddable":true,"href":"https:\/\/gemeindebuechereikastl.de\/index.php?rest_route=\/wp\/v2\/users\/1"}],"replies":[{"embeddable":true,"href":"https:\/\/gemeindebuechereikastl.de\/index.php?rest_route=%2Fwp%2Fv2%2Fcomments&post=1902"}],"version-history":[{"count":3,"href":"https:\/\/gemeindebuechereikastl.de\/index.php?rest_route=\/wp\/v2\/posts\/1902\/revisions"}],"predecessor-version":[{"id":1906,"href":"https:\/\/gemeindebuechereikastl.de\/index.php?rest_route=\/wp\/v2\/posts\/1902\/revisions\/1906"}],"wp:attachment":[{"href":"https:\/\/gemeindebuechereikastl.de\/index.php?rest_route=%2Fwp%2Fv2%2Fmedia&parent=1902"}],"wp:term":[{"taxonomy":"category","embeddable":true,"href":"https:\/\/gemeindebuechereikastl.de\/index.php?rest_route=%2Fwp%2Fv2%2Fcategories&post=1902"},{"taxonomy":"post_tag","embeddable":true,"href":"https:\/\/gemeindebuechereikastl.de\/index.php?rest_route=%2Fwp%2Fv2%2Ftags&post=1902"}],"curies":[{"name":"wp","href":"https:\/\/api.w.org\/{rel}","templated":true}]}}