{"id":1958,"date":"2021-03-05T16:44:14","date_gmt":"2021-03-05T16:44:14","guid":{"rendered":"http:\/\/gemeindebuechereikastl.de\/?p=1958"},"modified":"2021-03-06T16:56:27","modified_gmt":"2021-03-06T16:56:27","slug":"die-gemeindebuecherei-oeffnet-ab-dienstag-9-maerz-wieder-fuer-alle-leser","status":"publish","type":"post","link":"https:\/\/gemeindebuechereikastl.de\/?p=1958","title":{"rendered":"Die Gemeindeb\u00fccherei \u00f6ffnet ab Dienstag, 9. M\u00e4rz wieder f\u00fcr alle Leser"},"content":{"rendered":"<h2 style=\"text-align: center;\"><span style=\"color: #ff6600;\"><strong>Hurra, wir \u00f6ffnen wieder &#8211; Nach \u00fcber drei Monaten der Schlie\u00dfung \u00f6ffnet die Gemeindeb\u00fccherei Kastl ab Dienstag 9. M\u00e4rz wieder Ihre Pforten<\/strong><\/span><\/h2>\n<p><img loading=\"lazy\" decoding=\"async\" class=\"wp-image-1071 aligncenter\" src=\"https:\/\/gemeindebuechereikastl.de\/wp-content\/uploads\/2019\/10\/Ansicht-B\u00fccherei-1024x683.jpg\" alt=\"\" width=\"605\" height=\"403\" srcset=\"https:\/\/gemeindebuechereikastl.de\/wp-content\/uploads\/2019\/10\/Ansicht-B\u00fccherei-1024x683.jpg 1024w, https:\/\/gemeindebuechereikastl.de\/wp-content\/uploads\/2019\/10\/Ansicht-B\u00fccherei-300x200.jpg 300w, https:\/\/gemeindebuechereikastl.de\/wp-content\/uploads\/2019\/10\/Ansicht-B\u00fccherei-768x512.jpg 768w\" sizes=\"auto, (max-width: 605px) 100vw, 605px\" \/><\/p>\n<p>Nachdem wir im Dezember unsere B\u00fccherei wegen des Lockdowns im Dezember schlie\u00dfen mussten, d\u00fcrfen wir ab Dienstag 9. M\u00e4rz wieder pers\u00f6nlich f\u00fcr Sie da sein.<\/p>\n<p>Ab diesen Tag ist die Gemeindeb\u00fccherei wieder f\u00fcr alle Leser ge\u00f6ffnet und die Ausleihe von B\u00fcchern und Medien ist wieder zu den gewohnten \u00d6ffnungszeiten am Dienstag und Donnerstag von 17.00 bis 18.30 Uhr, sowie am Sonntag von 10.00 bis 11.30 Uhr m\u00f6glich.<\/p>\n<h5><span style=\"color: #993300;\">Trotz der \u00d6ffnung gibt es dennoch wieder Einschr\u00e4nkungen. <\/span><\/h5>\n<p><span style=\"color: #993300;\">* Es d\u00fcrfen sich w\u00e4hrend der Ausleizeit nur 7 Leser gleichzeitig in der B\u00fccherei befinden. Beachten Sie deshalb wieder unsere Eintrittsschilder im Eingangsbereich.<\/span><\/p>\n<p><span style=\"color: #993300;\">* Das Betreten der B\u00fccherei ist nur mit einer FFP2 &#8211; Maske gestattet<\/span><\/p>\n<h4 style=\"text-align: left;\"><span style=\"color: #ff6600;\"><strong><a href=\"https:\/\/gemeindebuechereikastl.de\/wp-content\/uploads\/2021\/03\/Regeln-Besucher.pdf\"><span style=\"color: #ff0000;\">Weitere Infos zu unserem Hygiene-Konzept finden sie hier!<\/span><\/a><\/strong><\/span><\/h4>\n<h4 style=\"text-align: left;\"><span style=\"color: #000000;\"><strong>Das B\u00fcchereiteam freut sich schon auf Ihr Kommen!!!!<\/strong><\/span><\/h4>\n","protected":false},"excerpt":{"rendered":"<p>Hurra, wir \u00f6ffnen wieder &#8211; Nach \u00fcber drei Monaten der Schlie\u00dfung \u00f6ffnet die Gemeindeb\u00fccherei Kastl ab Dienstag 9. M\u00e4rz wieder Ihre Pforten Nachdem wir im Dezember unsere B\u00fccherei wegen des Lockdowns im Dezember schlie\u00dfen mussten, d\u00fcrfen wir ab Dienstag 9. M\u00e4rz wieder pers\u00f6nlich f\u00fcr Sie da sein. Ab diesen Tag ist die Gemeindeb\u00fccherei wieder f\u00fcr &hellip; <\/p>\n<p><a class=\"more-link btn\" href=\"https:\/\/gemeindebuechereikastl.de\/?p=1958\">Weiterlesen<\/a><\/p>\n","protected":false},"author":1,"featured_media":770,"comment_status":"closed","ping_status":"closed","sticky":false,"template":"","format":"standard","meta":{"footnotes":""},"categories":[5],"tags":[233,64,155],"class_list":["post-1958","post","type-post","status-publish","format-standard","has-post-thumbnail","hentry","category-news","tag-ausleihe","tag-buechereiteam","tag-oeffnung","item-wrap"],"_links":{"self":[{"href":"https:\/\/gemeindebuechereikastl.de\/index.php?rest_route=\/wp\/v2\/posts\/1958","targetHints":{"allow":["GET"]}}],"collection":[{"href":"https:\/\/gemeindebuechereikastl.de\/index.php?rest_route=\/wp\/v2\/posts"}],"about":[{"href":"https:\/\/gemeindebuechereikastl.de\/index.php?rest_route=\/wp\/v2\/types\/post"}],"author":[{"embeddable":true,"href":"https:\/\/gemeindebuechereikastl.de\/index.php?rest_route=\/wp\/v2\/users\/1"}],"replies":[{"embeddable":true,"href":"https:\/\/gemeindebuechereikastl.de\/index.php?rest_route=%2Fwp%2Fv2%2Fcomments&post=1958"}],"version-history":[{"count":5,"href":"https:\/\/gemeindebuechereikastl.de\/index.php?rest_route=\/wp\/v2\/posts\/1958\/revisions"}],"predecessor-version":[{"id":1965,"href":"https:\/\/gemeindebuechereikastl.de\/index.php?rest_route=\/wp\/v2\/posts\/1958\/revisions\/1965"}],"wp:featuredmedia":[{"embeddable":true,"href":"https:\/\/gemeindebuechereikastl.de\/index.php?rest_route=\/wp\/v2\/media\/770"}],"wp:attachment":[{"href":"https:\/\/gemeindebuechereikastl.de\/index.php?rest_route=%2Fwp%2Fv2%2Fmedia&parent=1958"}],"wp:term":[{"taxonomy":"category","embeddable":true,"href":"https:\/\/gemeindebuechereikastl.de\/index.php?rest_route=%2Fwp%2Fv2%2Fcategories&post=1958"},{"taxonomy":"post_tag","embeddable":true,"href":"https:\/\/gemeindebuechereikastl.de\/index.php?rest_route=%2Fwp%2Fv2%2Ftags&post=1958"}],"curies":[{"name":"wp","href":"https:\/\/api.w.org\/{rel}","templated":true}]}}