{"id":1968,"date":"2021-03-24T15:28:36","date_gmt":"2021-03-24T15:28:36","guid":{"rendered":"https:\/\/gemeindebuechereikastl.de\/?p=1968"},"modified":"2021-03-24T15:45:04","modified_gmt":"2021-03-24T15:45:04","slug":"online-katalog-funktioniert-wieder","status":"publish","type":"post","link":"https:\/\/gemeindebuechereikastl.de\/?p=1968","title":{"rendered":"Online &#8211; Katalog funktioniert wieder!"},"content":{"rendered":"<h2 style=\"text-align: center;\"><span style=\"color: #ff6600;\"><strong>ONLINE &#8211; KATALOG ist wieder aktiv!<\/strong><\/span><\/h2>\n<p><img loading=\"lazy\" decoding=\"async\" class=\"wp-image-1970 aligncenter\" src=\"https:\/\/gemeindebuechereikastl.de\/wp-content\/uploads\/2021\/03\/Online-Katalog.jpg\" alt=\"\" width=\"580\" height=\"571\" srcset=\"https:\/\/gemeindebuechereikastl.de\/wp-content\/uploads\/2021\/03\/Online-Katalog.jpg 818w, https:\/\/gemeindebuechereikastl.de\/wp-content\/uploads\/2021\/03\/Online-Katalog-300x295.jpg 300w, https:\/\/gemeindebuechereikastl.de\/wp-content\/uploads\/2021\/03\/Online-Katalog-768x756.jpg 768w, https:\/\/gemeindebuechereikastl.de\/wp-content\/uploads\/2021\/03\/Online-Katalog-750x738.jpg 750w\" sizes=\"auto, (max-width: 580px) 100vw, 580px\" \/><\/p>\n<p>Da eine Datei in unserem B\u00fcchereiprogramm abgelaufen war, konnte unser Online-Katalog kurzfristig nicht aufgerufen werden . Das Problem ist jetzt behoben und unser <strong><a href=\"https:\/\/iopac.gemeindebuechereikastl.de\/iopac\/\">Online-Katalog<\/a> <\/strong>mit allen verf\u00fcgbaren B\u00fcchern und Medien sowie allen E-Books aus Leo Nord steht wieder allen zur Verf\u00fcgung.<\/p>\n<p>Es kann auch wieder der ganze Service (Suche nach Titeln, Autoren, Stichw\u00f6rtern usw. ; Reservierung von B\u00fcchern und Medien; Verl\u00e4ngerung und Verwaltung des eigenen Leserkontos) in unserm Online-Katalog genutzt werden.<\/p>\n","protected":false},"excerpt":{"rendered":"<p>ONLINE &#8211; KATALOG ist wieder aktiv! Da eine Datei in unserem B\u00fcchereiprogramm abgelaufen war, konnte unser Online-Katalog kurzfristig nicht aufgerufen werden . Das Problem ist jetzt behoben und unser Online-Katalog mit allen verf\u00fcgbaren B\u00fcchern und Medien sowie allen E-Books aus Leo Nord steht wieder allen zur Verf\u00fcgung. Es kann auch wieder der ganze Service (Suche &hellip; <\/p>\n<p><a class=\"more-link btn\" href=\"https:\/\/gemeindebuechereikastl.de\/?p=1968\">Weiterlesen<\/a><\/p>\n","protected":false},"author":1,"featured_media":1973,"comment_status":"closed","ping_status":"closed","sticky":false,"template":"","format":"standard","meta":{"footnotes":""},"categories":[5],"tags":[222],"class_list":["post-1968","post","type-post","status-publish","format-standard","has-post-thumbnail","hentry","category-news","tag-online-katalog","item-wrap"],"_links":{"self":[{"href":"https:\/\/gemeindebuechereikastl.de\/index.php?rest_route=\/wp\/v2\/posts\/1968","targetHints":{"allow":["GET"]}}],"collection":[{"href":"https:\/\/gemeindebuechereikastl.de\/index.php?rest_route=\/wp\/v2\/posts"}],"about":[{"href":"https:\/\/gemeindebuechereikastl.de\/index.php?rest_route=\/wp\/v2\/types\/post"}],"author":[{"embeddable":true,"href":"https:\/\/gemeindebuechereikastl.de\/index.php?rest_route=\/wp\/v2\/users\/1"}],"replies":[{"embeddable":true,"href":"https:\/\/gemeindebuechereikastl.de\/index.php?rest_route=%2Fwp%2Fv2%2Fcomments&post=1968"}],"version-history":[{"count":2,"href":"https:\/\/gemeindebuechereikastl.de\/index.php?rest_route=\/wp\/v2\/posts\/1968\/revisions"}],"predecessor-version":[{"id":1972,"href":"https:\/\/gemeindebuechereikastl.de\/index.php?rest_route=\/wp\/v2\/posts\/1968\/revisions\/1972"}],"wp:featuredmedia":[{"embeddable":true,"href":"https:\/\/gemeindebuechereikastl.de\/index.php?rest_route=\/wp\/v2\/media\/1973"}],"wp:attachment":[{"href":"https:\/\/gemeindebuechereikastl.de\/index.php?rest_route=%2Fwp%2Fv2%2Fmedia&parent=1968"}],"wp:term":[{"taxonomy":"category","embeddable":true,"href":"https:\/\/gemeindebuechereikastl.de\/index.php?rest_route=%2Fwp%2Fv2%2Fcategories&post=1968"},{"taxonomy":"post_tag","embeddable":true,"href":"https:\/\/gemeindebuechereikastl.de\/index.php?rest_route=%2Fwp%2Fv2%2Ftags&post=1968"}],"curies":[{"name":"wp","href":"https:\/\/api.w.org\/{rel}","templated":true}]}}