{"id":2006,"date":"2021-04-09T07:44:55","date_gmt":"2021-04-09T07:44:55","guid":{"rendered":"https:\/\/gemeindebuechereikastl.de\/?p=2006"},"modified":"2021-04-09T09:01:51","modified_gmt":"2021-04-09T09:01:51","slug":"buechereien-bleiben-weiterhin-geoeffnet","status":"publish","type":"post","link":"https:\/\/gemeindebuechereikastl.de\/?p=2006","title":{"rendered":"Gemeindeb\u00fccherei hat weiter f\u00fcr Sie ge\u00f6ffnet!"},"content":{"rendered":"<div class=\"row\">\n<div class=\"col-sm-12 col-xs-12\">\n<div class=\"vcms dd-shortcode-smb_headline \">\n<h2 class=\"h3\"><span style=\"color: #ff6600;\">B\u00fcchereien bleiben offen!<\/span><\/h2>\n<p><img loading=\"lazy\" decoding=\"async\" class=\" wp-image-1789 alignleft\" style=\"font-size: 24px;\" src=\"https:\/\/gemeindebuechereikastl.de\/wp-content\/uploads\/2020\/12\/eilmeldung-1024x640.jpg\" alt=\"\" width=\"416\" height=\"260\" srcset=\"https:\/\/gemeindebuechereikastl.de\/wp-content\/uploads\/2020\/12\/eilmeldung-1024x640.jpg 1024w, https:\/\/gemeindebuechereikastl.de\/wp-content\/uploads\/2020\/12\/eilmeldung-300x188.jpg 300w, https:\/\/gemeindebuechereikastl.de\/wp-content\/uploads\/2020\/12\/eilmeldung-768x480.jpg 768w, https:\/\/gemeindebuechereikastl.de\/wp-content\/uploads\/2020\/12\/eilmeldung-750x469.jpg 750w, https:\/\/gemeindebuechereikastl.de\/wp-content\/uploads\/2020\/12\/eilmeldung.jpg 1280w\" sizes=\"auto, (max-width: 416px) 100vw, 416px\" \/><\/p>\n<\/div>\n<p>Nach Bericht aus dem Bayerischen Ministerrat vom 7. April wird die Liste der inzidenzunabh\u00e4ngig offenen Betriebe verringert. Unter anderem werden Buch<i>handlungen<\/i>\u00a0wieder dem &#8222;sonstigen Einzelhandel&#8220; zugerechnet, f\u00fcr den Stufenkonzepte je nach regionaler Inzidenz gelten.<\/p>\n<p><b>B\u00fcchereien <\/b>werden im Bericht aber nicht erw\u00e4hnt. Nach unseren Informationen wird die Zuordnung von B\u00fcchereien zu den inzidenzunabh\u00e4ngig ge\u00f6ffneten Betrieben aus der 12. BayIfSMV somit\u00a0<b>nicht ge\u00e4ndert<\/b>. Dies best\u00e4tigt auch der Vorsitzende des Bayerischen Bibliotheksverbandes, Dr. Hopp, in einer Pressemitteilung.<br \/>\n<strong><a href=\"https:\/\/gemeindebuechereikastl.de\/wp-content\/uploads\/2021\/04\/210407-PM-BBV-Hopp.pdf\">Link zur Pressemitteilung von Hopp<\/a><\/strong><\/p>\n<\/div>\n<\/div>\n<div class=\"row\">\n<div class=\"col-sm-12 col-xs-12\">\n<div class=\"dd-shortcode-text\">\n<h4><span style=\"color: #ff0000;\"><strong>Das bedeutet f\u00fcr B\u00fcchereien\u00a0weiterhin:<\/strong><\/span><\/h4>\n<p><b>Nach \u00a7 22\u00a0<\/b>in Verbindung mit \u00a7\u00a7 12 Abs. 1 Satz 4 und Satz 2\u00a0\u00a0<b>d\u00fcrfen B\u00fcchereien unabh\u00e4ngig von der Inzidenz ge\u00f6ffnet bleiben<\/b>.<\/p>\n<h4><span style=\"color: #ff0000;\"><strong>Folgende Voraussetzungen gelten weiterhin f\u00fcr einen Besuch in der Gemeindeb\u00fccherei Kastl:<\/strong><\/span><\/h4>\n<ul>\n<li><b>Mindestabstand\u00a0<\/b>von 1,5 m zwischen den Besucher:innen muss eingehalten werden<\/li>\n<li><b>H\u00f6chstzahl der Besucher:innen<\/b> von insgesamt 7 Personen die sich gleichzeitig in unserer B\u00fccherei aufhalten d\u00fcrfen<\/li>\n<li>In den B\u00fcchereir\u00e4umen\u00a0 f\u00fcr das Personal <b>Maskenpflicht\u00a0<\/b>und f\u00fcr die Besucher:innen und ihre Begleitpersonen FFP2-Maskenpflicht. Hinter Schutzw\u00e4nden entf\u00e4llt die Maskenpflicht f\u00fcr das Personal. F\u00fcr Kinder zwischen dem 6. und 15. Lebensjahr gilt nur die einfache Maskenpflicht.<\/li>\n<\/ul>\n<p>Wir halten Sie \u00fcber die weiteren Entwicklungen auf dem Laufenden!<br \/>\nIhr B\u00fcchereiteam<\/p>\n<\/div>\n<\/div>\n<\/div>\n","protected":false},"excerpt":{"rendered":"<p>B\u00fcchereien bleiben offen! Nach Bericht aus dem Bayerischen Ministerrat vom 7. April wird die Liste der inzidenzunabh\u00e4ngig offenen Betriebe verringert. Unter anderem werden Buchhandlungen\u00a0wieder dem &#8222;sonstigen Einzelhandel&#8220; zugerechnet, f\u00fcr den Stufenkonzepte je nach regionaler Inzidenz gelten. B\u00fcchereien werden im Bericht aber nicht erw\u00e4hnt. Nach unseren Informationen wird die Zuordnung von B\u00fcchereien zu den inzidenzunabh\u00e4ngig ge\u00f6ffneten &hellip; <\/p>\n<p><a class=\"more-link btn\" href=\"https:\/\/gemeindebuechereikastl.de\/?p=2006\">Weiterlesen<\/a><\/p>\n","protected":false},"author":1,"featured_media":1789,"comment_status":"closed","ping_status":"closed","sticky":false,"template":"","format":"standard","meta":{"footnotes":""},"categories":[5],"tags":[154],"class_list":["post-2006","post","type-post","status-publish","format-standard","has-post-thumbnail","hentry","category-news","tag-geoeffnet","item-wrap"],"_links":{"self":[{"href":"https:\/\/gemeindebuechereikastl.de\/index.php?rest_route=\/wp\/v2\/posts\/2006","targetHints":{"allow":["GET"]}}],"collection":[{"href":"https:\/\/gemeindebuechereikastl.de\/index.php?rest_route=\/wp\/v2\/posts"}],"about":[{"href":"https:\/\/gemeindebuechereikastl.de\/index.php?rest_route=\/wp\/v2\/types\/post"}],"author":[{"embeddable":true,"href":"https:\/\/gemeindebuechereikastl.de\/index.php?rest_route=\/wp\/v2\/users\/1"}],"replies":[{"embeddable":true,"href":"https:\/\/gemeindebuechereikastl.de\/index.php?rest_route=%2Fwp%2Fv2%2Fcomments&post=2006"}],"version-history":[{"count":5,"href":"https:\/\/gemeindebuechereikastl.de\/index.php?rest_route=\/wp\/v2\/posts\/2006\/revisions"}],"predecessor-version":[{"id":2012,"href":"https:\/\/gemeindebuechereikastl.de\/index.php?rest_route=\/wp\/v2\/posts\/2006\/revisions\/2012"}],"wp:featuredmedia":[{"embeddable":true,"href":"https:\/\/gemeindebuechereikastl.de\/index.php?rest_route=\/wp\/v2\/media\/1789"}],"wp:attachment":[{"href":"https:\/\/gemeindebuechereikastl.de\/index.php?rest_route=%2Fwp%2Fv2%2Fmedia&parent=2006"}],"wp:term":[{"taxonomy":"category","embeddable":true,"href":"https:\/\/gemeindebuechereikastl.de\/index.php?rest_route=%2Fwp%2Fv2%2Fcategories&post=2006"},{"taxonomy":"post_tag","embeddable":true,"href":"https:\/\/gemeindebuechereikastl.de\/index.php?rest_route=%2Fwp%2Fv2%2Ftags&post=2006"}],"curies":[{"name":"wp","href":"https:\/\/api.w.org\/{rel}","templated":true}]}}