{"id":2013,"date":"2021-04-11T15:06:35","date_gmt":"2021-04-11T15:06:35","guid":{"rendered":"https:\/\/gemeindebuechereikastl.de\/?p=2013"},"modified":"2021-04-11T15:24:14","modified_gmt":"2021-04-11T15:24:14","slug":"los-gehts-ins-neue-gartenjahr","status":"publish","type":"post","link":"https:\/\/gemeindebuechereikastl.de\/?p=2013","title":{"rendered":"Los geht\u00b4s ins neue Gartenjahr"},"content":{"rendered":"<h2 style=\"text-align: center;\"><span style=\"color: #ff6600;\"><strong>Buchausstellung: Los geht\u00b4s ins neue Gartenjahr &#8211; Tipps und Geschichten rund um den Garten<\/strong><\/span><\/h2>\n<p><img loading=\"lazy\" decoding=\"async\" class=\"size-large wp-image-2015 aligncenter\" src=\"https:\/\/gemeindebuechereikastl.de\/wp-content\/uploads\/2021\/04\/Garten-2021-992x1024.jpg\" alt=\"\" width=\"750\" height=\"774\" srcset=\"https:\/\/gemeindebuechereikastl.de\/wp-content\/uploads\/2021\/04\/Garten-2021-992x1024.jpg 992w, https:\/\/gemeindebuechereikastl.de\/wp-content\/uploads\/2021\/04\/Garten-2021-291x300.jpg 291w, https:\/\/gemeindebuechereikastl.de\/wp-content\/uploads\/2021\/04\/Garten-2021-768x793.jpg 768w, https:\/\/gemeindebuechereikastl.de\/wp-content\/uploads\/2021\/04\/Garten-2021-1488x1536.jpg 1488w, https:\/\/gemeindebuechereikastl.de\/wp-content\/uploads\/2021\/04\/Garten-2021-1985x2048.jpg 1985w, https:\/\/gemeindebuechereikastl.de\/wp-content\/uploads\/2021\/04\/Garten-2021-750x774.jpg 750w\" sizes=\"auto, (max-width: 750px) 100vw, 750px\" \/><\/p>\n<p>Sie sind Gartenbau-Fachmann, Hobbyg\u00e4rtner oder Naturliebhaber und m\u00f6chten Aktuelles und Neues rund um den Garten kennenlernen? Dazu finden Sie Gartenbuchempfehlungen, gr\u00fcne Lesetipps einer begeisterten Hobbyg\u00e4rtnerin, von Gartengestaltung, Nachschlagewerken und Einzelbeschreibungen spezieller Kulturen bis hin zu erz\u00e4hlender Literatur f\u00fcr G\u00e4rtner(innen).<\/p>\n<p><img loading=\"lazy\" decoding=\"async\" class=\" wp-image-2018 alignleft\" src=\"https:\/\/gemeindebuechereikastl.de\/wp-content\/uploads\/2021\/04\/Gaertnern-1024x817.jpg\" alt=\"\" width=\"582\" height=\"464\" srcset=\"https:\/\/gemeindebuechereikastl.de\/wp-content\/uploads\/2021\/04\/Gaertnern-1024x817.jpg 1024w, https:\/\/gemeindebuechereikastl.de\/wp-content\/uploads\/2021\/04\/Gaertnern-300x239.jpg 300w, https:\/\/gemeindebuechereikastl.de\/wp-content\/uploads\/2021\/04\/Gaertnern-768x613.jpg 768w, https:\/\/gemeindebuechereikastl.de\/wp-content\/uploads\/2021\/04\/Gaertnern-750x599.jpg 750w, https:\/\/gemeindebuechereikastl.de\/wp-content\/uploads\/2021\/04\/Gaertnern.jpg 1036w\" sizes=\"auto, (max-width: 582px) 100vw, 582px\" \/>Wenn Sie gezielt B\u00fccher \u00fcber bestimmte Pflanzen suchen (sei es botanisch, kulturell, kulinarisch oder k\u00fcnstlerisch) und Sie unsicher sind, in welches Buch f\u00fcr Sie das richtige ist, unser Angebot hilft Ihnen dabei.<\/p>\n<p>Neben den B\u00fcchern mit Tipps und Geschichten rund um den Garten in unserer Ausstellung, finden sie weiter eine gro\u00dfe Auswahl in unseren Regalen oder bei den Zeitschriften (Kraut &amp; R\u00fcben, mein sch\u00f6ner Garten, Ratgeber, Landlust, usw.).<\/p>\n<h4 style=\"text-align: center;\"><span style=\"color: #008000;\">Kommen sie einfach bei der n\u00e4chsten \u00d6ffnungszeit bei uns vorbei und entdecken die Vielfalt unserer Gartenb\u00fccher. Oder vorab in unserem<br \/>\n<strong><span style=\"color: #ff0000;\"><a style=\"color: #ff0000;\" href=\"https:\/\/iopac.gemeindebuechereikastl.de\/iopac\/\">ONLINE-KATALOG<\/a><\/span><br \/>\n<\/strong><\/span><span style=\"color: #008000;\">\u00a0 unter den Stichworten: G\u00e4rtnern, Gartengestaltung, Gartenpflanzen usw.<\/span><\/h4>\n<p>&nbsp;<\/p>\n","protected":false},"excerpt":{"rendered":"<p>Buchausstellung: Los geht\u00b4s ins neue Gartenjahr &#8211; Tipps und Geschichten rund um den Garten Sie sind Gartenbau-Fachmann, Hobbyg\u00e4rtner oder Naturliebhaber und m\u00f6chten Aktuelles und Neues rund um den Garten kennenlernen? Dazu finden Sie Gartenbuchempfehlungen, gr\u00fcne Lesetipps einer begeisterten Hobbyg\u00e4rtnerin, von Gartengestaltung, Nachschlagewerken und Einzelbeschreibungen spezieller Kulturen bis hin zu erz\u00e4hlender Literatur f\u00fcr G\u00e4rtner(innen). Wenn Sie &hellip; <\/p>\n<p><a class=\"more-link btn\" href=\"https:\/\/gemeindebuechereikastl.de\/?p=2013\">Weiterlesen<\/a><\/p>\n","protected":false},"author":1,"featured_media":2015,"comment_status":"closed","ping_status":"closed","sticky":false,"template":"","format":"standard","meta":{"footnotes":""},"categories":[5],"tags":[194,235,236,237],"class_list":["post-2013","post","type-post","status-publish","format-standard","has-post-thumbnail","hentry","category-news","tag-buchausstellung","tag-garten","tag-gaertnern","tag-pflanzen","item-wrap"],"_links":{"self":[{"href":"https:\/\/gemeindebuechereikastl.de\/index.php?rest_route=\/wp\/v2\/posts\/2013","targetHints":{"allow":["GET"]}}],"collection":[{"href":"https:\/\/gemeindebuechereikastl.de\/index.php?rest_route=\/wp\/v2\/posts"}],"about":[{"href":"https:\/\/gemeindebuechereikastl.de\/index.php?rest_route=\/wp\/v2\/types\/post"}],"author":[{"embeddable":true,"href":"https:\/\/gemeindebuechereikastl.de\/index.php?rest_route=\/wp\/v2\/users\/1"}],"replies":[{"embeddable":true,"href":"https:\/\/gemeindebuechereikastl.de\/index.php?rest_route=%2Fwp%2Fv2%2Fcomments&post=2013"}],"version-history":[{"count":3,"href":"https:\/\/gemeindebuechereikastl.de\/index.php?rest_route=\/wp\/v2\/posts\/2013\/revisions"}],"predecessor-version":[{"id":2020,"href":"https:\/\/gemeindebuechereikastl.de\/index.php?rest_route=\/wp\/v2\/posts\/2013\/revisions\/2020"}],"wp:featuredmedia":[{"embeddable":true,"href":"https:\/\/gemeindebuechereikastl.de\/index.php?rest_route=\/wp\/v2\/media\/2015"}],"wp:attachment":[{"href":"https:\/\/gemeindebuechereikastl.de\/index.php?rest_route=%2Fwp%2Fv2%2Fmedia&parent=2013"}],"wp:term":[{"taxonomy":"category","embeddable":true,"href":"https:\/\/gemeindebuechereikastl.de\/index.php?rest_route=%2Fwp%2Fv2%2Fcategories&post=2013"},{"taxonomy":"post_tag","embeddable":true,"href":"https:\/\/gemeindebuechereikastl.de\/index.php?rest_route=%2Fwp%2Fv2%2Ftags&post=2013"}],"curies":[{"name":"wp","href":"https:\/\/api.w.org\/{rel}","templated":true}]}}