{"id":2022,"date":"2021-05-01T15:56:45","date_gmt":"2021-05-01T15:56:45","guid":{"rendered":"https:\/\/gemeindebuechereikastl.de\/?p=2022"},"modified":"2021-05-01T15:57:35","modified_gmt":"2021-05-01T15:57:35","slug":"geschichten-und-aktionen-rund-um-den-garten-fuer-kinder","status":"publish","type":"post","link":"https:\/\/gemeindebuechereikastl.de\/?p=2022","title":{"rendered":"Geschichten und Aktionen rund um den Garten f\u00fcr Kinder"},"content":{"rendered":"<h2 style=\"text-align: center;\"><span style=\"color: #ff6600;\"><strong>Ausstellung mit B\u00fcchern zu G\u00e4rtnern f\u00fcr Kinder<\/strong><\/span><\/h2>\n<p><img loading=\"lazy\" decoding=\"async\" class=\"size-large wp-image-2025 aligncenter\" src=\"https:\/\/gemeindebuechereikastl.de\/wp-content\/uploads\/2021\/05\/Garten-Kinder-904x1024.jpg\" alt=\"\" width=\"750\" height=\"850\" srcset=\"https:\/\/gemeindebuechereikastl.de\/wp-content\/uploads\/2021\/05\/Garten-Kinder-904x1024.jpg 904w, https:\/\/gemeindebuechereikastl.de\/wp-content\/uploads\/2021\/05\/Garten-Kinder-265x300.jpg 265w, https:\/\/gemeindebuechereikastl.de\/wp-content\/uploads\/2021\/05\/Garten-Kinder-768x870.jpg 768w, https:\/\/gemeindebuechereikastl.de\/wp-content\/uploads\/2021\/05\/Garten-Kinder-1357x1536.jpg 1357w, https:\/\/gemeindebuechereikastl.de\/wp-content\/uploads\/2021\/05\/Garten-Kinder-750x849.jpg 750w, https:\/\/gemeindebuechereikastl.de\/wp-content\/uploads\/2021\/05\/Garten-Kinder.jpg 1761w\" sizes=\"auto, (max-width: 750px) 100vw, 750px\" \/><br \/>\nNeben den Gartenbuch Empfehlungen f\u00fcr die Erwachsenen hat das Team auch ein breites Angebot an Gartenb\u00fcchern f\u00fcr Kinder. Hier gibt es Tipps wie man mit Kinder G\u00e4rtnern kann, B\u00fccher \u00fcber die Pflanzen und Tiere im Garten (Bienen und Insekten), sowie Bastelanleitungen mit Material aus dem Garten.<\/p>\n<p>Die Ausstellung zeigt nur einen Teil unseres Angebotes. Weitere tolle B\u00fccher zu den Themen Garten und Tiere f\u00fcr Kinder sind in der B\u00fccherei noch zu entdecken.<\/p>\n<h4><strong>Infos vorab wie immer in unserem \u00a0<a href=\"https:\/\/iopac.gemeindebuechereikastl.de\/iopac\/\">ONLINE-KATALOG<\/a>\u00a0 hier auf unserer Homepage!<\/strong><\/h4>\n","protected":false},"excerpt":{"rendered":"<p>Ausstellung mit B\u00fcchern zu G\u00e4rtnern f\u00fcr Kinder Neben den Gartenbuch Empfehlungen f\u00fcr die Erwachsenen hat das Team auch ein breites Angebot an Gartenb\u00fcchern f\u00fcr Kinder. Hier gibt es Tipps wie man mit Kinder G\u00e4rtnern kann, B\u00fccher \u00fcber die Pflanzen und Tiere im Garten (Bienen und Insekten), sowie Bastelanleitungen mit Material aus dem Garten. Die Ausstellung &hellip; <\/p>\n<p><a class=\"more-link btn\" href=\"https:\/\/gemeindebuechereikastl.de\/?p=2022\">Weiterlesen<\/a><\/p>\n","protected":false},"author":1,"featured_media":2025,"comment_status":"closed","ping_status":"closed","sticky":false,"template":"","format":"standard","meta":{"footnotes":""},"categories":[5],"tags":[239,235,238,236,69],"class_list":["post-2022","post","type-post","status-publish","format-standard","has-post-thumbnail","hentry","category-news","tag-basteln","tag-garten","tag-gartenbuecher","tag-gaertnern","tag-tiere","item-wrap"],"_links":{"self":[{"href":"https:\/\/gemeindebuechereikastl.de\/index.php?rest_route=\/wp\/v2\/posts\/2022","targetHints":{"allow":["GET"]}}],"collection":[{"href":"https:\/\/gemeindebuechereikastl.de\/index.php?rest_route=\/wp\/v2\/posts"}],"about":[{"href":"https:\/\/gemeindebuechereikastl.de\/index.php?rest_route=\/wp\/v2\/types\/post"}],"author":[{"embeddable":true,"href":"https:\/\/gemeindebuechereikastl.de\/index.php?rest_route=\/wp\/v2\/users\/1"}],"replies":[{"embeddable":true,"href":"https:\/\/gemeindebuechereikastl.de\/index.php?rest_route=%2Fwp%2Fv2%2Fcomments&post=2022"}],"version-history":[{"count":2,"href":"https:\/\/gemeindebuechereikastl.de\/index.php?rest_route=\/wp\/v2\/posts\/2022\/revisions"}],"predecessor-version":[{"id":2027,"href":"https:\/\/gemeindebuechereikastl.de\/index.php?rest_route=\/wp\/v2\/posts\/2022\/revisions\/2027"}],"wp:featuredmedia":[{"embeddable":true,"href":"https:\/\/gemeindebuechereikastl.de\/index.php?rest_route=\/wp\/v2\/media\/2025"}],"wp:attachment":[{"href":"https:\/\/gemeindebuechereikastl.de\/index.php?rest_route=%2Fwp%2Fv2%2Fmedia&parent=2022"}],"wp:term":[{"taxonomy":"category","embeddable":true,"href":"https:\/\/gemeindebuechereikastl.de\/index.php?rest_route=%2Fwp%2Fv2%2Fcategories&post=2022"},{"taxonomy":"post_tag","embeddable":true,"href":"https:\/\/gemeindebuechereikastl.de\/index.php?rest_route=%2Fwp%2Fv2%2Ftags&post=2022"}],"curies":[{"name":"wp","href":"https:\/\/api.w.org\/{rel}","templated":true}]}}