{"id":2028,"date":"2021-05-01T16:15:06","date_gmt":"2021-05-01T16:15:06","guid":{"rendered":"https:\/\/gemeindebuechereikastl.de\/?p=2028"},"modified":"2021-05-01T16:16:34","modified_gmt":"2021-05-01T16:16:34","slug":"literarisch-musikalische-maerchenimpulse-im-wonnemonat-mai","status":"publish","type":"post","link":"https:\/\/gemeindebuechereikastl.de\/?p=2028","title":{"rendered":"Literarisch-musikalische M\u00e4rchenimpulse im Wonnemonat Mai &#8211; Online via zoom"},"content":{"rendered":"<h2 style=\"text-align: center;\"><span style=\"color: #ff6600;\">Erz\u00e4hl mir von Liebe, Lust und Leidenschaft<\/span><\/h2>\n<h3 style=\"text-align: center;\">Der Mai 2021 wird m\u00e4rchenhaft! Die beliebte M\u00e4rchenerz\u00e4hlerin Karola Graf wird uns an drei Terminen zusammen mit der Violinistin Maria, das Fr\u00fchjahr mit M\u00e4rchen zu Liebe, Lust und Leidenschaft zu vers\u00fc\u00dfen.<\/h3>\n<p><img loading=\"lazy\" decoding=\"async\" class=\"size-full wp-image-2029 aligncenter\" src=\"https:\/\/gemeindebuechereikastl.de\/wp-content\/uploads\/2021\/05\/Maerchenlesungen.jpg\" alt=\"\" width=\"979\" height=\"833\" \/><\/p>\n<h3 style=\"text-align: center;\">Literarisch-musikalische M\u00e4rchenimpulse im Wonnemonat Mai mit der M\u00e4rchenerz\u00e4hlerin Karola Graf und der Violinistin Maria Hussong<\/h3>\n<p>Vor f\u00fcnf Jahren wurde das M\u00e4rchenerz\u00e4hlen von der Unesco in das Bundesweite Verzeichnis des immateriellen Kulturerbes aufgenommen. M\u00e4rchen erz\u00e4hlen von existentiellen Themen, die Menschen aller Kulturen gleicherma\u00dfen bewegen. Sie stiften Gemeinschaft und lassen uns Freud und Leid miteinander erleben.<\/p>\n<p>Die beliebte M\u00e4rchenerz\u00e4hlerin Karola Graf hat es sich in Zusammenarbeit mit der Violinistin Maria Hussong zur Aufgabe gemacht, uns das Fr\u00fchjahr mit M\u00e4rchen zu Liebe, Lust und Leidenschaft zu vers\u00fc\u00dfen. Sie erz\u00e4hlt von M\u00fcttern \u2013 auch f\u00fcr V\u00e4ter, sp\u00fcrt Fr\u00fchlingsgef\u00fchlen nach und st\u00f6bert Hexen und wilde Weiber f\u00fcr uns auf. Maria Hussong antwortet ihr auf der Violine. Sie konzertiert regelm\u00e4\u00dfig solistisch und ist als Mitglied des Orchesters Klanglust Kulturf\u00f6rderpreistr\u00e4gerin der Stadt F\u00fcrth.<\/p>\n<h3 style=\"text-align: center;\"><span style=\"color: #ff0000;\"><b>Termine:<\/b><\/span><\/h3>\n<h4 style=\"text-align: center;\"><span style=\"color: #ff0000;\"><b>07. Mai, 19:00 Uhr:\u00a0 M\u00e4rchen von M\u00fcttern &amp; auch f\u00fcr V\u00e4ter<br \/>\n14. Mai, 19:00 Uhr:\u00a0 M\u00e4rchen, die Fr\u00fchlingsgef\u00fchle wecken<br \/>\n20. Mai, 19:00 Uhr:\u00a0 M\u00e4rchen von Hexen und wilden Weibern<\/b><\/span><\/h4>\n<h4 style=\"text-align: center;\">Einwahldaten erhalten Sie bei der Gesch\u00e4ftsstelle der Akademie. Anmeldungen per Mail unter: \u00a0<a href=\"mailto:\/\/josef.roessner@akademie-kjl.de\" target=\"_blank\" rel=\"noopener\">josef.roessner@akademie-kjl.de<\/a><\/h4>\n","protected":false},"excerpt":{"rendered":"<p>Erz\u00e4hl mir von Liebe, Lust und Leidenschaft Der Mai 2021 wird m\u00e4rchenhaft! Die beliebte M\u00e4rchenerz\u00e4hlerin Karola Graf wird uns an drei Terminen zusammen mit der Violinistin Maria, das Fr\u00fchjahr mit M\u00e4rchen zu Liebe, Lust und Leidenschaft zu vers\u00fc\u00dfen. Literarisch-musikalische M\u00e4rchenimpulse im Wonnemonat Mai mit der M\u00e4rchenerz\u00e4hlerin Karola Graf und der Violinistin Maria Hussong Vor f\u00fcnf &hellip; <\/p>\n<p><a class=\"more-link btn\" href=\"https:\/\/gemeindebuechereikastl.de\/?p=2028\">Weiterlesen<\/a><\/p>\n","protected":false},"author":1,"featured_media":0,"comment_status":"closed","ping_status":"closed","sticky":false,"template":"","format":"standard","meta":{"footnotes":""},"categories":[5],"tags":[241,242,240,243,232],"class_list":["post-2028","post","type-post","status-publish","format-standard","hentry","category-news","tag-lesung","tag-literatur","tag-maerchen","tag-musik","tag-online-lesungen","item-wrap"],"_links":{"self":[{"href":"https:\/\/gemeindebuechereikastl.de\/index.php?rest_route=\/wp\/v2\/posts\/2028","targetHints":{"allow":["GET"]}}],"collection":[{"href":"https:\/\/gemeindebuechereikastl.de\/index.php?rest_route=\/wp\/v2\/posts"}],"about":[{"href":"https:\/\/gemeindebuechereikastl.de\/index.php?rest_route=\/wp\/v2\/types\/post"}],"author":[{"embeddable":true,"href":"https:\/\/gemeindebuechereikastl.de\/index.php?rest_route=\/wp\/v2\/users\/1"}],"replies":[{"embeddable":true,"href":"https:\/\/gemeindebuechereikastl.de\/index.php?rest_route=%2Fwp%2Fv2%2Fcomments&post=2028"}],"version-history":[{"count":3,"href":"https:\/\/gemeindebuechereikastl.de\/index.php?rest_route=\/wp\/v2\/posts\/2028\/revisions"}],"predecessor-version":[{"id":2032,"href":"https:\/\/gemeindebuechereikastl.de\/index.php?rest_route=\/wp\/v2\/posts\/2028\/revisions\/2032"}],"wp:attachment":[{"href":"https:\/\/gemeindebuechereikastl.de\/index.php?rest_route=%2Fwp%2Fv2%2Fmedia&parent=2028"}],"wp:term":[{"taxonomy":"category","embeddable":true,"href":"https:\/\/gemeindebuechereikastl.de\/index.php?rest_route=%2Fwp%2Fv2%2Fcategories&post=2028"},{"taxonomy":"post_tag","embeddable":true,"href":"https:\/\/gemeindebuechereikastl.de\/index.php?rest_route=%2Fwp%2Fv2%2Ftags&post=2028"}],"curies":[{"name":"wp","href":"https:\/\/api.w.org\/{rel}","templated":true}]}}