{"id":2033,"date":"2021-05-05T11:39:44","date_gmt":"2021-05-05T11:39:44","guid":{"rendered":"https:\/\/gemeindebuechereikastl.de\/?p=2033"},"modified":"2021-05-05T11:43:02","modified_gmt":"2021-05-05T11:43:02","slug":"erfinder-von-findus-sven-nordqvst-feiert-75-geburtstag","status":"publish","type":"post","link":"https:\/\/gemeindebuechereikastl.de\/?p=2033","title":{"rendered":"Erfinder von Petterson und Findus &#8211; Sven Nordqvst &#8211; feiert 75. Geburtstag"},"content":{"rendered":"<div class=\"page-header\">\n<h2 style=\"text-align: center;\"><span style=\"color: #ff6600;\"><strong>Sven Nordqvist &#8211; Mehr als nur Petterson und Findus<\/strong><\/span><\/h2>\n<p><img loading=\"lazy\" decoding=\"async\" class=\"size-full wp-image-2034 aligncenter\" src=\"https:\/\/gemeindebuechereikastl.de\/wp-content\/uploads\/2021\/05\/Nordqvist.jpg\" alt=\"\" width=\"600\" height=\"200\" srcset=\"https:\/\/gemeindebuechereikastl.de\/wp-content\/uploads\/2021\/05\/Nordqvist.jpg 600w, https:\/\/gemeindebuechereikastl.de\/wp-content\/uploads\/2021\/05\/Nordqvist-300x100.jpg 300w\" sizes=\"auto, (max-width: 600px) 100vw, 600px\" \/><\/p>\n<div class=\"longdesc--wrapper\">\n<div class=\"longdesc--wrapper\">\n<p align=\"left\">Sven Nordqvist ist einer der beliebtesten und erfolgreichsten Bilderbuch-K\u00fcnstler im skandinavischen Raum und in Deutschland.<img loading=\"lazy\" decoding=\"async\" class=\"wp-image-2036 alignright\" src=\"https:\/\/gemeindebuechereikastl.de\/wp-content\/uploads\/2021\/05\/Sven-Nordquist-945x1024.jpg\" alt=\"\" width=\"419\" height=\"454\" srcset=\"https:\/\/gemeindebuechereikastl.de\/wp-content\/uploads\/2021\/05\/Sven-Nordquist-945x1024.jpg 945w, https:\/\/gemeindebuechereikastl.de\/wp-content\/uploads\/2021\/05\/Sven-Nordquist-277x300.jpg 277w, https:\/\/gemeindebuechereikastl.de\/wp-content\/uploads\/2021\/05\/Sven-Nordquist-768x833.jpg 768w, https:\/\/gemeindebuechereikastl.de\/wp-content\/uploads\/2021\/05\/Sven-Nordquist-1417x1536.jpg 1417w, https:\/\/gemeindebuechereikastl.de\/wp-content\/uploads\/2021\/05\/Sven-Nordquist-1889x2048.jpg 1889w, https:\/\/gemeindebuechereikastl.de\/wp-content\/uploads\/2021\/05\/Sven-Nordquist-750x813.jpg 750w, https:\/\/gemeindebuechereikastl.de\/wp-content\/uploads\/2021\/05\/Sven-Nordquist.jpg 2012w\" sizes=\"auto, (max-width: 419px) 100vw, 419px\" \/>\u00a0Er wurde 1946 im s\u00fcdschwedischen Helsingborg geboren. 1983 gewann er den ersten Preis in einem Kinderbuch-Wettbewerb. 1984 erschien sein Bilderbuch \u00bbEine Geburtstagstorte f\u00fcr die Katze\u00ab und machte ihn sehr schnell bekannt. Inzwischen lieben kleine und gro\u00dfe Fans auf der ganzen Welt den erfindungsreichen Pettersson und seinen neugierigen Kater Findus, in B\u00fcchern ebenso wie auf der B\u00fchne und der Kinoleinwand. Sven Nordqvist hat viele renommierte Preise f\u00fcr seine Arbeit erhalten, u.a. den Deutschen Jugendliteraturpreis und den schwedischen Astrid Lindgren-Preis f\u00fcr sein Gesamtwerk.<\/p>\n<\/div>\n<p align=\"left\">Der schwedische Autor und Zeichner schrieb nicht nur Petterson und Findus sondern auch andere B\u00fccher oder arbeitete mit.<br \/>\nEr zeichnete und malte Bilder rund um die Kuh Mama Muh.<\/p>\n<p align=\"left\">Aufgrund seines 75. Geburtstages, hat das B\u00fcchereiteam eine Ausstellung die B\u00fccher, H\u00f6rb\u00fccher, DVDs und Tonies mit den Geschichten von Sven Nordqvist zusammengestellt. Neben den B\u00fcchern und Medien in der Ausstellung gibt es noch viele weitere B\u00fccher von Sven Nordqvist in der B\u00fccherei und auf <strong><a href=\"https:\/\/leo-nord.onleihe.de\/\">LEO-NORD<\/a><\/strong> zu entdecken.<\/p>\n<\/div>\n<\/div>\n","protected":false},"excerpt":{"rendered":"<p>Sven Nordqvist &#8211; Mehr als nur Petterson und Findus Sven Nordqvist ist einer der beliebtesten und erfolgreichsten Bilderbuch-K\u00fcnstler im skandinavischen Raum und in Deutschland.\u00a0Er wurde 1946 im s\u00fcdschwedischen Helsingborg geboren. 1983 gewann er den ersten Preis in einem Kinderbuch-Wettbewerb. 1984 erschien sein Bilderbuch \u00bbEine Geburtstagstorte f\u00fcr die Katze\u00ab und machte ihn sehr schnell bekannt. Inzwischen &hellip; <\/p>\n<p><a class=\"more-link btn\" href=\"https:\/\/gemeindebuechereikastl.de\/?p=2033\">Weiterlesen<\/a><\/p>\n","protected":false},"author":1,"featured_media":2034,"comment_status":"closed","ping_status":"closed","sticky":false,"template":"","format":"standard","meta":{"footnotes":""},"categories":[5],"tags":[192,194,244,245],"class_list":["post-2033","post","type-post","status-publish","format-standard","has-post-thumbnail","hentry","category-news","tag-ausstellung","tag-buchausstellung","tag-geburtstag","tag-sven-nordqvist","item-wrap"],"_links":{"self":[{"href":"https:\/\/gemeindebuechereikastl.de\/index.php?rest_route=\/wp\/v2\/posts\/2033","targetHints":{"allow":["GET"]}}],"collection":[{"href":"https:\/\/gemeindebuechereikastl.de\/index.php?rest_route=\/wp\/v2\/posts"}],"about":[{"href":"https:\/\/gemeindebuechereikastl.de\/index.php?rest_route=\/wp\/v2\/types\/post"}],"author":[{"embeddable":true,"href":"https:\/\/gemeindebuechereikastl.de\/index.php?rest_route=\/wp\/v2\/users\/1"}],"replies":[{"embeddable":true,"href":"https:\/\/gemeindebuechereikastl.de\/index.php?rest_route=%2Fwp%2Fv2%2Fcomments&post=2033"}],"version-history":[{"count":3,"href":"https:\/\/gemeindebuechereikastl.de\/index.php?rest_route=\/wp\/v2\/posts\/2033\/revisions"}],"predecessor-version":[{"id":2039,"href":"https:\/\/gemeindebuechereikastl.de\/index.php?rest_route=\/wp\/v2\/posts\/2033\/revisions\/2039"}],"wp:featuredmedia":[{"embeddable":true,"href":"https:\/\/gemeindebuechereikastl.de\/index.php?rest_route=\/wp\/v2\/media\/2034"}],"wp:attachment":[{"href":"https:\/\/gemeindebuechereikastl.de\/index.php?rest_route=%2Fwp%2Fv2%2Fmedia&parent=2033"}],"wp:term":[{"taxonomy":"category","embeddable":true,"href":"https:\/\/gemeindebuechereikastl.de\/index.php?rest_route=%2Fwp%2Fv2%2Fcategories&post=2033"},{"taxonomy":"post_tag","embeddable":true,"href":"https:\/\/gemeindebuechereikastl.de\/index.php?rest_route=%2Fwp%2Fv2%2Ftags&post=2033"}],"curies":[{"name":"wp","href":"https:\/\/api.w.org\/{rel}","templated":true}]}}