{"id":2048,"date":"2021-05-25T12:28:06","date_gmt":"2021-05-25T12:28:06","guid":{"rendered":"https:\/\/gemeindebuechereikastl.de\/?p=2048"},"modified":"2021-05-25T12:43:43","modified_gmt":"2021-05-25T12:43:43","slug":"neuer-lesestoff-in-der-buecherei-eingetroffen","status":"publish","type":"post","link":"https:\/\/gemeindebuechereikastl.de\/?p=2048","title":{"rendered":"Neuer Lesestoff in der B\u00fccherei eingetroffen"},"content":{"rendered":"<h2 style=\"text-align: center;\"><span style=\"color: #ff6600;\"><strong>Neue aktuelle Kinderb\u00fccher, Romane und Sachb\u00fccher gibt es ab sofort zum Entleihen!<\/strong><\/span><\/h2>\n<p style=\"text-align: center;\"><strong>Rechtzeitig zu Beginn der Pfingstferien pr\u00e4sentiert das Team wieder diverse neue B\u00fccher und Medien. Im Erdgeschoss die neuen Kinder- und Kindersachb\u00fccher und im Obergeschoss f\u00fcr Erwachsene die neuen Romane und Sachb\u00fccher.<\/strong><\/p>\n<p><img loading=\"lazy\" decoding=\"async\" class=\" wp-image-2049 aligncenter\" src=\"https:\/\/gemeindebuechereikastl.de\/wp-content\/uploads\/2021\/05\/kinderbuecher-5-21-830x1024.jpg\" alt=\"\" width=\"689\" height=\"851\" srcset=\"https:\/\/gemeindebuechereikastl.de\/wp-content\/uploads\/2021\/05\/kinderbuecher-5-21-830x1024.jpg 830w, https:\/\/gemeindebuechereikastl.de\/wp-content\/uploads\/2021\/05\/kinderbuecher-5-21-243x300.jpg 243w, https:\/\/gemeindebuechereikastl.de\/wp-content\/uploads\/2021\/05\/kinderbuecher-5-21-768x948.jpg 768w, https:\/\/gemeindebuechereikastl.de\/wp-content\/uploads\/2021\/05\/kinderbuecher-5-21-1244x1536.jpg 1244w, https:\/\/gemeindebuechereikastl.de\/wp-content\/uploads\/2021\/05\/kinderbuecher-5-21-1659x2048.jpg 1659w, https:\/\/gemeindebuechereikastl.de\/wp-content\/uploads\/2021\/05\/kinderbuecher-5-21-750x926.jpg 750w\" sizes=\"auto, (max-width: 689px) 100vw, 689px\" \/><\/p>\n<p style=\"text-align: center;\">Im Erdgeschoss sind die neuen Bilderb\u00fccher, Erstleseb\u00fccher und auch Fortsetzungen beliebter Kinderbuchreihen zu sehen. Auch neue Tonies und ein spezielles Oberpfalz-Memorie ist dabei. Ebenfalls unter den neuen B\u00fcchern sind auch interessante Kindersachb\u00fccher zu entdecken.<\/p>\n<p><img loading=\"lazy\" decoding=\"async\" class=\" wp-image-2050 aligncenter\" src=\"https:\/\/gemeindebuechereikastl.de\/wp-content\/uploads\/2021\/05\/romane-5-21-1024x891.jpg\" alt=\"\" width=\"688\" height=\"598\" srcset=\"https:\/\/gemeindebuechereikastl.de\/wp-content\/uploads\/2021\/05\/romane-5-21-1024x891.jpg 1024w, https:\/\/gemeindebuechereikastl.de\/wp-content\/uploads\/2021\/05\/romane-5-21-300x261.jpg 300w, https:\/\/gemeindebuechereikastl.de\/wp-content\/uploads\/2021\/05\/romane-5-21-768x668.jpg 768w, https:\/\/gemeindebuechereikastl.de\/wp-content\/uploads\/2021\/05\/romane-5-21-1536x1336.jpg 1536w, https:\/\/gemeindebuechereikastl.de\/wp-content\/uploads\/2021\/05\/romane-5-21-2048x1782.jpg 2048w, https:\/\/gemeindebuechereikastl.de\/wp-content\/uploads\/2021\/05\/romane-5-21-750x653.jpg 750w\" sizes=\"auto, (max-width: 688px) 100vw, 688px\" \/><\/p>\n<p style=\"text-align: center;\">Im Obergeschoss pr\u00e4sentiert das B\u00fcchereiteam die neuen Romane mit den diversen B\u00fcchern aus den Bestsellerlisten. Auch ein paar interessante Sachb\u00fccher gibt es hier zu entdecken.<\/p>\n<p style=\"text-align: center;\"><strong style=\"color: #ff0000;\"><a style=\"color: #ff0000;\" href=\"https:\/\/iopac.gemeindebuechereikastl.de\/iopac\/\">Alle Infos \u00fcber unsere neuen B\u00fccher und Medien finden sie vorab in unserem<\/a><br \/>\n<\/strong><strong style=\"color: #ff0000;\"><a style=\"color: #ff0000;\" href=\"https:\/\/iopac.gemeindebuechereikastl.de\/iopac\/\">ONLINE \u2013 KATALOG\u00a0 unter \u201eNeue Tite<\/a><\/strong><strong style=\"color: #ff0000;\"><a style=\"color: #ff0000;\" href=\"https:\/\/iopac.gemeindebuechereikastl.de\/iopac\/\">l\u201c\u00a0<\/a><\/strong><\/p>\n","protected":false},"excerpt":{"rendered":"<p>Neue aktuelle Kinderb\u00fccher, Romane und Sachb\u00fccher gibt es ab sofort zum Entleihen! Rechtzeitig zu Beginn der Pfingstferien pr\u00e4sentiert das Team wieder diverse neue B\u00fccher und Medien. Im Erdgeschoss die neuen Kinder- und Kindersachb\u00fccher und im Obergeschoss f\u00fcr Erwachsene die neuen Romane und Sachb\u00fccher. Im Erdgeschoss sind die neuen Bilderb\u00fccher, Erstleseb\u00fccher und auch Fortsetzungen beliebter Kinderbuchreihen &hellip; <\/p>\n<p><a class=\"more-link btn\" href=\"https:\/\/gemeindebuechereikastl.de\/?p=2048\">Weiterlesen<\/a><\/p>\n","protected":false},"author":1,"featured_media":2050,"comment_status":"closed","ping_status":"closed","sticky":false,"template":"","format":"standard","meta":{"footnotes":""},"categories":[5],"tags":[192,85,86],"class_list":["post-2048","post","type-post","status-publish","format-standard","has-post-thumbnail","hentry","category-news","tag-ausstellung","tag-neue-buecher","tag-neue-medien","item-wrap"],"_links":{"self":[{"href":"https:\/\/gemeindebuechereikastl.de\/index.php?rest_route=\/wp\/v2\/posts\/2048","targetHints":{"allow":["GET"]}}],"collection":[{"href":"https:\/\/gemeindebuechereikastl.de\/index.php?rest_route=\/wp\/v2\/posts"}],"about":[{"href":"https:\/\/gemeindebuechereikastl.de\/index.php?rest_route=\/wp\/v2\/types\/post"}],"author":[{"embeddable":true,"href":"https:\/\/gemeindebuechereikastl.de\/index.php?rest_route=\/wp\/v2\/users\/1"}],"replies":[{"embeddable":true,"href":"https:\/\/gemeindebuechereikastl.de\/index.php?rest_route=%2Fwp%2Fv2%2Fcomments&post=2048"}],"version-history":[{"count":11,"href":"https:\/\/gemeindebuechereikastl.de\/index.php?rest_route=\/wp\/v2\/posts\/2048\/revisions"}],"predecessor-version":[{"id":2061,"href":"https:\/\/gemeindebuechereikastl.de\/index.php?rest_route=\/wp\/v2\/posts\/2048\/revisions\/2061"}],"wp:featuredmedia":[{"embeddable":true,"href":"https:\/\/gemeindebuechereikastl.de\/index.php?rest_route=\/wp\/v2\/media\/2050"}],"wp:attachment":[{"href":"https:\/\/gemeindebuechereikastl.de\/index.php?rest_route=%2Fwp%2Fv2%2Fmedia&parent=2048"}],"wp:term":[{"taxonomy":"category","embeddable":true,"href":"https:\/\/gemeindebuechereikastl.de\/index.php?rest_route=%2Fwp%2Fv2%2Fcategories&post=2048"},{"taxonomy":"post_tag","embeddable":true,"href":"https:\/\/gemeindebuechereikastl.de\/index.php?rest_route=%2Fwp%2Fv2%2Ftags&post=2048"}],"curies":[{"name":"wp","href":"https:\/\/api.w.org\/{rel}","templated":true}]}}